{"id":103962,"date":"2025-09-12T13:30:11","date_gmt":"2025-09-12T13:30:11","guid":{"rendered":"https:\/\/www.europesays.com\/it\/103962\/"},"modified":"2025-09-12T13:30:11","modified_gmt":"2025-09-12T13:30:11","slug":"juve-inter-chivu-la-squadra-ha-certezze-non-sono-qui-per-stravolgere-tutto-video","status":"publish","type":"post","link":"https:\/\/www.europesays.com\/it\/103962\/","title":{"rendered":"Juve Inter, Chivu: &#8216;La squadra ha certezze, non sono qui per stravolgere tutto&#8217;. Video"},"content":{"rendered":"<p>Termina qui la conferenza stampa di <strong>Cristian Chivu<\/strong>&#8220;,&#8221;postId&#8221;:&#8221;acacbd26-2d15-4670-a1de-a1ddf65d5395&#8243;,&#8221;postLink&#8221;:{&#8220;title&#8221;:&#8221;&#8221;,&#8221;url&#8221;:&#8221;&#8221;,&#8221;imageSrc&#8221;:&#8221;&#8221;}},{&#8220;timestamp&#8221;:&#8221;2025-09-12T11:54:42.964Z&#8221;,&#8221;timestampUtcIt&#8221;:&#8221;2025-09-12T13:54:42+0200&#8243;,&#8221;altBackground&#8221;:false,&#8221;content&#8221;:&#8221;<\/p>\n<p><strong>Che valutazioni sta facendo su chi giocher\u00e0 tra Akanji e Bisseck?<\/strong><\/p>\n<p>\\n<\/p>\n<p>\\&#8221;La gestione del gruppo \u00e8 la cosa pi\u00f9 difficile per un allenatore perch\u00e9 devi tenere tutti motivati. C&#8217;\u00e8 bisogno di energia e di gestione individuale della formazione. Penso sia molto facile criticare come accaduto nel caso di Bisseck: se al primo errore gli si tirano sassi, non riuscirai mai a dargli l&#8217;autostima di cui ha bisogno in carriera. Ricordiamoci che \u00e8 giovane e commetter\u00e0 errori anche in futuro. Noi abbiamo bisogno di lui, ci aspettano tante partite e anche lui era stato fermo per infortunio come Calhanoglu\\&#8221;<\/p>\n<p>&#8220;,&#8221;postId&#8221;:&#8221;7c993457-d2dc-43a3-a7d2-48739c046bce&#8221;,&#8221;postLink&#8221;:{&#8220;title&#8221;:&#8221;&#8221;,&#8221;url&#8221;:&#8221;&#8221;,&#8221;imageSrc&#8221;:&#8221;&#8221;}},{&#8220;timestamp&#8221;:&#8221;2025-09-12T11:52:04.284Z&#8221;,&#8221;timestampUtcIt&#8221;:&#8221;2025-09-12T13:52:04+0200&#8243;,&#8221;altBackground&#8221;:false,&#8221;content&#8221;:&#8221;<\/p>\n<p><strong>Dopo il mercato ha la squadra che pu\u00f2 giocare il calcio che aveva in mente?<\/strong><\/p>\n<p>\\n<\/p>\n<p>\\&#8221;I miei giocatori sono i migliori e sono felicissimo di lavorare con loro. Ho anche dei giovanissimi che portano energia e alzano il livello dell&#8217;allenamento e della squadra\\&#8221;<\/p>\n<p>&#8220;,&#8221;postId&#8221;:&#8221;c472d9fb-fab8-4367-bb6b-cdab7f34f567&#8243;,&#8221;postLink&#8221;:{&#8220;title&#8221;:&#8221;&#8221;,&#8221;url&#8221;:&#8221;&#8221;,&#8221;imageSrc&#8221;:&#8221;&#8221;}},{&#8220;timestamp&#8221;:&#8221;2025-09-12T11:50:54.893Z&#8221;,&#8221;timestampUtcIt&#8221;:&#8221;2025-09-12T13:50:54+0200&#8243;,&#8221;altBackground&#8221;:false,&#8221;content&#8221;:&#8221;<\/p>\n<p><strong>Capello dice che il problema dell&#8217;Inter attualmente \u00e8 Calhanoglu per come si muove in campo. Cosa ne pensi?<\/strong><\/p>\n<p>\\n<\/p>\n<p>\\&#8221;Quello che ho visto nelle ultime 4 settimane, nel suo caso, \u00e8 un ragazzo sempre motivato nonostante fosse stato fermo oltre 2 mesi. E non ha avuto un&#8217;estate abbastanza serena. Ha scelto di rimanere qua ed \u00e8 pronto a darci una mano\\&#8221;<\/p>\n<p>&#8220;,&#8221;postId&#8221;:&#8221;6dfeb720-6b01-41c9-9c33-81b3987880bf&#8221;,&#8221;postLink&#8221;:{&#8220;title&#8221;:&#8221;&#8221;,&#8221;url&#8221;:&#8221;&#8221;,&#8221;imageSrc&#8221;:&#8221;&#8221;}},{&#8220;timestamp&#8221;:&#8221;2025-09-12T11:49:35.921Z&#8221;,&#8221;timestampUtcIt&#8221;:&#8221;2025-09-12T13:49:35+0200&#8243;,&#8221;altBackground&#8221;:false,&#8221;content&#8221;:&#8221;<\/p>\n<p><strong>Quanto ti emozionerai domani? E dormivi meglio prima della vigilia da calciatore o da allenatore?<\/strong><\/p>\n<p>\\n<\/p>\n<p>\\&#8221;Io la vivo serenamente perch\u00e9 non mi piace sprecare energie. Lo facevo anche da giocatore con la giusta preparazione mentale e fisica. Se iniziassi a vedere fantasmi fuori dalla realt\u00e0, farei dei danni. I miei compagni avevano fiducia in me: sono cose fondamentali che cerco di trasmettere anche ai miei giocatori\\&#8221;<\/p>\n<p>&#8220;,&#8221;postId&#8221;:&#8221;920dc86c-4832-4004-80de-925a2f31b7d9&#8243;,&#8221;postLink&#8221;:{&#8220;title&#8221;:&#8221;&#8221;,&#8221;url&#8221;:&#8221;&#8221;,&#8221;imageSrc&#8221;:&#8221;&#8221;}},{&#8220;timestamp&#8221;:&#8221;2025-09-12T11:46:23.932Z&#8221;,&#8221;timestampUtcIt&#8221;:&#8221;2025-09-12T13:46:23+0200&#8243;,&#8221;altBackground&#8221;:false,&#8221;content&#8221;:&#8221;<\/p>\n<p><strong>A che punto \u00e8 il processo sulla fiducia della squadra?<\/strong><\/p>\n<p>\\n<\/p>\n<p>\\&#8221;Penso sia sempre in corso, \u00e8 un processo continuo che dura tutta la stagione. Serve trovare stimoli tutti i giorni e questo vale anche per noi dello staff\\&#8221;<\/p>\n<p>&#8220;,&#8221;postId&#8221;:&#8221;418015d2-d97d-4227-a459-e1f6a6ea8113&#8243;,&#8221;postLink&#8221;:{&#8220;title&#8221;:&#8221;&#8221;,&#8221;url&#8221;:&#8221;&#8221;,&#8221;imageSrc&#8221;:&#8221;&#8221;}},{&#8220;timestamp&#8221;:&#8221;2025-09-12T11:44:30.973Z&#8221;,&#8221;timestampUtcIt&#8221;:&#8221;2025-09-12T13:44:30+0200&#8243;,&#8221;altBackground&#8221;:false,&#8221;content&#8221;:&#8221;<\/p>\n<p><strong>Quando vorr\u00e0 rivedere del suo Parma che pareggi\u00f2 con la Juve l&#8217;anno scorso?<\/strong><\/p>\n<p>\\n<\/p>\n<p>\\&#8221;Se non guardo il passato non dovrei fare paragoni&#8230; Si parla di realt\u00e0 e gruppi diversi tra Parma e Inter, ma anche Tudor era appena arrivato alla Juve. E poi aveva raggiunto l&#8217;obiettivo della qualificazione in Champions. Oggi la sua Juventus ha un&#8217;identit\u00e0 e ha fatto un mercato buono per quello che sono le idee dell&#8217;allenatore. E poi \u00e8 tornato Bremer. Non dovremo avere pressioni extra che possono condizionare lucidit\u00e0 e prestazione. Mi affido a ci\u00f2 che sappiamo fare e all&#8217;orgoglio dei miei giocatori\\&#8221;<\/p>\n<p>&#8220;,&#8221;postId&#8221;:&#8221;41c4cae9-3a35-4e13-9094-af711e864ee9&#8243;,&#8221;postLink&#8221;:{&#8220;title&#8221;:&#8221;&#8221;,&#8221;url&#8221;:&#8221;&#8221;,&#8221;imageSrc&#8221;:&#8221;&#8221;}},{&#8220;timestamp&#8221;:&#8221;2025-09-12T11:42:11.485Z&#8221;,&#8221;timestampUtcIt&#8221;:&#8221;2025-09-12T13:42:11+0200&#8243;,&#8221;altBackground&#8221;:false,&#8221;content&#8221;:&#8221;<\/p>\n<p><strong>Vista la difficolt\u00e0 della partita, sar\u00e0 possibile vedere un atteggiamento tattico pi\u00f9 conservativo?<\/strong><\/p>\n<p>\\n<\/p>\n<p>\\&#8221;Noi abbiamo un&#8217;identit\u00e0, poi ci sono i momenti della partita da capire. E bisogna trovare soluzioni per reggere l&#8217;impatto di ci\u00f2 che pu\u00f2 accadere. Noi andiamo per fare la partita e cercare di essere dominanti mettendo in difficolt\u00e0 l&#8217;avversario. Solo cos\u00ec si ottengono risultati\\&#8221;<\/p>\n<p>&#8220;,&#8221;postId&#8221;:&#8221;d96ea5d9-d176-4d47-b6b5-9141074175f9&#8243;,&#8221;postLink&#8221;:{&#8220;title&#8221;:&#8221;&#8221;,&#8221;url&#8221;:&#8221;&#8221;,&#8221;imageSrc&#8221;:&#8221;&#8221;}},{&#8220;timestamp&#8221;:&#8221;2025-09-12T11:39:46.455Z&#8221;,&#8221;timestampUtcIt&#8221;:&#8221;2025-09-12T13:39:46+0200&#8243;,&#8221;altBackground&#8221;:false,&#8221;content&#8221;:&#8221;<\/p>\n<p><strong>Cosa ti aspetti dalla tua nuova Inter?<\/strong><\/p>\n<p>\\n<\/p>\n<p>\\&#8221;Siamo consapevoli della natura di una stagione. Le partite puoi vincerle o perderle, ma il campionato \u00e8 una maratona con 38 giornate. E non guardo mai al passato, perch\u00e9 si migliora col domani. Siamo consapevoli dell&#8217;importanza della partita con la Juve, ma questo non cambia il nostro valore nell&#8217;arco della stagione. E bisogna accettare quando le cose non girano, sciacquarsi la faccia e rimboccarsi le maniche perch\u00e9 c&#8217;\u00e8 solo una via per uscirne: imparare dalle sconfitte e andare avanti con coraggio e mentalit\u00e0. Solo cos\u00ec si capisce l&#8217;importanza di una squadra che insegue obiettivi\\&#8221;<\/p>\n<p>&#8220;,&#8221;postId&#8221;:&#8221;fb707b60-b1bf-4902-8e37-850b4b036d29&#8243;,&#8221;postLink&#8221;:{&#8220;title&#8221;:&#8221;&#8221;,&#8221;url&#8221;:&#8221;&#8221;,&#8221;imageSrc&#8221;:&#8221;&#8221;}},{&#8220;timestamp&#8221;:&#8221;2025-09-12T11:37:42.245Z&#8221;,&#8221;timestampUtcIt&#8221;:&#8221;2025-09-12T13:37:42+0200&#8243;,&#8221;altBackground&#8221;:false,&#8221;content&#8221;:&#8221;<\/p>\n<p><strong>Akanji \u00e8 gi\u00e0 pronto per giocare? E ci racconta quella operazione di mercato con Pavard?<\/strong><\/p>\n<p>\\n<\/p>\n<p>\\&#8221;Non credo sia importante come sia arrivato, ma che sia stato fatto. Manuel \u00e8 un giocatore importante: doveva gi\u00e0 venire all&#8217;Inter prima di andare al City. Ha valore e spessore internazionale. Sono contento dei giocatori che ho a disposizione\\&#8221;<\/p>\n<p>&#8220;,&#8221;postId&#8221;:&#8221;49ec1bff-90ac-4818-bb51-9bb4a370c258&#8243;,&#8221;postLink&#8221;:{&#8220;title&#8221;:&#8221;&#8221;,&#8221;url&#8221;:&#8221;&#8221;,&#8221;imageSrc&#8221;:&#8221;&#8221;}},{&#8220;timestamp&#8221;:&#8221;2025-09-12T11:35:58.003Z&#8221;,&#8221;timestampUtcIt&#8221;:&#8221;2025-09-12T13:35:58+0200&#8243;,&#8221;altBackground&#8221;:false,&#8221;content&#8221;:&#8221;<\/p>\n<p><strong>Hai lavorato sui difetti della squadra? E questa partita deve darti risposte?<\/strong><\/p>\n<p>\\n<\/p>\n<p>\\&#8221;Non avevo parlato di difettucci, ma di certezze che questa squadra sa fare. Devo essere coerente e avere l&#8217;intelligenza giusta nel capire cosa pu\u00f2 fare questa squadra senza perdere le certezze. Non sono qua per stravolgere tutto, non \u00e8 possibile. E l&#8217;Inter \u00e8 da anni ai vertici in Italia e in Europa. Devo solo aggiungere qualcosina affinch\u00e9 il gruppo trovi fiducia e passione\\&#8221;<\/p>\n<p>&#8220;,&#8221;postId&#8221;:&#8221;332ca04b-b1e6-4b73-aac2-30e794181944&#8243;,&#8221;postLink&#8221;:{&#8220;title&#8221;:&#8221;&#8221;,&#8221;url&#8221;:&#8221;&#8221;,&#8221;imageSrc&#8221;:&#8221;&#8221;}},{&#8220;timestamp&#8221;:&#8221;2025-09-12T11:34:06.207Z&#8221;,&#8221;timestampUtcIt&#8221;:&#8221;2025-09-12T13:34:06+0200&#8243;,&#8221;altBackground&#8221;:false,&#8221;content&#8221;:&#8221;<\/p>\n<p><strong>Tudor ha detto che questa partita vale pi\u00f9 dei tre punti&#8230;<\/strong><\/p>\n<p>\\n<\/p>\n<p>\\&#8221;Siamo ancora alla 3^ giornata, prima o poi si affrontano partite come questa. Non bisogna caricarla pi\u00f9 di tanto: entrambe le squadre conoscono l&#8217;importanza di Juve-Inter. Serve l&#8217;energia e la mentalit\u00e0 giusta per capire i momenti della partita\\&#8221;<\/p>\n<p>&#8220;,&#8221;postId&#8221;:&#8221;2783c803-907d-4799-b18a-35942dc1c58e&#8221;,&#8221;postLink&#8221;:{&#8220;title&#8221;:&#8221;&#8221;,&#8221;url&#8221;:&#8221;&#8221;,&#8221;imageSrc&#8221;:&#8221;&#8221;}},{&#8220;timestamp&#8221;:&#8221;2025-09-12T11:33:08.588Z&#8221;,&#8221;timestampUtcIt&#8221;:&#8221;2025-09-12T13:33:08+0200&#8243;,&#8221;altBackground&#8221;:false,&#8221;content&#8221;:&#8221;<\/p>\n<p><strong>Come arriva la squadra al derby d&#8217;Italia?<\/strong><\/p>\n<p>\\n<\/p>\n<p>\\&#8221;La squadra ha lavorato bene, qualcuno \u00e8 stato in Nazionale che d\u00e0 sempre qualcosa dal punto di vista mentale. Oggi \u00e8 il primo giorno col gruppo al completo: abbiamo lavorato mano a mano con chi tornava, ma stanno tutti bene e sono pronti a giocare questa partita\\&#8221;<\/p>\n<p>&#8220;,&#8221;postId&#8221;:&#8221;cf9f9d97-f523-4d54-8c27-477ede0f2949&#8243;,&#8221;postLink&#8221;:{&#8220;title&#8221;:&#8221;&#8221;,&#8221;url&#8221;:&#8221;&#8221;,&#8221;imageSrc&#8221;:&#8221;&#8221;}},{&#8220;timestamp&#8221;:&#8221;2025-09-12T11:27:00.415Z&#8221;,&#8221;timestampUtcIt&#8221;:&#8221;2025-09-12T13:27:00+0200&#8243;,&#8221;altBackground&#8221;:false,&#8221;content&#8221;:&#8221;<\/p>\n<p>Tra pochi istanti avr\u00e0 inizio la conferenza stampa di <strong>Cristian Chivu<\/strong><\/p>\n<p>&#8220;,&#8221;postId&#8221;:&#8221;07ffbe96-4bd3-4556-818c-e914016bd4c5&#8243;,&#8221;postLink&#8221;:{&#8220;title&#8221;:&#8221;&#8221;,&#8221;url&#8221;:&#8221;&#8221;,&#8221;imageSrc&#8221;:&#8221;&#8221;}},{&#8220;timestamp&#8221;:&#8221;2025-09-12T11:25:00.265Z&#8221;,&#8221;timestampUtcIt&#8221;:&#8221;2025-09-12T13:25:00+0200&#8243;,&#8221;altBackground&#8221;:false,&#8221;title&#8221;:&#8221;Il calendario delle big fino alla prossima sosta&#8221;,&#8221;content&#8221;:&#8221;<\/p>\n<p><strong>Campionato e coppe<\/strong>: tutti gli impegni fino a ottobre<\/p>\n<p>&#8220;,&#8221;postId&#8221;:&#8221;d54a9937-d749-43e8-9835-38f31abf34c5&#8243;,&#8221;postLink&#8221;:{&#8220;title&#8221;:&#8221;Il calendario delle big fino alla prossima sosta&#8221;,&#8221;url&#8221;:&#8221;https:\/\/sport.sky.it\/calcio\/serie-a\/2025\/09\/11\/calendario-serie-a-coppe-squadre-big&#8221;,&#8221;imageSrc&#8221;:&#8221;https:\/\/static.sky.it\/editorialimages\/ba491a68add00133e81e55b206aafaa400180556\/skysport\/it\/calcio\/giocatori-ritirati-2025\/pallone_serie_a_og.jpg?im=Resize,width=1218&#8243;}},{&#8220;timestamp&#8221;:&#8221;2025-09-12T11:20:00.699Z&#8221;,&#8221;timestampUtcIt&#8221;:&#8221;2025-09-12T13:20:00+0200&#8243;,&#8221;altBackground&#8221;:false,&#8221;title&#8221;:&#8221;Le probabili formazioni di Juve-Inter&#8221;,&#8221;postId&#8221;:&#8221;01ef9002-192b-48c0-ad0f-18a1c6873083&#8243;,&#8221;postLink&#8221;:{&#8220;title&#8221;:&#8221;Le probabili formazioni di Juventus-Inter&#8221;,&#8221;url&#8221;:&#8221;https:\/\/sport.sky.it\/calcio\/serie-a\/2025\/09\/11\/juventus-inter-probabili-formazioni-3-giornata&#8221;,&#8221;imageSrc&#8221;:&#8221;https:\/\/static.sky.it\/editorialimages\/0510d32d8ee5479b838d069d7adf8631196a6a7e\/skysport\/it\/calcio\/serie-a\/juventus-plusvalenze-inchiesta-prisma\/og_juventus_stadio_ipa.jpg?im=Resize,width=1218&#8243;}},{&#8220;timestamp&#8221;:&#8221;2025-09-12T11:18:00.251Z&#8221;,&#8221;timestampUtcIt&#8221;:&#8221;2025-09-12T13:18:00+0200&#8243;,&#8221;video&#8221;:{&#8220;videoId&#8221;:&#8221;1035115&#8243;,&#8221;videoPageUrl&#8221;:&#8221;https:\/\/video.sky.it\/sport\/calcio\/serie-a\/video\/juventus-inter-carlos-augusto-intervista-1035115&#8243;},&#8221;altBackground&#8221;:true,&#8221;title&#8221;:&#8221;Carlos Augusto: \\&#8221;Faremo una grande partita contro la Juve\\&#8221;&#8221;,&#8221;postId&#8221;:&#8221;7c426d61-3d2a-4cd7-8f6c-0fc8df1d135e&#8221;,&#8221;postLink&#8221;:{&#8220;title&#8221;:&#8221;&#8221;,&#8221;url&#8221;:&#8221;&#8221;,&#8221;imageSrc&#8221;:&#8221;&#8221;}},{&#8220;timestamp&#8221;:&#8221;2025-09-12T11:15:00.305Z&#8221;,&#8221;timestampUtcIt&#8221;:&#8221;2025-09-12T13:15:00+0200&#8243;,&#8221;altBackground&#8221;:false,&#8221;title&#8221;:&#8221;Juve-Inter dopo la sosta: il bilancio dei nazionali&#8221;,&#8221;content&#8221;:&#8221;<\/p>\n<p><strong>In quali condizioni sono tornati <\/strong>tutti i giocatori impegnati in giro per il mondo?<\/p>\n<p>&#8220;,&#8221;postId&#8221;:&#8221;82f29b79-8be4-40b9-8223-add87c61c9f0&#8243;,&#8221;postLink&#8221;:{&#8220;title&#8221;:&#8221;Verso Juve-Inter: come stanno i giocatori dopo gli impegni delle nazionali&#8221;,&#8221;url&#8221;:&#8221;https:\/\/sport.sky.it\/calcio\/serie-a\/2025\/09\/09\/juve-inter-giocatori-nazionali&#8221;,&#8221;imageSrc&#8221;:&#8221;https:\/\/static.sky.it\/editorialimages\/7685715bff816a5ed2a7eda4e50e4a35e41046d7\/skysport\/it\/calcio\/serie-a\/2025\/09\/09\/juve-inter-giocatori-nazionali\/ansa_chivu_tudor_parma_juventus_og_02.jpg?im=Resize,width=1218&#8243;}},{&#8220;timestamp&#8221;:&#8221;2025-09-12T11:10:00.889Z&#8221;,&#8221;timestampUtcIt&#8221;:&#8221;2025-09-12T13:10:00+0200&#8243;,&#8221;altBackground&#8221;:false,&#8221;title&#8221;:&#8221;Cosa \u00e8 cambiato dall&#8217;ultimo Juve-Inter&#8221;,&#8221;content&#8221;:&#8221;<\/p>\n<p><strong>Era il febbraio 2025 con altri due allenatori in panchina<\/strong>, ma le differenze non finiscono solo in campo<\/p>\n<p>&#8220;,&#8221;postId&#8221;:&#8221;91044156-f563-4238-904b-01e29a51ab7e&#8221;,&#8221;postLink&#8221;:{&#8220;title&#8221;:&#8221;Cosa \u00e8 cambiato dall&#8217;ultimo Juventus-Inter di 209 giorni fa&#8221;,&#8221;url&#8221;:&#8221;https:\/\/sport.sky.it\/calcio\/serie-a\/2025\/09\/12\/juventus-inter-calciomercato-estate-cosa-e-cambiato&#8221;,&#8221;imageSrc&#8221;:&#8221;https:\/\/static.sky.it\/editorialimages\/7685715bff816a5ed2a7eda4e50e4a35e41046d7\/skysport\/it\/calcio\/serie-a\/2025\/09\/09\/juve-inter-giocatori-nazionali\/ansa_chivu_tudor_parma_juventus_og_02.jpg?im=Resize,width=1218&#8243;}},{&#8220;timestamp&#8221;:&#8221;2025-09-12T11:05:00.409Z&#8221;,&#8221;timestampUtcIt&#8221;:&#8221;2025-09-12T13:05:00+0200&#8243;,&#8221;altBackground&#8221;:false,&#8221;title&#8221;:&#8221;Il derby delle maglie&#8221;,&#8221;content&#8221;:&#8221;<\/p>\n<p>\u00c8 gi\u00e0 clima da derby d&#8217;Italia da qualche giorno:<strong> sia Juventus che Inter hanno presentato la terza maglia<\/strong> della stagione 2025\/26<\/p>\n<p>&#8220;,&#8221;postId&#8221;:&#8221;4f6d8de0-bbcf-43bc-b9a7-7655b98df81e&#8221;,&#8221;postLink&#8221;:{&#8220;title&#8221;:&#8221;Tutte le maglie della Serie A 2025-2026&#8243;,&#8221;url&#8221;:&#8221;https:\/\/sport.sky.it\/calcio\/serie-a\/maglie-serie-a-2025-2026&#8243;,&#8221;imageSrc&#8221;:&#8221;https:\/\/static.sky.it\/editorialimages\/39530321792c4f2ca838a32408ff0de19a1b29f5\/skysport\/it\/calcio\/serie-a\/maglie-serie-a-2025-2026\/og_serie_a_2025_2026_maglie.jpg?im=Resize,width=1218&#8243;}},{&#8220;timestamp&#8221;:&#8221;2025-09-12T11:02:00.121Z&#8221;,&#8221;timestampUtcIt&#8221;:&#8221;2025-09-12T13:02:00+0200&#8243;,&#8221;altBackground&#8221;:false,&#8221;title&#8221;:&#8221;Akanji: \\&#8221;Mi ispiro a Thiago Silva\\&#8221;&#8221;,&#8221;content&#8221;:&#8221;<\/p>\n<p>E il curioso aneddoto sulla maglia di Bobo Vieri<\/p>\n<p>&#8220;,&#8221;postId&#8221;:&#8221;c3496d82-a21f-4cb3-91a9-651692f31df4&#8243;,&#8221;postLink&#8221;:{&#8220;title&#8221;:&#8221;Inter, Akanji: &#8216;Mi ispiro a Thiago\u00a0Silva&#8217;&#8221;,&#8221;url&#8221;:&#8221;https:\/\/sport.sky.it\/calcio\/serie-a\/2025\/09\/12\/inter-akanji-intervista&#8221;,&#8221;imageSrc&#8221;:&#8221;https:\/\/static.sky.it\/editorialimages\/14f7aebd596dd7f56ba784956400fe36d6babf76\/skysport\/it\/calcio\/calciomercato\/2025\/09\/02\/inter-akanji-intervista-news\/inter_akanji_screen.jpg?im=Resize,width=1218&#8243;}},{&#8220;timestamp&#8221;:&#8221;2025-09-12T11:00:00.737Z&#8221;,&#8221;timestampUtcIt&#8221;:&#8221;2025-09-12T13:00:00+0200&#8243;,&#8221;video&#8221;:{&#8220;videoId&#8221;:&#8221;1035173&#8243;,&#8221;videoPageUrl&#8221;:&#8221;https:\/\/video.sky.it\/sport\/calcio\/serie-a\/video\/juventus-zeghrova-openda-ultime-news-1035173&#8243;},&#8221;altBackground&#8221;:true,&#8221;title&#8221;:&#8221;Le ultime sulla Juve&#8221;,&#8221;content&#8221;:&#8221;<\/p>\n<p>Anche nella giornata di ieri, gioved\u00ec 11 settembre,\u00a0<strong>Francisco Concei\u00e7ao ha svolto lavoro personalizzato<\/strong>. Il portoghese della Juventus \u00e8 alle prese con un<strong>\u00a0\\&#8221;fastidio muscolare\\&#8221;<\/strong>\u00a0e la sua presenza per la sfida contro l&#8217;Inter \u00e8 al momento a rischio<\/p>\n<p>&#8220;,&#8221;postId&#8221;:&#8221;d048f19a-d0a4-45dd-be43-78000397de89&#8243;,&#8221;postLink&#8221;:{&#8220;title&#8221;:&#8221;&#8221;,&#8221;url&#8221;:&#8221;&#8221;,&#8221;imageSrc&#8221;:&#8221;&#8221;}},{&#8220;timestamp&#8221;:&#8221;2025-09-12T10:55:00.273Z&#8221;,&#8221;timestampUtcIt&#8221;:&#8221;2025-09-12T12:55:00+0200&#8243;,&#8221;video&#8221;:{&#8220;videoId&#8221;:&#8221;1035256&#8243;,&#8221;videoPageUrl&#8221;:&#8221;https:\/\/video.sky.it\/sport\/calcio\/serie-a\/video\/juventus-inter-akanji-news-1035256&#8243;},&#8221;altBackground&#8221;:true,&#8221;title&#8221;:&#8221;Le ultime sull&#8217;Inter&#8221;,&#8221;content&#8221;:&#8221;<\/p>\n<p>Dopo gli impegni con l\u2019Argentina, <strong>Lautaro \u00e8 rientrato ad Appiano e ha svolto una seduta di scarico personalizzata<\/strong>: si aggregher\u00e0 al gruppo nella giornata di oggi. <strong>In difesa, Chivu potrebbe affidarsi ad Akanji<\/strong>, arrivato l&#8217;ultimo giorno della sessione estiva di mercato, al fianco di Acerbi e Bastoni. Dubbi, invece, sul centrocampo, per\u00a0capire chi rimarr\u00e0 fuori con Calhanoglu, Barella e Mkhitaryan che sembrano in vantaggio su Sucic<\/p>\n<p>&#8220;,&#8221;postId&#8221;:&#8221;36685883-0b3e-4edc-8698-066b827daa9f&#8221;,&#8221;postLink&#8221;:{&#8220;title&#8221;:&#8221;&#8221;,&#8221;url&#8221;:&#8221;&#8221;,&#8221;imageSrc&#8221;:&#8221;&#8221;}},{&#8220;timestamp&#8221;:&#8221;2025-09-12T10:50:00.401Z&#8221;,&#8221;timestampUtcIt&#8221;:&#8221;2025-09-12T12:50:00+0200&#8243;,&#8221;image&#8221;:{&#8220;imgSrc&#8221;:&#8221;https:\/\/www.europesays.com\/it\/wp-content\/uploads\/2025\/09\/tudor_chivu_conferenze_juventus_inter.jpg&#8221;,&#8221;imgAlt&#8221;:&#8221;Juventus, Inter&#8221;,&#8221;imgCredits&#8221;:null,&#8221;imgCaption&#8221;:null},&#8221;altBackground&#8221;:true,&#8221;content&#8221;:&#8221;<\/p>\n<p>Giornata di vigilia in casa <strong>Inter<\/strong>, che attende il derby d&#8217;Italia di sabato alle 18 sul campo della <strong>Juventus<\/strong>. Un big match introdotto in <strong>conferenza stampa alle 13.30 da Cristian Chivu<\/strong><\/p>\n<p>&#8220;,&#8221;postId&#8221;:&#8221;76a24968-6b37-44cf-a576-71b7c6544d90&#8243;,&#8221;postLink&#8221;:{&#8220;title&#8221;:&#8221;&#8221;,&#8221;url&#8221;:&#8221;&#8221;,&#8221;imageSrc&#8221;:&#8221;&#8221;}}]}&#8221;<br \/>\n          query='{&#8220;configurationName&#8221;:&#8221;LIVEBLOG_CONTAINER_WIDGET&#8221;,&#8221;liveblogId&#8221;:&#8221;dfc85815-d4b9-40e1-b130-437f95ea6b45&#8243;,&#8221;tenant&#8221;:&#8221;sport&#8221;,&#8221;limit&#8221;:800}&#8217;<br \/>\n          config='{&#8220;live&#8221;:true,&#8221;isWebView&#8221;:false,&#8221;postsPerPageMobile&#8221;:10,&#8221;postsPerPageDesktop&#8221;:10}&#8217;<br \/>\n        &gt;<\/p>\n<p>47 minuti fa<\/p>\n<p>Chivu: &#8220;Bisogna avere serenit\u00e0 e l&#8217;energia giusta&#8221;<\/p>\n<p>48 minuti fa<\/p>\n<p>Termina qui la conferenza stampa di <strong>Cristian Chivu<\/strong><\/p>\n<p>48 minuti fa<\/p>\n<p><strong>Che valutazioni sta facendo su chi giocher\u00e0 tra Akanji e Bisseck?<\/strong><\/p>\n<p>&#8220;La gestione del gruppo \u00e8 la cosa pi\u00f9 difficile per un allenatore perch\u00e9 devi tenere tutti motivati. C&#8217;\u00e8 bisogno di energia e di gestione individuale della formazione. Penso sia molto facile criticare come accaduto nel caso di Bisseck: se al primo errore gli si tirano sassi, non riuscirai mai a dargli l&#8217;autostima di cui ha bisogno in carriera. Ricordiamoci che \u00e8 giovane e commetter\u00e0 errori anche in futuro. Noi abbiamo bisogno di lui, ci aspettano tante partite e anche lui era stato fermo per infortunio come Calhanoglu&#8221;<\/p>\n<p>Leggi di pi\u00f9 <\/p>\n<p>51 minuti fa<\/p>\n<p><strong>Dopo il mercato ha la squadra che pu\u00f2 giocare il calcio che aveva in mente?<\/strong><\/p>\n<p>&#8220;I miei giocatori sono i migliori e sono felicissimo di lavorare con loro. Ho anche dei giovanissimi che portano energia e alzano il livello dell&#8217;allenamento e della squadra&#8221;<\/p>\n<p>52 minuti fa<\/p>\n<p><strong>Capello dice che il problema dell&#8217;Inter attualmente \u00e8 Calhanoglu per come si muove in campo. Cosa ne pensi?<\/strong><\/p>\n<p>&#8220;Quello che ho visto nelle ultime 4 settimane, nel suo caso, \u00e8 un ragazzo sempre motivato nonostante fosse stato fermo oltre 2 mesi. E non ha avuto un&#8217;estate abbastanza serena. Ha scelto di rimanere qua ed \u00e8 pronto a darci una mano&#8221;<\/p>\n<p>53 minuti fa<\/p>\n<p><strong>Quanto ti emozionerai domani? E dormivi meglio prima della vigilia da calciatore o da allenatore?<\/strong><\/p>\n<p>&#8220;Io la vivo serenamente perch\u00e9 non mi piace sprecare energie. Lo facevo anche da giocatore con la giusta preparazione mentale e fisica. Se iniziassi a vedere fantasmi fuori dalla realt\u00e0, farei dei danni. I miei compagni avevano fiducia in me: sono cose fondamentali che cerco di trasmettere anche ai miei giocatori&#8221;<\/p>\n<p>56 minuti fa<\/p>\n<p><strong>A che punto \u00e8 il processo sulla fiducia della squadra?<\/strong><\/p>\n<p>&#8220;Penso sia sempre in corso, \u00e8 un processo continuo che dura tutta la stagione. Serve trovare stimoli tutti i giorni e questo vale anche per noi dello staff&#8221;<\/p>\n<p>58 minuti fa<\/p>\n<p><strong>Quando vorr\u00e0 rivedere del suo Parma che pareggi\u00f2 con la Juve l&#8217;anno scorso?<\/strong><\/p>\n<p>&#8220;Se non guardo il passato non dovrei fare paragoni&#8230; Si parla di realt\u00e0 e gruppi diversi tra Parma e Inter, ma anche Tudor era appena arrivato alla Juve. E poi aveva raggiunto l&#8217;obiettivo della qualificazione in Champions. Oggi la sua Juventus ha un&#8217;identit\u00e0 e ha fatto un mercato buono per quello che sono le idee dell&#8217;allenatore. E poi \u00e8 tornato Bremer. Non dovremo avere pressioni extra che possono condizionare lucidit\u00e0 e prestazione. Mi affido a ci\u00f2 che sappiamo fare e all&#8217;orgoglio dei miei giocatori&#8221;<\/p>\n<p>Leggi di pi\u00f9 <\/p>\n<p>13:42<\/p>\n<p><strong>Vista la difficolt\u00e0 della partita, sar\u00e0 possibile vedere un atteggiamento tattico pi\u00f9 conservativo?<\/strong><\/p>\n<p>&#8220;Noi abbiamo un&#8217;identit\u00e0, poi ci sono i momenti della partita da capire. E bisogna trovare soluzioni per reggere l&#8217;impatto di ci\u00f2 che pu\u00f2 accadere. Noi andiamo per fare la partita e cercare di essere dominanti mettendo in difficolt\u00e0 l&#8217;avversario. Solo cos\u00ec si ottengono risultati&#8221;<\/p>\n<p>13:39<\/p>\n<p><strong>Cosa ti aspetti dalla tua nuova Inter?<\/strong><\/p>\n<p>&#8220;Siamo consapevoli della natura di una stagione. Le partite puoi vincerle o perderle, ma il campionato \u00e8 una maratona con 38 giornate. E non guardo mai al passato, perch\u00e9 si migliora col domani. Siamo consapevoli dell&#8217;importanza della partita con la Juve, ma questo non cambia il nostro valore nell&#8217;arco della stagione. E bisogna accettare quando le cose non girano, sciacquarsi la faccia e rimboccarsi le maniche perch\u00e9 c&#8217;\u00e8 solo una via per uscirne: imparare dalle sconfitte e andare avanti con coraggio e mentalit\u00e0. Solo cos\u00ec si capisce l&#8217;importanza di una squadra che insegue obiettivi&#8221;<\/p>\n<p>Leggi di pi\u00f9 <\/p>\n<p>13:37<\/p>\n<p><strong>Akanji \u00e8 gi\u00e0 pronto per giocare? E ci racconta quella operazione di mercato con Pavard?<\/strong><\/p>\n<p>&#8220;Non credo sia importante come sia arrivato, ma che sia stato fatto. Manuel \u00e8 un giocatore importante: doveva gi\u00e0 venire all&#8217;Inter prima di andare al City. Ha valore e spessore internazionale. Sono contento dei giocatori che ho a disposizione&#8221;<\/p>\n<p>13:35<\/p>\n<p><strong>Hai lavorato sui difetti della squadra? E questa partita deve darti risposte?<\/strong><\/p>\n<p>&#8220;Non avevo parlato di difettucci, ma di certezze che questa squadra sa fare. Devo essere coerente e avere l&#8217;intelligenza giusta nel capire cosa pu\u00f2 fare questa squadra senza perdere le certezze. Non sono qua per stravolgere tutto, non \u00e8 possibile. E l&#8217;Inter \u00e8 da anni ai vertici in Italia e in Europa. Devo solo aggiungere qualcosina affinch\u00e9 il gruppo trovi fiducia e passione&#8221;<\/p>\n<p>13:34<\/p>\n<p><strong>Tudor ha detto che questa partita vale pi\u00f9 dei tre punti&#8230;<\/strong><\/p>\n<p>&#8220;Siamo ancora alla 3^ giornata, prima o poi si affrontano partite come questa. Non bisogna caricarla pi\u00f9 di tanto: entrambe le squadre conoscono l&#8217;importanza di Juve-Inter. Serve l&#8217;energia e la mentalit\u00e0 giusta per capire i momenti della partita&#8221;<\/p>\n<p>13:33<\/p>\n<p><strong>Come arriva la squadra al derby d&#8217;Italia?<\/strong><\/p>\n<p>&#8220;La squadra ha lavorato bene, qualcuno \u00e8 stato in Nazionale che d\u00e0 sempre qualcosa dal punto di vista mentale. Oggi \u00e8 il primo giorno col gruppo al completo: abbiamo lavorato mano a mano con chi tornava, ma stanno tutti bene e sono pronti a giocare questa partita&#8221;<\/p>\n<p>13:27<\/p>\n<p>Tra pochi istanti avr\u00e0 inizio la conferenza stampa di <strong>Cristian Chivu<\/strong><\/p>\n<p>13:25<\/p>\n<p>Il calendario delle big fino alla prossima sosta<\/p>\n<p><strong>Campionato e coppe<\/strong>: tutti gli impegni fino a ottobre<\/p>\n<p><a href=\"https:\/\/sport.sky.it\/calcio\/serie-a\/2025\/09\/11\/calendario-serie-a-coppe-squadre-big\" title=\"Il calendario delle big fino alla prossima sosta\" class=\"lvbg-post-link\" data-intcmp=\"skysport_liveblog_liveblog-preview_null\" data-analytics-element=\"liveblog-preview\" rel=\"nofollow noopener\" target=\"_blank\"><img alt=\"Il calendario delle big fino alla prossima sosta\" style=\"opacity:0;transition:opacity 0.3s\" class=\"lvbg-post-link__image\"\/>Il calendario delle big fino alla prossima sostaVai al contenuto <\/a><\/p>\n<p>13:20<\/p>\n<p>Le probabili formazioni di Juve-Inter<a href=\"https:\/\/sport.sky.it\/calcio\/serie-a\/2025\/09\/11\/juventus-inter-probabili-formazioni-3-giornata\" title=\"Le probabili formazioni di Juventus-Inter\" class=\"lvbg-post-link\" data-intcmp=\"skysport_liveblog_liveblog-preview_null\" data-analytics-element=\"liveblog-preview\" rel=\"nofollow noopener\" target=\"_blank\"><img alt=\"Le probabili formazioni di Juventus-Inter\" style=\"opacity:0;transition:opacity 0.3s\" class=\"lvbg-post-link__image\"\/>Le probabili formazioni di Juventus-InterVai al contenuto <\/a><\/p>\n<p>13:18<\/p>\n<p>Carlos Augusto: &#8220;Faremo una grande partita contro la Juve&#8221;<\/p>\n<p>13:15<\/p>\n<p>Juve-Inter dopo la sosta: il bilancio dei nazionali<\/p>\n<p><strong>In quali condizioni sono tornati <\/strong>tutti i giocatori impegnati in giro per il mondo?<\/p>\n<p><a href=\"https:\/\/sport.sky.it\/calcio\/serie-a\/2025\/09\/09\/juve-inter-giocatori-nazionali\" title=\"Verso Juve-Inter: come stanno i giocatori dopo gli impegni delle nazionali\" class=\"lvbg-post-link\" data-intcmp=\"skysport_liveblog_liveblog-preview_null\" data-analytics-element=\"liveblog-preview\" rel=\"nofollow noopener\" target=\"_blank\"><img alt=\"Verso Juve-Inter: come stanno i giocatori dopo gli impegni delle nazionali\" style=\"opacity:0;transition:opacity 0.3s\" class=\"lvbg-post-link__image\"\/>Verso Juve-Inter: come stanno i giocatori dopo gli impegni delle nazionaliVai al contenuto <\/a><\/p>\n<p>13:10<\/p>\n<p>Cosa \u00e8 cambiato dall&#8217;ultimo Juve-Inter<\/p>\n<p><strong>Era il febbraio 2025 con altri due allenatori in panchina<\/strong>, ma le differenze non finiscono solo in campo<\/p>\n<p><a href=\"https:\/\/sport.sky.it\/calcio\/serie-a\/2025\/09\/12\/juventus-inter-calciomercato-estate-cosa-e-cambiato\" title=\"Cosa \u00e8 cambiato dall&#039;ultimo Juventus-Inter di 209 giorni fa\" class=\"lvbg-post-link\" data-intcmp=\"skysport_liveblog_liveblog-preview_null\" data-analytics-element=\"liveblog-preview\" rel=\"nofollow noopener\" target=\"_blank\"><img alt=\"Cosa \u00e8 cambiato dall'ultimo Juventus-Inter di 209 giorni fa\" style=\"opacity:0;transition:opacity 0.3s\" class=\"lvbg-post-link__image\"\/>Cosa \u00e8 cambiato dall&#8217;ultimo Juventus-Inter di 209 giorni faVai al contenuto <\/a><\/p>\n<p>13:05<\/p>\n<p>Il derby delle maglie<\/p>\n<p>\u00c8 gi\u00e0 clima da derby d&#8217;Italia da qualche giorno:<strong> sia Juventus che Inter hanno presentato la terza maglia<\/strong> della stagione 2025\/26<\/p>\n<p><a href=\"https:\/\/sport.sky.it\/calcio\/serie-a\/maglie-serie-a-2025-2026\" title=\"Tutte le maglie della Serie A 2025-2026\" class=\"lvbg-post-link\" data-intcmp=\"skysport_liveblog_liveblog-preview_null\" data-analytics-element=\"liveblog-preview\" rel=\"nofollow noopener\" target=\"_blank\"><img alt=\"Tutte le maglie della Serie A 2025-2026\" style=\"opacity:0;transition:opacity 0.3s\" class=\"lvbg-post-link__image\"\/>Tutte le maglie della Serie A 2025-2026Vai al contenuto <\/a><\/p>\n<p>13:02<\/p>\n<p>Akanji: &#8220;Mi ispiro a Thiago Silva&#8221;<\/p>\n<p>E il curioso aneddoto sulla maglia di Bobo Vieri<\/p>\n<p><a href=\"https:\/\/sport.sky.it\/calcio\/serie-a\/2025\/09\/12\/inter-akanji-intervista\" title=\"Inter, Akanji: &#039;Mi ispiro a Thiago\u00a0Silva&#039;\" class=\"lvbg-post-link\" data-intcmp=\"skysport_liveblog_liveblog-preview_null\" data-analytics-element=\"liveblog-preview\" rel=\"nofollow noopener\" target=\"_blank\"><img alt=\"Inter, Akanji: 'Mi ispiro a Thiago\u00a0Silva'\" style=\"opacity:0;transition:opacity 0.3s\" class=\"lvbg-post-link__image\"\/>Inter, Akanji: &#8216;Mi ispiro a Thiago\u00a0Silva&#8217;Vai al contenuto <\/a><\/p>\n<p>13:00<\/p>\n<p>Le ultime sulla Juve<\/p>\n<p>Anche nella giornata di ieri, gioved\u00ec 11 settembre,\u00a0<strong>Francisco Concei\u00e7ao ha svolto lavoro personalizzato<\/strong>. Il portoghese della Juventus \u00e8 alle prese con un<strong>\u00a0&#8220;fastidio muscolare&#8221;<\/strong>\u00a0e la sua presenza per la sfida contro l&#8217;Inter \u00e8 al momento a rischio<\/p>\n<p>12:55<\/p>\n<p>Le ultime sull&#8217;Inter<\/p>\n<p>Dopo gli impegni con l\u2019Argentina, <strong>Lautaro \u00e8 rientrato ad Appiano e ha svolto una seduta di scarico personalizzata<\/strong>: si aggregher\u00e0 al gruppo nella giornata di oggi. <strong>In difesa, Chivu potrebbe affidarsi ad Akanji<\/strong>, arrivato l&#8217;ultimo giorno della sessione estiva di mercato, al fianco di Acerbi e Bastoni. Dubbi, invece, sul centrocampo, per\u00a0capire chi rimarr\u00e0 fuori con Calhanoglu, Barella e Mkhitaryan che sembrano in vantaggio su Sucic<\/p>\n<p>12:50<\/p>\n<p>Giornata di vigilia in casa <strong>Inter<\/strong>, che attende il derby d&#8217;Italia di sabato alle 18 sul campo della <strong>Juventus<\/strong>. Un big match introdotto in <strong>conferenza stampa alle 13.30 da Cristian Chivu<\/strong><\/p>\n<p><img decoding=\"async\" src=\"https:\/\/www.europesays.com\/it\/wp-content\/uploads\/2025\/09\/tudor_chivu_conferenze_juventus_inter.jpg\" alt=\"Juventus, Inter\" loading=\"lazy\"\/><\/p>\n","protected":false},"excerpt":{"rendered":"Termina qui la conferenza stampa di Cristian Chivu&#8220;,&#8221;postId&#8221;:&#8221;acacbd26-2d15-4670-a1de-a1ddf65d5395&#8243;,&#8221;postLink&#8221;:{&#8220;title&#8221;:&#8221;&#8221;,&#8221;url&#8221;:&#8221;&#8221;,&#8221;imageSrc&#8221;:&#8221;&#8221;}},{&#8220;timestamp&#8221;:&#8221;2025-09-12T11:54:42.964Z&#8221;,&#8221;timestampUtcIt&#8221;:&#8221;2025-09-12T13:54:42+0200&#8243;,&#8221;altBackground&#8221;:false,&#8221;content&#8221;:&#8221; Che valutazioni sta facendo su chi giocher\u00e0 tra Akanji e&hellip;\n","protected":false},"author":3,"featured_media":103963,"comment_status":"","ping_status":"","sticky":false,"template":"","format":"standard","meta":{"footnotes":""},"categories":[1452],"tags":[721,16841,67455,1740,350,1537,90,89,558,1739,245,244],"class_list":{"0":"post-103962","1":"post","2":"type-post","3":"status-publish","4":"format-standard","5":"has-post-thumbnail","7":"category-calcio","8":"tag-calcio","9":"tag-cristian-chivu","10":"tag-derby-italia","11":"tag-football","12":"tag-inter","13":"tag-it","14":"tag-italia","15":"tag-italy","16":"tag-juventus","17":"tag-soccer","18":"tag-sport","19":"tag-sports"},"share_on_mastodon":{"url":"","error":""},"_links":{"self":[{"href":"https:\/\/www.europesays.com\/it\/wp-json\/wp\/v2\/posts\/103962","targetHints":{"allow":["GET"]}}],"collection":[{"href":"https:\/\/www.europesays.com\/it\/wp-json\/wp\/v2\/posts"}],"about":[{"href":"https:\/\/www.europesays.com\/it\/wp-json\/wp\/v2\/types\/post"}],"author":[{"embeddable":true,"href":"https:\/\/www.europesays.com\/it\/wp-json\/wp\/v2\/users\/3"}],"replies":[{"embeddable":true,"href":"https:\/\/www.europesays.com\/it\/wp-json\/wp\/v2\/comments?post=103962"}],"version-history":[{"count":0,"href":"https:\/\/www.europesays.com\/it\/wp-json\/wp\/v2\/posts\/103962\/revisions"}],"wp:featuredmedia":[{"embeddable":true,"href":"https:\/\/www.europesays.com\/it\/wp-json\/wp\/v2\/media\/103963"}],"wp:attachment":[{"href":"https:\/\/www.europesays.com\/it\/wp-json\/wp\/v2\/media?parent=103962"}],"wp:term":[{"taxonomy":"category","embeddable":true,"href":"https:\/\/www.europesays.com\/it\/wp-json\/wp\/v2\/categories?post=103962"},{"taxonomy":"post_tag","embeddable":true,"href":"https:\/\/www.europesays.com\/it\/wp-json\/wp\/v2\/tags?post=103962"}],"curies":[{"name":"wp","href":"https:\/\/api.w.org\/{rel}","templated":true}]}}