{"id":104272,"date":"2025-09-12T16:36:11","date_gmt":"2025-09-12T16:36:11","guid":{"rendered":"https:\/\/www.europesays.com\/it\/104272\/"},"modified":"2025-09-12T16:36:11","modified_gmt":"2025-09-12T16:36:11","slug":"gp-misano-day-1-bastianini-al-momento-siamo-in-difficolta","status":"publish","type":"post","link":"https:\/\/www.europesays.com\/it\/104272\/","title":{"rendered":"GP Misano Day 1, Bastianini: \u201cAl momento siamo in difficolt\u00e0\u201d"},"content":{"rendered":"<p><strong>GP San Marino e Riviera di Rimini Misano KTM Tech3 MotoGP 2025<\/strong> \u2013 Venerd\u00ec complicato per Enea Bastianini che ha concluso il turno di Prove del GP di Misano in diciassettesima posizione e dovr\u00e0 necessariamente passare per dal Q1. Il pilota KTM Tech3 in particolare, ha lamentato un pessimo feeling sulla sua moto al punto da aver avuto le stesse sensazioni di tempo fa.<\/p>\n<p>Dichiarazioni Enea Bastianini Prove GP Misano KTM Tech3 MotoGP 2025<\/p>\n<p>\u201cStamattina non mi sono trovato bene e oggi abbiamo fatto delle modifiche per calmare la moto. Con la media ero andato abbastanza bene ma vedevo che era tutto complicato, con la morbida \u00e8 peggiorato il tutto. Ho iniziato ad avere chattering, la morbida spingeva tanto sull\u2019anteriore e non sono riuscito a migliorare complici anche le bandiere gialle. Dobbiamo lavorare perch\u00e9 mi aspettavo di essere competitivo, importante passare in Q2 ma restiamo concentrati. Mi sembra di essere tornato alle sensazioni di tempo fa, \u00e8 difficile essere veloci e la moto \u00e8 molto fisica. Misano \u00e8 la mia pista di casa, si vuole sempre tenere un buon risultato. La scorsa gara ha salvato la mia stagione che fino a quel momento l\u00ec era stata pessima, qui un bel risultato far\u00e0 la differenza ma al momento siamo in difficolt\u00e0\u201d<\/p>\n<p><strong>Foto: Valter Magatti<\/strong><\/p>\n<p>\t\t\tMotorionline.com \u00e8 stato selezionato dal nuovo servizio di Google News,<br \/>se vuoi essere sempre aggiornato sulle nostre notizie<br \/>\n\t\t\t<a href=\"https:\/\/news.google.com\/publications\/CAAqBwgKMOmIsgEww9kM?hl=it&amp;gl=IT&amp;ceid=IT:it\" target=\"_blank\" rel=\"nofollow noopener\">Seguici qui<\/a><\/p>\n","protected":false},"excerpt":{"rendered":"GP San Marino e Riviera di Rimini Misano KTM Tech3 MotoGP 2025 \u2013 Venerd\u00ec complicato per Enea Bastianini&hellip;\n","protected":false},"author":3,"featured_media":104273,"comment_status":"","ping_status":"","sticky":false,"template":"","format":"standard","meta":{"footnotes":"","_share_on_mastodon":"0"},"categories":[1455],"tags":[1834,70690,70691,1537,90,89,1790,1792,16140,1783,1785,3932,8523,1806,3512,1784,245,244],"class_list":["post-104272","post","type-post","status-publish","format-standard","has-post-thumbnail","category-moto","tag-enea-bastianini","tag-gp-misano","tag-gp-san-marino-e-della-riviera-di-rimini","tag-it","tag-italia","tag-italy","tag-ktm","tag-ktm-tech3","tag-misano","tag-moto","tag-motogp","tag-motogp-2025","tag-motogp-news","tag-motomondiale","tag-motomondiale-2025","tag-motorcycle","tag-sport","tag-sports"],"share_on_mastodon":{"url":"","error":""},"_links":{"self":[{"href":"https:\/\/www.europesays.com\/it\/wp-json\/wp\/v2\/posts\/104272","targetHints":{"allow":["GET"]}}],"collection":[{"href":"https:\/\/www.europesays.com\/it\/wp-json\/wp\/v2\/posts"}],"about":[{"href":"https:\/\/www.europesays.com\/it\/wp-json\/wp\/v2\/types\/post"}],"author":[{"embeddable":true,"href":"https:\/\/www.europesays.com\/it\/wp-json\/wp\/v2\/users\/3"}],"replies":[{"embeddable":true,"href":"https:\/\/www.europesays.com\/it\/wp-json\/wp\/v2\/comments?post=104272"}],"version-history":[{"count":0,"href":"https:\/\/www.europesays.com\/it\/wp-json\/wp\/v2\/posts\/104272\/revisions"}],"wp:featuredmedia":[{"embeddable":true,"href":"https:\/\/www.europesays.com\/it\/wp-json\/wp\/v2\/media\/104273"}],"wp:attachment":[{"href":"https:\/\/www.europesays.com\/it\/wp-json\/wp\/v2\/media?parent=104272"}],"wp:term":[{"taxonomy":"category","embeddable":true,"href":"https:\/\/www.europesays.com\/it\/wp-json\/wp\/v2\/categories?post=104272"},{"taxonomy":"post_tag","embeddable":true,"href":"https:\/\/www.europesays.com\/it\/wp-json\/wp\/v2\/tags?post=104272"}],"curies":[{"name":"wp","href":"https:\/\/api.w.org\/{rel}","templated":true}]}}