{"id":104528,"date":"2025-09-12T19:28:15","date_gmt":"2025-09-12T19:28:15","guid":{"rendered":"https:\/\/www.europesays.com\/it\/104528\/"},"modified":"2025-09-12T19:28:15","modified_gmt":"2025-09-12T19:28:15","slug":"misano-prove-marquez-precede-bezzecchi-morbidelli-e-bagnaia","status":"publish","type":"post","link":"https:\/\/www.europesays.com\/it\/104528\/","title":{"rendered":"Misano, Prove: Marquez precede Bezzecchi, Morbidelli e Bagnaia"},"content":{"rendered":"<p><a href=\"https:\/\/it.motorsport.com\/driver\/marc-marquez\/159980\/\" target=\"_blank\" rel=\"noopener nofollow\">Marc Marquez<\/a> \u00e8 stato ancora una volta il riferimento nella prima giornata di prove del Gran Premio di San Marino e della Riviera di Rimini di MotoGP, ma gli italiani sembrano desiderosi di provare a vendere carissima la pelle sulla pista di casa a Misano, perch\u00e9 sono ben cinque i ragazzi di casa nostra che hanno staccato il pass per la Q2 di domani.<\/p>\n<p>Come detto, il pi\u00f9 veloce \u00e8 stato Marc Marquez, che con la sua Ducati ha fermato il cronometro su un tempo di 1&#8217;30&#8243;480. Alle sue spalle per\u00f2 c&#8217;\u00e8 un terzetto tricolore di piloti che hanno dato la sensazione di essere messi piuttosto bene anche a livello di passo che \u00e8 capitanato da <a href=\"https:\/\/it.motorsport.com\/driver\/marco-bezzecchi\/177443\/\" target=\"_blank\" rel=\"noopener nofollow\">Marco Bezzecchi<\/a>, che con la sua Aprilia ha chiuso a 147 millesimi dal leader iridato.<\/p>\n<p>Dopo aver comandato la sessione mattutina, <a href=\"https:\/\/it.motorsport.com\/driver\/franco-morbidelli\/314760\/\" target=\"_blank\" rel=\"noopener nofollow\">Franco Morbidelli<\/a> ha confermato il suo ottimo feeling sulla pista di casa, piazzando la Ducati GP24 della Pertamina Enduro VR46 al terzo posto, a soli 193 millesimi dalla vetta. La notizia di giornata per\u00f2 \u00e8 senza ombra di dubbio la rinascita di Pecco Bagnaia, che questa volta \u00e8 riuscito a ripartire dai progressi mostrati nella gara lunga di Barcellona e si \u00e8 piazzato quarto a 230 millesimi.<\/p>\n<p>Per il ducatista vuol dire tornare finalmente in Q2 dopo due clamorose esclusioni a Balaton Park e in Catalogna. A completare una top 5 che vede ben quattro Ducati al suo interno c&#8217;\u00e8 <a href=\"https:\/\/it.motorsport.com\/driver\/alex-marquez\/163635\/\" target=\"_blank\" rel=\"noopener nofollow\">Alex Marquez<\/a>, che con la GP24 del <a href=\"https:\/\/it.motorsport.com\/team\/gresini-moto2\/2362\/\" target=\"_blank\" rel=\"noopener nofollow\">Gresini Racing<\/a> \u00e8 a sua volta molto vicino, a soli 272 millesimi.<\/p>\n<p>Molto buona anche la sessione delle Honda. Evidentemente il nuovo codone ed il nuovo scarico, che hanno seguito il telaio introdotto in Ungheria, stanno dando i loro frutti, perch\u00e9 <a href=\"https:\/\/it.motorsport.com\/driver\/joan-mir\/289394\/\" target=\"_blank\" rel=\"noopener nofollow\">Joan Mir<\/a> e <a href=\"https:\/\/it.motorsport.com\/driver\/luca-marini\/314649\/\" target=\"_blank\" rel=\"noopener nofollow\">Luca Marini<\/a> si sono arrampicati fino alla sesta ed alla settima posizione. C&#8217;\u00e8 un pizzico di apprensione per il maiorchino per\u00f2, che nel finale \u00e8 incappato in una scivolata alla curva 10, sembrando dolorante ad un polso.<\/p>\n<p>Dopo aver faticato per buona parte del turno, <a href=\"https:\/\/it.motorsport.com\/driver\/jorge-martin\/164619\/\" target=\"_blank\" rel=\"noopener nofollow\">Jorge Martin<\/a> ha approfittato del gancio che gli ha offerto il compagno di box Bezzecchi, ma \u00e8 stato bravo a sfruttarlo per andare ad infilare anche la sua Aprilia in Q2, firmando l&#8217;ottavo tempo a 377 millesimi. Non \u00e8 stato invece un venerd\u00ec semplice per la KTM, perch\u00e9 l&#8217;unica RC16 nella top 10 \u00e8 quella di <a href=\"https:\/\/it.motorsport.com\/driver\/pedro-acosta\/458181\/\" target=\"_blank\" rel=\"noopener nofollow\">Pedro Acosta<\/a>, autore del nono tempo. Solo 18\u00b0 invece <a href=\"https:\/\/it.motorsport.com\/driver\/enea-bastianini-2-1445006891\/164612\/\" target=\"_blank\" rel=\"noopener nofollow\">Enea Bastianini<\/a>, che quindi dovr\u00e0 passare dalla Q1 cos\u00ec come <a href=\"https:\/\/it.motorsport.com\/driver\/brad-binder\/164627\/\" target=\"_blank\" rel=\"noopener nofollow\">Brad Binder<\/a> e Maverick Vinales, rispettivamente 13\u00b0 e 14\u00b0.<\/p>\n<p>Il quadro dei piloti che hanno avuto accesso diretto alla Q2 si completa con <a href=\"https:\/\/it.motorsport.com\/driver\/fabio-di-giannantonio\/177448\/\" target=\"_blank\" rel=\"noopener nofollow\">Fabio Di Giannantonio<\/a>, che con la seconda Ducati della Pertamina Enduro VR46 completa un gruppetto tutto raccolto in appena 435 millesimi. Il primo degli esclusi alla fine quindi \u00e8 stato <a href=\"https:\/\/it.motorsport.com\/driver\/johann-zarco\/163420\/\" target=\"_blank\" rel=\"noopener nofollow\">Johann Zarco<\/a> con la Honda LCR, beffato proprio a tempo scaduto dall&#8217;altra RC213V di Marini.<\/p>\n<p>Dovranno passare tutte dalla Q1 invece le Yamaha, perch\u00e9 la migliore delle M1 \u00e8 solamente in 12\u00b0 posizione con <a href=\"https:\/\/it.motorsport.com\/driver\/fabio-quartararo\/164609\/\" target=\"_blank\" rel=\"noopener nofollow\">Fabio Quartararo<\/a>. Il francese ha incassato sei decimi di gap e in questo senso \u00e8 positivo che la M1 equipaggiata con il nuovo V4, quella affidata ad <a href=\"https:\/\/it.motorsport.com\/driver\/augusto-fernandez\/256415\/\" target=\"_blank\" rel=\"noopener nofollow\">Augusto Fernandez<\/a> sia solamente a poco meno di 1&#8243;2 (sei decimi da Fabio), anche perch\u00e9 lo spagnolo \u00e8 anche scivolato alla curva 2 nel finale, quindi non si \u00e8 potuto migliorare.<\/p>\n<p>A terra ci sono finiti anche <a href=\"https:\/\/it.motorsport.com\/driver\/raul-fernandez\/443087\/\" target=\"_blank\" rel=\"noopener nofollow\">Raul Fernandez<\/a> con l&#8217;Aprilia del Trackhouse Racing alla curva 15 e <a href=\"https:\/\/it.motorsport.com\/driver\/jack-miller\/163734\/\" target=\"_blank\" rel=\"noopener nofollow\">Jack Miller<\/a> con la Yamaha del Prima <a href=\"https:\/\/it.motorsport.com\/team\/pramac-racing\/2223\/\" target=\"_blank\" rel=\"noopener nofollow\">Pramac Racing<\/a> alla curva 1.<\/p>\n<p>In questo articolo<\/p>\n<p>Diventa il primo a sapere le novit\u00e0 e iscriviti per ricevere notizie in tempo reale via e-mail su questi temi<\/p>\n<p>    Iscriviti agli avvisi di notizie<\/p>\n","protected":false},"excerpt":{"rendered":"Marc Marquez \u00e8 stato ancora una volta il riferimento nella prima giornata di prove del Gran Premio di&hellip;\n","protected":false},"author":3,"featured_media":104529,"comment_status":"","ping_status":"","sticky":false,"template":"","format":"standard","meta":{"footnotes":"","_share_on_mastodon":"0"},"categories":[176],"tags":[8479,2834,2360,12829,55212,1537,90,89,2835,3005,49421,73727,1785,49864,73726,245,244,12828],"class_list":["post-104528","post","type-post","status-publish","format-standard","has-post-thumbnail","category-sport","tag-aprilia-racing-team","tag-ducati-team","tag-francesco-bagnaia","tag-franco-morbidelli","tag-gp-di-san-marino","tag-it","tag-italia","tag-italy","tag-marc-marquez","tag-marco-bezzecchi","tag-misano-adriatico","tag-morbidelli-e-bagnaia","tag-motogp","tag-motogp-misano","tag-prove-marquez-precede-bezzecchi","tag-sport","tag-sports","tag-team-vr46"],"share_on_mastodon":{"url":"","error":""},"_links":{"self":[{"href":"https:\/\/www.europesays.com\/it\/wp-json\/wp\/v2\/posts\/104528","targetHints":{"allow":["GET"]}}],"collection":[{"href":"https:\/\/www.europesays.com\/it\/wp-json\/wp\/v2\/posts"}],"about":[{"href":"https:\/\/www.europesays.com\/it\/wp-json\/wp\/v2\/types\/post"}],"author":[{"embeddable":true,"href":"https:\/\/www.europesays.com\/it\/wp-json\/wp\/v2\/users\/3"}],"replies":[{"embeddable":true,"href":"https:\/\/www.europesays.com\/it\/wp-json\/wp\/v2\/comments?post=104528"}],"version-history":[{"count":0,"href":"https:\/\/www.europesays.com\/it\/wp-json\/wp\/v2\/posts\/104528\/revisions"}],"wp:featuredmedia":[{"embeddable":true,"href":"https:\/\/www.europesays.com\/it\/wp-json\/wp\/v2\/media\/104529"}],"wp:attachment":[{"href":"https:\/\/www.europesays.com\/it\/wp-json\/wp\/v2\/media?parent=104528"}],"wp:term":[{"taxonomy":"category","embeddable":true,"href":"https:\/\/www.europesays.com\/it\/wp-json\/wp\/v2\/categories?post=104528"},{"taxonomy":"post_tag","embeddable":true,"href":"https:\/\/www.europesays.com\/it\/wp-json\/wp\/v2\/tags?post=104528"}],"curies":[{"name":"wp","href":"https:\/\/api.w.org\/{rel}","templated":true}]}}