{"id":104727,"date":"2025-09-12T21:40:10","date_gmt":"2025-09-12T21:40:10","guid":{"rendered":"https:\/\/www.europesays.com\/it\/104727\/"},"modified":"2025-09-12T21:40:10","modified_gmt":"2025-09-12T21:40:10","slug":"un-posto-al-sole-anticipazioni-upas-puntate-15-19-settembre-2025","status":"publish","type":"post","link":"https:\/\/www.europesays.com\/it\/104727\/","title":{"rendered":"Un Posto al sole, anticipazioni Upas puntate 15-19 settembre 2025"},"content":{"rendered":"<p class=\"paragraph\" spellcheck=\"true\">Come proseguiranno le storie di <b>Un Posto al Sole<\/b>? Per scoprirlo non resta che aspettare la puntata di luned\u00ec 15 settembre quando inizier\u00e0 una nuova settimana in compagnia della trentesima stagione di <b>UPAS<\/b>, l&#8217;amata e longeva soap tutta italiana.\u00a0<\/p>\n<p class=\"paragraph\" spellcheck=\"true\">Prima di scoprire nelle prossime schede tutte le anticipazioni delle prossime puntate dal<b> 15 al 19 settembre<\/b>, vediamo <a href=\"https:\/\/www.gazzetta.it\/tv\/storie\/05-09-2025\/un-posto-al-sole-anticipazioni-upas-puntate-8-12-settembre-2025\/\" title=\"Un Posto al sole, le anticipazioni delle puntate dall&#039;8 al 12 settembre\" rel=\"nofollow noopener\" target=\"_blank\">dove eravamo rimasti<\/a>. Niko \u00e8 sempre pi\u00f9 preoccupato per il padre, Renato, che \u00e8 ormai diventato dipendente dall&#8217;Intelligenza Artificiale e non esce quasi pi\u00f9 di casa. Samuel e Micaela si sono riavvicinati dopo che lo chef \u00e8 stato incitato a mostrare la sua passione per la danza. Viola non \u00e8 per niente convinta di andare a convivere con Damiano.<\/p>\n","protected":false},"excerpt":{"rendered":"Come proseguiranno le storie di Un Posto al Sole? Per scoprirlo non resta che aspettare la puntata di&hellip;\n","protected":false},"author":3,"featured_media":104728,"comment_status":"","ping_status":"","sticky":false,"template":"","format":"standard","meta":{"footnotes":"","_share_on_mastodon":"0"},"categories":[1444],"tags":[37492,1518,11536,666,2491,33303,6920,73820,203,128,204,1537,90,89,14848,53,1691,248,9167,57358,531,8202,2848,23990,6193,407,73818,360,253,4664,73819,7004],"class_list":["post-104727","post","type-post","status-publish","format-standard","has-post-thumbnail","category-tv","tag-alice","tag-anticipazioni","tag-anticipazioni-puntata","tag-artificiale","tag-confronto","tag-damiano","tag-decide","tag-eduardo","tag-entertainment","tag-idea","tag-intrattenimento","tag-it","tag-italia","tag-italy","tag-jimmy","tag-lasciare","tag-lunedi","tag-napoli","tag-onda","tag-onda-rai","tag-polizia","tag-puntata","tag-rai","tag-raiplay","tag-sa","tag-settembre","tag-settembre-sole","tag-sole","tag-tv","tag-upas","tag-vinicio","tag-viola"],"share_on_mastodon":{"url":"","error":""},"_links":{"self":[{"href":"https:\/\/www.europesays.com\/it\/wp-json\/wp\/v2\/posts\/104727","targetHints":{"allow":["GET"]}}],"collection":[{"href":"https:\/\/www.europesays.com\/it\/wp-json\/wp\/v2\/posts"}],"about":[{"href":"https:\/\/www.europesays.com\/it\/wp-json\/wp\/v2\/types\/post"}],"author":[{"embeddable":true,"href":"https:\/\/www.europesays.com\/it\/wp-json\/wp\/v2\/users\/3"}],"replies":[{"embeddable":true,"href":"https:\/\/www.europesays.com\/it\/wp-json\/wp\/v2\/comments?post=104727"}],"version-history":[{"count":0,"href":"https:\/\/www.europesays.com\/it\/wp-json\/wp\/v2\/posts\/104727\/revisions"}],"wp:featuredmedia":[{"embeddable":true,"href":"https:\/\/www.europesays.com\/it\/wp-json\/wp\/v2\/media\/104728"}],"wp:attachment":[{"href":"https:\/\/www.europesays.com\/it\/wp-json\/wp\/v2\/media?parent=104727"}],"wp:term":[{"taxonomy":"category","embeddable":true,"href":"https:\/\/www.europesays.com\/it\/wp-json\/wp\/v2\/categories?post=104727"},{"taxonomy":"post_tag","embeddable":true,"href":"https:\/\/www.europesays.com\/it\/wp-json\/wp\/v2\/tags?post=104727"}],"curies":[{"name":"wp","href":"https:\/\/api.w.org\/{rel}","templated":true}]}}