{"id":105005,"date":"2025-09-13T00:56:11","date_gmt":"2025-09-13T00:56:11","guid":{"rendered":"https:\/\/www.europesays.com\/it\/105005\/"},"modified":"2025-09-13T00:56:11","modified_gmt":"2025-09-13T00:56:11","slug":"armani-loreal-studiera-con-grande-considerazione-opportunita-evocate-in-testamento","status":"publish","type":"post","link":"https:\/\/www.europesays.com\/it\/105005\/","title":{"rendered":"Armani, L&#8217;Oreal studier\u00e0 con grande considerazione opportunit\u00e0 evocate in testamento"},"content":{"rendered":"\n<p class=\"yf-1090901\">PARIGI (Reuters) -Il gruppo francese L&#8217;Oreal ha detto che valuter\u00e0 &#8220;con grande considerazione&#8221; l&#8217;opportunit\u00e0 evocata dal testamento di Giorgio Armani, che cita la societ\u00e0 tra i possibili candidati a entrare nel capitale della casa di moda da lui fondata 50 anni fa.<\/p>\n<p class=\"yf-1090901\">&#8220;Siamo commossi e onorati che il signor Armani abbia pensato a L&#8217;Or\u00e9al per integrare il capitale della sua splendida azienda&#8221;, ha dichiarato il gruppo.<\/p>\n<p class=\"yf-1090901\">&#8220;Valuteremo con grande attenzione questa prospettiva, che si inserisce nel quadro della nostra lunga storia comune&#8221;, ha aggiunto.<\/p>\n<p class=\"yf-1090901\">Il testamento di Giorgio Armani indica come possibili futuri investitori a cui dare la priorit\u00e0 il colosso della bellezza L&#8217;Oreal, il gigante del lusso Lvmh, il leader dell&#8217;occhialeria EssilorLuxottica o altri gruppi di &#8220;pari standing&#8221;.<\/p>\n<p class=\"yf-1090901\">(Tradotto da Claudio Leonel Piacquadio, editing Claudia Cristoferi)<\/p>\n","protected":false},"excerpt":{"rendered":"PARIGI (Reuters) -Il gruppo francese L&#8217;Oreal ha detto che valuter\u00e0 &#8220;con grande considerazione&#8221; l&#8217;opportunit\u00e0 evocata dal testamento di&hellip;\n","protected":false},"author":3,"featured_media":105006,"comment_status":"","ping_status":"","sticky":false,"template":"","format":"standard","meta":{"footnotes":""},"categories":[172],"tags":[178,177,23423,1537,90,89,73924],"class_list":{"0":"post-105005","1":"post","2":"type-post","3":"status-publish","4":"format-standard","5":"has-post-thumbnail","7":"category-affari","8":"tag-affari","9":"tag-business","10":"tag-giorgio-armani","11":"tag-it","12":"tag-italia","13":"tag-italy","14":"tag-loreal"},"share_on_mastodon":{"url":"","error":""},"_links":{"self":[{"href":"https:\/\/www.europesays.com\/it\/wp-json\/wp\/v2\/posts\/105005","targetHints":{"allow":["GET"]}}],"collection":[{"href":"https:\/\/www.europesays.com\/it\/wp-json\/wp\/v2\/posts"}],"about":[{"href":"https:\/\/www.europesays.com\/it\/wp-json\/wp\/v2\/types\/post"}],"author":[{"embeddable":true,"href":"https:\/\/www.europesays.com\/it\/wp-json\/wp\/v2\/users\/3"}],"replies":[{"embeddable":true,"href":"https:\/\/www.europesays.com\/it\/wp-json\/wp\/v2\/comments?post=105005"}],"version-history":[{"count":0,"href":"https:\/\/www.europesays.com\/it\/wp-json\/wp\/v2\/posts\/105005\/revisions"}],"wp:featuredmedia":[{"embeddable":true,"href":"https:\/\/www.europesays.com\/it\/wp-json\/wp\/v2\/media\/105006"}],"wp:attachment":[{"href":"https:\/\/www.europesays.com\/it\/wp-json\/wp\/v2\/media?parent=105005"}],"wp:term":[{"taxonomy":"category","embeddable":true,"href":"https:\/\/www.europesays.com\/it\/wp-json\/wp\/v2\/categories?post=105005"},{"taxonomy":"post_tag","embeddable":true,"href":"https:\/\/www.europesays.com\/it\/wp-json\/wp\/v2\/tags?post=105005"}],"curies":[{"name":"wp","href":"https:\/\/api.w.org\/{rel}","templated":true}]}}