{"id":105106,"date":"2025-09-13T02:19:12","date_gmt":"2025-09-13T02:19:12","guid":{"rendered":"https:\/\/www.europesays.com\/it\/105106\/"},"modified":"2025-09-13T02:19:12","modified_gmt":"2025-09-13T02:19:12","slug":"nella-prossima-settimana-colpo-di-scena-gia-da-lunedi-15-settembre","status":"publish","type":"post","link":"https:\/\/www.europesays.com\/it\/105106\/","title":{"rendered":"nella Prossima Settimana colpo di scena, gi\u00e0 da Luned\u00ec 15 Settembre"},"content":{"rendered":"<p>Meteo: nella Prossima Settimana colpo di scena, gi\u00e0 da Luned\u00ec 15 Settembre<\/p>\n<p class=\"article_author__info\">\n                Articolo del 12\/09\/2025<br \/>\n                ore 18:45<br \/>\n                di <a href=\"https:\/\/www.ilmeteo.it\/portale\/federico-brescia\" title=\"Visita il profilo di Federico Brescia\" rel=\"nofollow noopener\" target=\"_blank\">Federico Brescia<\/a> Meteorologo\n        <\/p>\n<p><img decoding=\"async\" fetchpriority=\"high\" loading=\"eager\" itemprop=\"image\" class=\"news_content_image\" src=\"https:\/\/www.europesays.com\/it\/wp-content\/uploads\/2025\/09\/Prossima-settimana-12925.JPEG\" alt=\"\" title=\"Prossima settimana estiva con un super anticiclone\" width=\"700\" height=\"504\"\/>Prossima settimana estiva con un super anticiclone\n<\/p>\n<p><b>La previsione per la prossima settimana \u00e8 <\/b>abbastanza <b>sorprendente<\/b> se solo si pensa al tempo di questi ultimi giorni su buona parte dell&#8217;Italia.<br \/>Ci aspetta infatti una decisa rimonta anticiclonica.<b> <\/b>Chi credeva dunque ad un Autunno anticipato, complici le ultime piogge, anche battenti, sar\u00e0 costretto a ricredersi: <b>siamo alla vigilia di giornate caratterizzati da classici connotati tardo-estivi<\/b>: sole e temperature massime verso i 30\u00b0C.<\/p>\n<p><b>PROSSIMA SETTIMANA: COLPO DI SCENA<br \/><\/b>Preparatevi dunque ad un <b>colpo di scena<\/b> meteorologico nella <b>prossima settimana<\/b>! A partire da <b>Luned\u00ec 15 Settembre <\/b>l&#8217;Italia sar\u00e0 nuovamente sotto l&#8217;influenza di un <b>vasto anticiclone<\/b>, con un mix di aria proveniente dalle Isole Azzorre e dall&#8217;Africa. Questo &#8220;scudo anticiclonico&#8221; si estender\u00e0 fino all&#8217;Europa centrale, garantendo <b>stabilit\u00e0 e un clima caldo<\/b> per gran parte della settimana.<br \/>Ci\u00f2 significa che le perturbazioni atlantiche rimarranno lontane, e le condizioni meteo sembreranno pi\u00f9 simili a un prolungamento della fine di Agosto che alla seconda met\u00e0 di Settembre.<br \/>Le <b>temperature<\/b>, specie al <b>Centro-Sud<\/b> e sulle due <b>Isole Maggiori<\/b>, torneranno a superare le medie climatiche, raggiungendo picchi anche oltre i <b>28-30\u00b0C<\/b>. <img decoding=\"async\" fetchpriority=\"low\" loading=\"lazy\" itemprop=\"image\" class=\"news_content_image\" src=\"https:\/\/www.europesays.com\/it\/wp-content\/uploads\/2025\/09\/anticiclone-prossimasettimana120925.jpg.jpg\" alt=\"\" title=\"Da Luned\u00ec 15 Settembre netta rimonta anticiclonica\" width=\"700\" height=\"469\"\/>Da Luned\u00ec 15 Settembre netta rimonta anticiclonica<b>TENDENZA: POSSIBILE CAMBIO DI ROTTA VERSO L&#8217;EQUINOZIO<br \/><\/b>Dopo questa calda e soleggiata settimana \u00e8 possibile un <b>cambio di rotta<\/b>, ovvero che l&#8217;anticiclone possa essere attaccato da una discesa di aria fredda da Nord-Est, proprio a cavallo del successivo weekend, tra Sabato 20 e Domenica 21 Settembre, ovvero verso l&#8217;<b>Equinozio<\/b>. Come se il tempo volesse prepararsi a dare il benvenuto all&#8217;Autunno.<\/p>\n","protected":false},"excerpt":{"rendered":"Meteo: nella Prossima Settimana colpo di scena, gi\u00e0 da Luned\u00ec 15 Settembre Articolo del 12\/09\/2025 ore 18:45 di&hellip;\n","protected":false},"author":3,"featured_media":105107,"comment_status":"","ping_status":"","sticky":false,"template":"","format":"standard","meta":{"footnotes":""},"categories":[79],"tags":[14,93,94,1537,90,89,419,7,15,11,84,91,12,85,92],"class_list":{"0":"post-105106","1":"post","2":"type-post","3":"status-publish","4":"format-standard","5":"has-post-thumbnail","7":"category-italia","8":"tag-cronaca","9":"tag-cronaca-italiana","10":"tag-cronacaitaliana","11":"tag-it","12":"tag-italia","13":"tag-italy","14":"tag-meteo","15":"tag-news","16":"tag-notizie","17":"tag-ultime-notizie","18":"tag-ultime-notizie-e-news-di-oggi","19":"tag-ultime-notizie-italia","20":"tag-ultimenotizie","21":"tag-ultimenotizieenewsdioggi","22":"tag-ultimenotizieitalia"},"share_on_mastodon":{"url":"","error":""},"_links":{"self":[{"href":"https:\/\/www.europesays.com\/it\/wp-json\/wp\/v2\/posts\/105106","targetHints":{"allow":["GET"]}}],"collection":[{"href":"https:\/\/www.europesays.com\/it\/wp-json\/wp\/v2\/posts"}],"about":[{"href":"https:\/\/www.europesays.com\/it\/wp-json\/wp\/v2\/types\/post"}],"author":[{"embeddable":true,"href":"https:\/\/www.europesays.com\/it\/wp-json\/wp\/v2\/users\/3"}],"replies":[{"embeddable":true,"href":"https:\/\/www.europesays.com\/it\/wp-json\/wp\/v2\/comments?post=105106"}],"version-history":[{"count":0,"href":"https:\/\/www.europesays.com\/it\/wp-json\/wp\/v2\/posts\/105106\/revisions"}],"wp:featuredmedia":[{"embeddable":true,"href":"https:\/\/www.europesays.com\/it\/wp-json\/wp\/v2\/media\/105107"}],"wp:attachment":[{"href":"https:\/\/www.europesays.com\/it\/wp-json\/wp\/v2\/media?parent=105106"}],"wp:term":[{"taxonomy":"category","embeddable":true,"href":"https:\/\/www.europesays.com\/it\/wp-json\/wp\/v2\/categories?post=105106"},{"taxonomy":"post_tag","embeddable":true,"href":"https:\/\/www.europesays.com\/it\/wp-json\/wp\/v2\/tags?post=105106"}],"curies":[{"name":"wp","href":"https:\/\/api.w.org\/{rel}","templated":true}]}}