{"id":105165,"date":"2025-09-13T03:10:23","date_gmt":"2025-09-13T03:10:23","guid":{"rendered":"https:\/\/www.europesays.com\/it\/105165\/"},"modified":"2025-09-13T03:10:23","modified_gmt":"2025-09-13T03:10:23","slug":"che-cose-la-live-traslation-sulle-airpods-di-apple-e-perche-non-arrivera-in-europa","status":"publish","type":"post","link":"https:\/\/www.europesays.com\/it\/105165\/","title":{"rendered":"Che cos\u2019\u00e8 la Live Traslation sulle AirPods di Apple e perch\u00e9 non arriver\u00e0 in Europa"},"content":{"rendered":"<p>    In Breve (<a href=\"https:\/\/www.fastweb.it\/fastweb-plus\/digital-magazine\/che-cosa-significa-tldr\/?from=tip\" target=\"_blank\" rel=\"nofollow noopener\">TL;DR<\/a>)<\/p>\n<ul class=\"key-takeaways-list\">&#13;<\/p>\n<li class=\"key-takeaways-item\">Apple ha presentato la funzione Live Traslation per gli AirPods, una novit\u00e0 che permette di tradurre le conversazioni in tempo reale.<\/li>\n<p>&#13;<\/p>\n<li class=\"key-takeaways-item\">A causa del Digital Markets Act, per\u00f2, la funzionalit\u00e0 non sar\u00e0 disponibile al lancio per gli utenti residenti in Europa o con un Apple ID registrato in un Paese UE.<\/li>\n<p>&#13;\n            <\/ul>\n<p>Con l\u2019arrivo di <strong>iOS 26<\/strong>, ufficializzato nel corso dell\u2019evento <strong>Awe Dropping<\/strong>, Apple si prepara a introdurre una nuova funzione destinata alle <a href=\"https:\/\/www.fastweb.it\/fastweb-plus\/digital-dev-security\/apple-presenta-airpods-3-pro-con-audio-di-alta-qualita-e-sensore-cardiaco\/\" rel=\"nofollow noopener\" target=\"_blank\"><strong>AirPods Pro<\/strong><\/a><a href=\"https:\/\/www.fastweb.it\/fastweb-plus\/digital-dev-security\/apple-presenta-airpods-3-pro-con-audio-di-alta-qualita-e-sensore-cardiaco\/\" rel=\"nofollow noopener\" target=\"_blank\"><strong>3<\/strong><\/a> (ma anche ai modelli precedenti come <strong>AirPods Pro 2<\/strong> e <strong>AirPods 4<\/strong>), la <strong>Live Translation, <\/strong>capace di trasformare gli auricolari in un vero e proprio <strong>traduttore in tempo reale<\/strong>.<\/p>\n<p>L\u2019opzione che, ovviamente, \u00e8 alimentata da <strong>Apple Intelligence<\/strong> ha subito sorpreso tutti gli appassionati di tecnologia anche se la stessa azienda di Cupertino ha confermato che, almeno in un primo periodo, <strong>non sar\u00e0 disponibile per gli utenti europei<\/strong>.<\/p>\n<p>Perch\u00e9 Live Translation non arriver\u00e0 in Europa<\/p>\n<p>Come appena detto, in un primo momento la funzione di traduzione in tempo reale sar\u00e0 bloccata per gli <strong>utenti residenti nell\u2019Unione Europea<\/strong> e con un account <strong>Apple registrato in un Paese UE. <\/strong><\/p>\n<p>        <a href=\"https:\/\/www.fastweb.it\/adsl-fibra-ottica\/fastweb-mobile-full\/\" target=\"_blank\" class=\"banner_offerta_a\" style=\"text-decoration: none;\" rel=\"nofollow noopener\"><br \/>\n            &#13;<\/p>\n<p>                            Fastweb Mobile Full<img decoding=\"async\" src=\"https:\/\/www.fastweb.it\/myfastweb\/gfx\/shop\/mobile\/offerta-5-g-nero.svg\" alt=\"5G\"\/><\/p>\n<p>Internet 200 GB e Minuti illimitati<\/p>\n<p>        &#13;<\/p>\n<p>        <\/a><\/p>\n<p>Il perch\u00e9 di questo blocco \u00e8 legato al <a href=\"https:\/\/www.fastweb.it\/fastweb-plus\/digital-magazine\/mercato-dei-servizi-digitali-la-rivoluzione-in-arrivo-con-le-nuove-norme-dsa-e-dma-della-ue\/\" rel=\"nofollow noopener\" target=\"_blank\"><strong>Digital Markets Act<\/strong><\/a> (DMA), il regolamento europeo che ha il compito di <strong>garantire maggiore concorrenza<\/strong> e <strong>interoperabilit\u00e0 tra servizi digitali<\/strong> delle aziende tech considerate \u201cgatekeeper\u201d, tra cui <strong>Apple<\/strong>.<\/p>\n<p>Questi vincoli, sin dalla loro entrata in vigore, si sono scontrati necessariamente con molte delle nuove funzioni annunciate dai vari colossi del settore, inclusa la Live Translation della celebre mela che, di conseguenza, si trova a dover <strong>riprogrammare il lancio di queste opzioni<\/strong> sul territorio europeo e, in certi casi, addirittura a \u201cmodificarle\u201d per renderle in linea con la normativa europea.<\/p>\n<p>Chiaramente, questa non \u00e8 la prima volta che l\u2019Europa impone delle \u201cfrenate improvvise\u201d a Apple che gi\u00e0 con l\u2019arrivo di <strong>Apple Intelligence<\/strong> \u00e8 stata costretta a rinviare il rilascio di qualche mese.<\/p>\n<p>Questo sistema normativo pu\u00f2 risultare antipatico per molti, ma sancisce dei limiti che le aziende tech devono necessariamente rispettare per operare sul suolo Europeo, regole volte alla <strong>protezione dei consumatori<\/strong>, garantendo loro <strong>trasparenza<\/strong> e <strong>accessibilit\u00e0 <\/strong><strong>alle nuove tecnologie<\/strong>.<\/p>\n<p>Chi pu\u00f2 utilizzare la Live Translation di Apple<\/p>\n<p>Inizialmente la Live Translation sar\u00e0 compatibile solo con la traduzione in tempo reale tra <strong>inglese<\/strong> (britannico e statunitense), <strong>francese<\/strong>, <strong>tedesco<\/strong>, <strong>portoghese<\/strong> (Brasile) e <strong>spagnolo <\/strong>ma, ovviamente, le opzioni di traduzione <strong>non saranno accessibili agli utenti europei<\/strong> e a chi utilizza un <strong>Apple ID registrato in un paese dell\u2019UE.<\/strong><\/p>\n<p>Entro la fine del 2025 dovrebbero arrivare anche <strong>italiano<\/strong>, <strong>giapponese<\/strong>, <strong>coreano<\/strong> e <strong>cinese <\/strong><strong>semplificato<\/strong>, ma per l\u2019utilizzo nel nostro Paese bisogner\u00e0 comunque aspettare che venga sciolto il nodo DMA.<\/p>\n<p>Al momento, infatti, Apple non ha ancora ben chiara la tempistica di sblocco dell\u2019opzione in Europa e, fino a nuovo ordine, resteranno attive tutte le restrizioni imposte agli account UE.<\/p>\n<p>Per utilizzare la funzione, gli auricolari dovranno aver installato <strong>l\u2019ultima versione del firmware<\/strong> ed essere <strong>connessi a un iPhone compatibile con Apple Intelligence <\/strong>(dal <strong>15 Pro <\/strong>in poi) e<strong> aggiornato a <\/strong><a href=\"https:\/\/www.fastweb.it\/fastweb-plus\/digital-dev-security\/quando-verra-rilasciato-ios-26-ce-la-data-ufficiale\/\" rel=\"nofollow noopener\" target=\"_blank\"><strong>iOS 26<\/strong><\/a><strong>.<\/strong><\/p>\n<p><strong>Per saperne di pi\u00f9: <\/strong><a href=\"https:\/\/www.fastweb.it\/fastweb-plus\/digital-dev-security\/ios-caratteristiche-sistema-operativo-apple\/\" rel=\"nofollow noopener\" target=\"_blank\">IOS, caratteristiche del sistema operativo Apple<\/a><\/p>\n<p>    Domande frequenti (FAQ)<\/p>\n<ul class=\"article-faq-list\">&#13;<\/p>\n<li class=\"article-faq-item\">&#13;\n<p>Perch\u00e9 Live Translation non arriver\u00e0 in Europa?<\/p>\n<p>&#13;<\/p>\n<p>La funzione di traduzione in tempo reale sar\u00e0 bloccata per gli utenti residenti nell\u2019Unione Europea e con un account Apple registrato in un Paese UE a causa del Digital Markets Act (DMA), regolamento europeo che garantisce maggiore concorrenza e interoperabilit\u00e0 tra servizi digitali delle aziende tech considerate &#8216;gatekeeper&#8217;, tra cui Apple.<\/p>\n<p>&#13;\n        <\/li>\n<p>&#13;<\/p>\n<li class=\"article-faq-item\">&#13;\n<p>Chi pu\u00f2 utilizzare la Live Translation di Apple?<\/p>\n<p>&#13;<\/p>\n<p>Inizialmente la Live Translation sar\u00e0 compatibile solo con la traduzione in tempo reale tra inglese (britannico e statunitense), francese, tedesco, portoghese (Brasile) e spagnolo ma non sar\u00e0 accessibile agli utenti europei e a chi utilizza un Apple ID registrato in un paese dell\u2019UE.<\/p>\n<p>&#13;\n        <\/li>\n<p>&#13;<\/p>\n<li class=\"article-faq-item\">&#13;\n<p>Cosa devono fare gli utenti per utilizzare la Live Translation di Apple?<\/p>\n<p>&#13;<\/p>\n<p>Gli auricolari compatibili dovranno essere aggiornati all\u2019ultima versione del firmware e connessi a un iPhone compatibile con Apple Intelligence (dal 15 Pro in poi) e aggiornati a iOS 26 per utilizzare la funzione di Live Translation di Apple.<\/p>\n<p>&#13;\n        <\/li>\n<p>&#13;\n            <\/ul>\n<p>                    A cura di Cultur-e<\/p>\n","protected":false},"excerpt":{"rendered":"In Breve (TL;DR) &#13; Apple ha presentato la funzione Live Traslation per gli AirPods, una novit\u00e0 che permette&hellip;\n","protected":false},"author":3,"featured_media":105166,"comment_status":"","ping_status":"","sticky":false,"template":"","format":"standard","meta":{"footnotes":""},"categories":[173],"tags":[73989,1537,90,89,195,198,199,197,200,201,194,196],"class_list":{"0":"post-105165","1":"post","2":"type-post","3":"status-publish","4":"format-standard","5":"has-post-thumbnail","7":"category-scienza-e-tecnologia","8":"tag-ios","9":"tag-it","10":"tag-italia","11":"tag-italy","12":"tag-science","13":"tag-science-and-technology","14":"tag-scienceandtechnology","15":"tag-scienza","16":"tag-scienza-e-tecnologia","17":"tag-scienzaetecnologia","18":"tag-technology","19":"tag-tecnologia"},"share_on_mastodon":{"url":"","error":""},"_links":{"self":[{"href":"https:\/\/www.europesays.com\/it\/wp-json\/wp\/v2\/posts\/105165","targetHints":{"allow":["GET"]}}],"collection":[{"href":"https:\/\/www.europesays.com\/it\/wp-json\/wp\/v2\/posts"}],"about":[{"href":"https:\/\/www.europesays.com\/it\/wp-json\/wp\/v2\/types\/post"}],"author":[{"embeddable":true,"href":"https:\/\/www.europesays.com\/it\/wp-json\/wp\/v2\/users\/3"}],"replies":[{"embeddable":true,"href":"https:\/\/www.europesays.com\/it\/wp-json\/wp\/v2\/comments?post=105165"}],"version-history":[{"count":0,"href":"https:\/\/www.europesays.com\/it\/wp-json\/wp\/v2\/posts\/105165\/revisions"}],"wp:featuredmedia":[{"embeddable":true,"href":"https:\/\/www.europesays.com\/it\/wp-json\/wp\/v2\/media\/105166"}],"wp:attachment":[{"href":"https:\/\/www.europesays.com\/it\/wp-json\/wp\/v2\/media?parent=105165"}],"wp:term":[{"taxonomy":"category","embeddable":true,"href":"https:\/\/www.europesays.com\/it\/wp-json\/wp\/v2\/categories?post=105165"},{"taxonomy":"post_tag","embeddable":true,"href":"https:\/\/www.europesays.com\/it\/wp-json\/wp\/v2\/tags?post=105165"}],"curies":[{"name":"wp","href":"https:\/\/api.w.org\/{rel}","templated":true}]}}