{"id":105514,"date":"2025-09-13T07:30:09","date_gmt":"2025-09-13T07:30:09","guid":{"rendered":"https:\/\/www.europesays.com\/it\/105514\/"},"modified":"2025-09-13T07:30:09","modified_gmt":"2025-09-13T07:30:09","slug":"juve-inter-il-derby-ditalia-dei-veleni-tutte-le-polemiche","status":"publish","type":"post","link":"https:\/\/www.europesays.com\/it\/105514\/","title":{"rendered":"Juve-Inter, il derby d&#8217;Italia dei veleni: tutte le polemiche"},"content":{"rendered":"<p class=\"paragraph\" spellcheck=\"true\">Quella della terza giornata della stagione 2024-25 sar\u00e0 la 185\u00aa sfida totale (93\u00aa a Torino) nella storia del &#8220;derby d&#8217;Italia&#8221; tra Juventus e Inter. Questa definizione si deve a Gianni Brera, che la coni\u00f2 nel 1967 per indicare la partita tra le due squadre allora pi\u00f9 titolate: 13 scudetti i bianconeri, 10 i nerazzurri. Gi\u00e0 ai tempi la rivalit\u00e0 tra le due formazioni era accesissima ed era nata da un episodio del 1961: ripercorriamo, ripartendo da l\u00ec, i momenti di tensione principale tra Juve e Inter.<\/p>\n","protected":false},"excerpt":{"rendered":"Quella della terza giornata della stagione 2024-25 sar\u00e0 la 185\u00aa sfida totale (93\u00aa a Torino) nella storia del&hellip;\n","protected":false},"author":3,"featured_media":105515,"comment_status":"","ping_status":"","sticky":false,"template":"","format":"standard","meta":{"footnotes":"","_share_on_mastodon":"0"},"categories":[1452],"tags":[18593,506,8707,19512,38821,51873,14375,2537,3186,3587,13146,74152,74153,841,562,74154,31551,585,721,33853,1856,1902,3153,74155,1932,2821,446,74156,4297,5006,22137,31558,277,71752,6920,74157,1888,4053,4085,1230,9162,3174,71535,71536,1426,1740,32384,1346,11510,629,3412,56407,5183,1911,1976,74158,12272,4302,350,74159,23777,33764,6041,48601,1537,90,89,565,63297,24448,558,70451,1914,1894,11860,71537,3483,74160,14468,6048,248,609,74161,8392,1312,14711,1290,2466,15266,135,1292,494,2518,3242,532,9612,74151,6072,9613,1739,245,244,10976,3375,6035,1641,3481,8547,2529],"class_list":["post-105514","post","type-post","status-publish","format-standard","has-post-thumbnail","category-calcio","tag-accorge","tag-accusa","tag-affrontano","tag-agnelli","tag-allianz","tag-allianz-stadium","tag-alpi","tag-altra","tag-angolo","tag-aprile","tag-arbitro","tag-arbitro-de","tag-arbitro-de-santis","tag-area","tag-attaccante","tag-attaccante-juve","tag-avvicina","tag-bianconeri","tag-calcio","tag-calcio-angolo","tag-campionato","tag-carriera","tag-centrocampista","tag-centrocampista-interista","tag-classifica","tag-collina","tag-comunale","tag-comunale-torino","tag-coppa","tag-coppa-italia","tag-costretto","tag-cuadrado","tag-de","tag-de-santis","tag-decide","tag-determinante","tag-dicembre","tag-difensore","tag-dito","tag-episodi","tag-episodio","tag-fallo","tag-felipe","tag-felipe-melo","tag-finale","tag-football","tag-formazioni","tag-fronte","tag-fuorigioco","tag-gara","tag-giocatori","tag-giornata-campionato","tag-giornata","tag-giornate","tag-gol","tag-guardalinee","tag-immagini","tag-incredibile","tag-inter","tag-inter-affrontano","tag-inter-juve","tag-inter-vince","tag-interista","tag-interisti","tag-it","tag-italia","tag-italy","tag-juve","tag-juve-inter","tag-juventino","tag-juventus","tag-juventus-inter","tag-li","tag-match","tag-mattoni","tag-melo","tag-minuto","tag-montero","tag-moratti","tag-mourinho","tag-napoli","tag-nerazzurri","tag-nerazzurri-terzi","tag-nerazzurro","tag-numero","tag-pari","tag-partita","tag-pochi","tag-polemiche","tag-presidente","tag-punti","tag-punto","tag-rete","tag-rigore","tag-san","tag-san-siro","tag-scatenando","tag-scudetto","tag-siro","tag-soccer","tag-sport","tag-sports","tag-squadre","tag-tecnico","tag-tifosi","tag-torino","tag-vantaggio","tag-verra","tag-viene"],"share_on_mastodon":{"url":"","error":""},"_links":{"self":[{"href":"https:\/\/www.europesays.com\/it\/wp-json\/wp\/v2\/posts\/105514","targetHints":{"allow":["GET"]}}],"collection":[{"href":"https:\/\/www.europesays.com\/it\/wp-json\/wp\/v2\/posts"}],"about":[{"href":"https:\/\/www.europesays.com\/it\/wp-json\/wp\/v2\/types\/post"}],"author":[{"embeddable":true,"href":"https:\/\/www.europesays.com\/it\/wp-json\/wp\/v2\/users\/3"}],"replies":[{"embeddable":true,"href":"https:\/\/www.europesays.com\/it\/wp-json\/wp\/v2\/comments?post=105514"}],"version-history":[{"count":0,"href":"https:\/\/www.europesays.com\/it\/wp-json\/wp\/v2\/posts\/105514\/revisions"}],"wp:featuredmedia":[{"embeddable":true,"href":"https:\/\/www.europesays.com\/it\/wp-json\/wp\/v2\/media\/105515"}],"wp:attachment":[{"href":"https:\/\/www.europesays.com\/it\/wp-json\/wp\/v2\/media?parent=105514"}],"wp:term":[{"taxonomy":"category","embeddable":true,"href":"https:\/\/www.europesays.com\/it\/wp-json\/wp\/v2\/categories?post=105514"},{"taxonomy":"post_tag","embeddable":true,"href":"https:\/\/www.europesays.com\/it\/wp-json\/wp\/v2\/tags?post=105514"}],"curies":[{"name":"wp","href":"https:\/\/api.w.org\/{rel}","templated":true}]}}