{"id":105711,"date":"2025-09-13T09:51:15","date_gmt":"2025-09-13T09:51:15","guid":{"rendered":"https:\/\/www.europesays.com\/it\/105711\/"},"modified":"2025-09-13T09:51:15","modified_gmt":"2025-09-13T09:51:15","slug":"raccolta-differenziata-wake-in-fright-400-live-343","status":"publish","type":"post","link":"https:\/\/www.europesays.com\/it\/105711\/","title":{"rendered":"Raccolta differenziata: Wake in Fright (400 LIVE #343)"},"content":{"rendered":"<p><a href=\"https:\/\/www.i400calci.com\/tag\/raccolta-differenziata\/\" rel=\"nofollow noopener\" target=\"_blank\">Raccolta differenziata<\/a>\u00a0\u00e8 la video-rubrica che d\u00e0 una nuova possibilit\u00e0 a film inizialmente sottovalutati da pubblico e\/o critica.<\/p>\n<p><img loading=\"lazy\" decoding=\"async\" aria-describedby=\"caption-attachment-80949\" class=\"wp-image-80949 size-large\" src=\"https:\/\/www.europesays.com\/it\/wp-content\/uploads\/2025\/09\/Wake-In-Fright-poster-2-710x533.jpg\" alt=\"\" width=\"710\" height=\"533\" data-wp-pid=\"80949\"  \/><\/p>\n<p id=\"caption-attachment-80949\" class=\"wp-caption-text\">Immagini che gridano per diventare meme<\/p>\n<p>Prima di <a href=\"https:\/\/www.imdb.com\/it\/title\/tt0416315\/\" target=\"_blank\" rel=\"noopener nofollow\">Wolf Creek<\/a>, prima di <a href=\"https:\/\/www.i400calci.com\/2015\/04\/benvenuti-in-australia-interceptor-mad-max-1979\/\" target=\"_blank\" rel=\"noopener nofollow\">Mad Max<\/a> e soprattutto prima di <a href=\"https:\/\/www.imdb.com\/it\/title\/tt0100477\/\" target=\"_blank\" rel=\"noopener nofollow\">Bianca &amp; Bernie 2<\/a>, c\u2019\u00e8 stato questo cultissimo girato nel 1971 a dare vigore al cinema della terra dei canguri. Ieri sera io, <a href=\"https:\/\/www.i400calci.com\/author\/ncobretti\/\" target=\"_blank\" rel=\"noopener nofollow\">Nanni<\/a> e <a href=\"https:\/\/www.i400calci.com\/author\/s.kubrick\/\" target=\"_blank\" rel=\"noopener nofollow\">Stanlio<\/a> vi abbiamo parlato di <a href=\"https:\/\/www.imdb.com\/it\/title\/tt0067541\/\" target=\"_blank\" rel=\"noopener nofollow\">Wake in Fright <\/a>di Ted Kotcheff (che tra l\u2019altro <a href=\"https:\/\/www.i400calci.com\/2025\/04\/r-i-p-ted-kotcheff-e-le-altre-notizie-della-settimana-400-live-303\/\" target=\"_blank\" rel=\"noopener nofollow\">ci ha lasciati ad aprile di quest\u2019anno<\/a>, quindi \u00e8 anche un buon modo per ricordarlo), un film decisamente maschio senza rischio pieno di birra, gente che si mena senza motivo e momenti controversi che coinvolgono animali. Una live piena di aneddoti legati soprattutto alla lavorazione del film e alla sua distribuzione molto travagliata, con un finale che ci vede scoprire, increduli, dell\u2019esistenza di <a href=\"https:\/\/www.imdb.com\/it\/title\/tt0128121\/\" target=\"_blank\" rel=\"noopener nofollow\">Ciao marziano<\/a> con Pippo Franco. Succede solo ai Premi Jimmy Bobo. A voi la puntata integrale:<\/p>\n<p>(trovate i nostri episodi anche su <a href=\"https:\/\/www.youtube.com\/@i400calci\" target=\"_blank\" rel=\"noopener nofollow\">Youtube<\/a> e <a href=\"https:\/\/open.spotify.com\/show\/71VRdBBwCfRaZ89rUbvV9G?si=9f087cdc4e0e4e4d&amp;nd=1&amp;dlsi=2fbf8cf1e83e4af4\" target=\"_blank\" rel=\"noopener nofollow\">Spotify<\/a>)<\/p>\n<p><strong>APPENDICI ALLA VISIONE<\/strong><\/p>\n<p><strong>PREMIO JIMMY BOBO<\/strong><\/p>\n<ol>\n<li><a href=\"https:\/\/www.imdb.com\/it\/name\/nm9023062\/?ref_=ttfc_fcr_14_5\" target=\"_blank\" rel=\"noopener nofollow\"><strong>Gianfrancesco Favino<\/strong><\/a> (project manager) 53,85 %<\/li>\n<li><a href=\"https:\/\/www.imdb.com\/it\/name\/nm0061623\/?ref_=ttfc_fcr_34_5\" target=\"_blank\" rel=\"noopener nofollow\">Michael Bau<\/a> (acknowledgment: for the South Australian Film Corporation) 23,08 %<\/li>\n<li><a href=\"https:\/\/www.imdb.com\/it\/name\/nm0053149\/?ref_=ttfc_fcr_24_5\" target=\"_blank\" rel=\"noopener nofollow\">John Barba<\/a> (casting associate) 15,38 %<\/li>\n<li><a href=\"https:\/\/www.imdb.com\/it\/name\/nm0483436\/?ref_=ttfc_fcr_28_3\" target=\"_blank\" rel=\"noopener nofollow\">Jason Lambro<\/a> (assistant location manager) 3,85 %<\/li>\n<li><a href=\"https:\/\/www.imdb.com\/it\/name\/nm0110478\/?ref_=ttfc_fcr_17_3\" target=\"_blank\" rel=\"noopener nofollow\">Karen Brocco<\/a> (assistant adr editor) 3,85 %<\/li>\n<\/ol>\n<p>Congratulazioni al migliore dei Favino! E ricordate: se vi abbonate al <a href=\"https:\/\/www.twitch.tv\/i400calci\" target=\"_blank\" rel=\"noopener nofollow\">nostro canale Twitch<\/a> il vostro voto vale doppio!<br \/>Il <strong>Crognale d\u2019argento<\/strong> va invece a Michael Bau, che se fossi un autore per la rivista Topolino lo userei immediatamente per una versione del Bayhem nel Calisota.<br \/>Votate il vostro preferito nei commenti per assegnare in differita il <strong>Premio Manon Serve<\/strong>!<\/p>\n<p><img loading=\"lazy\" decoding=\"async\" aria-describedby=\"caption-attachment-80948\" class=\"wp-image-80948 size-large\" src=\"https:\/\/www.europesays.com\/it\/wp-content\/uploads\/2025\/09\/ciao-marziano-710x399.jpg\" alt=\"\" width=\"710\" height=\"399\" data-wp-pid=\"80948\"  \/><\/p>\n<p id=\"caption-attachment-80948\" class=\"wp-caption-text\">E gi\u00e0 che ci siete votate per un Fratelli di sangue con The Martian di Ridley Scott<\/p>\n<p><strong>PROSSIMI APPUNTAMENTI SU TWITCH<\/strong><\/p>\n<p><strong>Luned\u00ec 15 settembre, ore 21<\/strong>: LA PALESTRA DEI 400 CALCI<br \/>Il nostro consueto appuntamento con le news pi\u00f9 calciabili della settimana, il cazzeggio e le vostre domande.<\/p>\n<p><strong>Gioved\u00ec 18 settembre, ore 21<\/strong>: \u00c8 uscito negli USA il cofanetto <a href=\"https:\/\/diabolikdvd.com\/product\/brivido-giallo-le-boxset-graveyard-disturbance-until-death-the-ogre-dinner-with-a-vampire-cd-blu-ray-all-region-preorder\/\" target=\"_blank\" rel=\"noopener nofollow\"><strong>Brivido Giallo<\/strong><\/a>, quattro blu-ray che contengono altrettanti horror realizzati nel 1987 da Lamberto Bava per la tv italiana. Una notte al cimitero, in particolare, contiene il commento audio del nostro boss <a href=\"https:\/\/www.i400calci.com\/author\/ncobretti\/\" target=\"_blank\" rel=\"noopener nofollow\">Nanni Cobretti<\/a> e <strong><a href=\"https:\/\/www.instagram.com\/ercolanieugenio\/?hl=it\" target=\"_blank\" rel=\"noopener nofollow\">Eugenio Ercolani<\/a><\/strong>. Per festeggiare, avremo di nuovo Eugenio con noi e, per la rubrica <a href=\"https:\/\/www.i400calci.com\/tag\/saghe-da-combattimento\/\" target=\"_blank\" rel=\"noopener nofollow\">Saghe da combattimento<\/a>, parleremo dei classicissimi <strong>Demoni<\/strong> e <strong>Demoni 2<\/strong>.<\/p>\n<p><img loading=\"lazy\" decoding=\"async\" class=\"aligncenter wp-image-80951 size-large\" src=\"https:\/\/www.europesays.com\/it\/wp-content\/uploads\/2025\/09\/SSO-4-710x399.jpg\" alt=\"\" width=\"710\" height=\"399\" data-wp-pid=\"80951\"  \/><\/p>\n<p>TRAMA: un gruppo di gente viene invitata a un\u2019anteprima speciale al cinema in cui i mostri escono davvero dallo schermo. Non ne avete saputo niente perch\u00e9 c\u2019era l\u2019embargo.<\/p>\n<p>Demoni [<a href=\"https:\/\/www.imdb.com\/it\/title\/tt0089013\/\" target=\"_blank\" rel=\"noopener nofollow\">IMDb<\/a> | <a href=\"https:\/\/www.youtube.com\/watch?v=_59ssegTKr4\" target=\"_blank\" rel=\"noopener nofollow\">Trailer<\/a>]<br \/>Demoni 2 [<a href=\"https:\/\/www.imdb.com\/it\/title\/tt0090930\/\" target=\"_blank\" rel=\"noopener nofollow\">IMDb<\/a> | <a href=\"https:\/\/www.youtube.com\/watch?v=yiDmpU79kUc\" target=\"_blank\" rel=\"noopener nofollow\">Trailer<\/a>]<\/p>\n<p>Un grazie finale alla <a href=\"https:\/\/www.instagram.com\/p\/CcnHx99D5VQ\/\" target=\"_blank\" rel=\"noopener nofollow\">videosigla<\/a> di Christian Aliprandi e Dario Cogliati, all\u2019inno <a href=\"https:\/\/bfan.link\/trenodia-per-le-vittime-di-val-verde\" target=\"_blank\" rel=\"noopener nofollow\">Trenodia per le vittime di Val Verde<\/a> di Ludwig Van Verhoeven e alla sigla <a href=\"https:\/\/www.i400calci.com\/2014\/04\/boom-nanowar-of-steel-i-400-calci-il-video\/\" target=\"_blank\" rel=\"noopener nofollow\">400 Calci<\/a> dei Nanowar of Steel.<\/p>\n<p>Dove guardare Demoni<\/p>\n<p><script async src=\"\/\/www.instagram.com\/embed.js\"><\/script><\/p>\n","protected":false},"excerpt":{"rendered":"Raccolta differenziata\u00a0\u00e8 la video-rubrica che d\u00e0 una nuova possibilit\u00e0 a film inizialmente sottovalutati da pubblico e\/o critica. Immagini&hellip;\n","protected":false},"author":3,"featured_media":105712,"comment_status":"","ping_status":"","sticky":false,"template":"","format":"standard","meta":{"footnotes":""},"categories":[1442],"tags":[23495,23496,23497,23498,23499,3631,74327,203,454,204,1537,90,89,74328,1521,49946,49951,74329,74330,2392,74331],"class_list":{"0":"post-105711","1":"post","2":"type-post","3":"status-publish","4":"format-standard","5":"has-post-thumbnail","7":"category-film","8":"tag-400-calci","9":"tag-400-live","10":"tag-400-spotify","11":"tag-400-twitch","12":"tag-400-youtube","13":"tag-australia","14":"tag-canguri","15":"tag-entertainment","16":"tag-film","17":"tag-intrattenimento","18":"tag-it","19":"tag-italia","20":"tag-italy","21":"tag-mad-max","22":"tag-movies","23":"tag-raccolta-differenziata","24":"tag-t-maverick","25":"tag-ted-kotcheff","26":"tag-terra-dei-canguri","27":"tag-video","28":"tag-wake-in-fright"},"share_on_mastodon":{"url":"","error":""},"_links":{"self":[{"href":"https:\/\/www.europesays.com\/it\/wp-json\/wp\/v2\/posts\/105711","targetHints":{"allow":["GET"]}}],"collection":[{"href":"https:\/\/www.europesays.com\/it\/wp-json\/wp\/v2\/posts"}],"about":[{"href":"https:\/\/www.europesays.com\/it\/wp-json\/wp\/v2\/types\/post"}],"author":[{"embeddable":true,"href":"https:\/\/www.europesays.com\/it\/wp-json\/wp\/v2\/users\/3"}],"replies":[{"embeddable":true,"href":"https:\/\/www.europesays.com\/it\/wp-json\/wp\/v2\/comments?post=105711"}],"version-history":[{"count":0,"href":"https:\/\/www.europesays.com\/it\/wp-json\/wp\/v2\/posts\/105711\/revisions"}],"wp:featuredmedia":[{"embeddable":true,"href":"https:\/\/www.europesays.com\/it\/wp-json\/wp\/v2\/media\/105712"}],"wp:attachment":[{"href":"https:\/\/www.europesays.com\/it\/wp-json\/wp\/v2\/media?parent=105711"}],"wp:term":[{"taxonomy":"category","embeddable":true,"href":"https:\/\/www.europesays.com\/it\/wp-json\/wp\/v2\/categories?post=105711"},{"taxonomy":"post_tag","embeddable":true,"href":"https:\/\/www.europesays.com\/it\/wp-json\/wp\/v2\/tags?post=105711"}],"curies":[{"name":"wp","href":"https:\/\/api.w.org\/{rel}","templated":true}]}}