{"id":105747,"date":"2025-09-13T10:15:25","date_gmt":"2025-09-13T10:15:25","guid":{"rendered":"https:\/\/www.europesays.com\/it\/105747\/"},"modified":"2025-09-13T10:15:25","modified_gmt":"2025-09-13T10:15:25","slug":"dallindia-allitalia-cosi-sosteniamo-le-famiglie-che-fanno-fatica-ad-acquistare-i-libri-di-scuola","status":"publish","type":"post","link":"https:\/\/www.europesays.com\/it\/105747\/","title":{"rendered":"Dall&#8217;India all&#8217;Italia, cos\u00ec sosteniamo le famiglie che fanno fatica ad acquistare i libri di scuola"},"content":{"rendered":"<p>Ripartono le scuole, con molte novit\u00e0 dal punto di vista delle regole (telefonini soprattutto) e per quanto riguarda gli esami di maturit\u00e0 . Non molto nuovi sono i problemi, si ricomincia con il girotondo degli insegnanti, che verranno nominati pi\u00f9 avanti e con edifici spesso malconci. Fortunatamente qualche istituto potr\u00e0 annunciare un nuovo laboratorio e non l\u2019installazione di un <strong>metal detector<\/strong> all\u2019ingresso come avviene ormai da anni in molte scuole degli Stati Uniti. Ma questo \u00e8 un altro discorso.<\/p>\n<p>Anche la scuola sta risentendo degli<strong> aumenti del costo della vita,<\/strong> non si tratta solo dei libri (sempre di pi\u00f9 e sempre pi\u00f9 costosi) ma del materiale d\u2019uso, quaderni e cancelleria oltre che dei costosissimi astucci e zainetti. Di come la scuola incida nel <strong>bilancio familiare<\/strong>, si sono accorte alcune catene di supermercati che praticano raccolte punti per sostenere le biblioteche, i laboratori o le palestre. Persino <strong>McDonald\u2019s<\/strong> ha inaugurato un piccola <strong>sezione scuola<\/strong>, con dei kit, su un versante pi\u00f9 giocoso. La scuola italiana resta un grande corpo che interessa milioni di persone, un abito usurato.<\/p>\n<p>                <a href=\"https:\/\/www.ilfattoquotidiano.it\/2025\/09\/12\/primo-giorno-scuola-ricordo-insegnanti-oggi\/8123636\/\" rel=\"nofollow noopener\" target=\"_blank\"><br \/>\n                    Il primo amore lo puoi scordare, ma il primo giorno di scuola non lo dimentichi mai<br \/>\n                <\/a><br \/>\n                                    <img decoding=\"async\" loading=\"lazy\" src=\"https:\/\/www.europesays.com\/it\/wp-content\/uploads\/2025\/09\/med-1200x630-14-330x248.jpg\" alt=\"Il primo amore lo puoi scordare, ma il primo giorno di scuola non lo dimentichi mai\" width=\"330\" height=\"173\"\/><\/p>\n<p>            <a class=\"ifq-wrapper-custom-correlato__link\" href=\"https:\/\/www.ilfattoquotidiano.it\/2025\/09\/12\/primo-giorno-scuola-ricordo-insegnanti-oggi\/8123636\/\" rel=\"nofollow noopener\" target=\"_blank\"><br \/>\n                Leggi articolo<\/p>\n<p>            <\/a><\/p>\n<p>Da anni con <strong>Vivere con Lentezza<\/strong> abbiamo abbracciato il tema della scuola in <strong>India,<\/strong> sostenendo gli studi soprattutto delle ragazze e delle bambine di famiglie che altrimenti non consentirebbero gli studi delle loro figlie, ma da qualche anno stiamo cercando di sostenere gli studi anche di famiglie del nostro Paese che fanno fatica ad <strong>acquistare i libri.<\/strong> Non si tratta di grandi cifre (attorno ai 300-400 euro) rivolte soprattutto a situazioni per cos\u00ec dire di vicinato (piccoli paesi come Borgonovo e Pianello in Val Tidone, tutti in provincia di Piacenza). Non potendo disporre di risorse ingenti, abbiamo messo a punto un metodo che ci consente di arrivare dove davvero il bisogno esiste, senza sprechi.<\/p>\n<p>Come arrivare alle famiglie con un buon grado di certezza? Sono nati cos\u00ec i <strong>Cartolibrai Vedetta,<\/strong> quelli che abitualmente forniscono libri e materiali per le scuole medie e che spesso si accordano per delle <strong>rateazioni<\/strong> con i clienti. Vere e proprie antenne sul territorio, i primi a rendersi conto se una famiglia, magari numerosa, non ce la fa, a quel punto interveniamo noi, magari non per<strong> l\u2019intera cifra.<\/strong> Gli anni pi\u00f9 cruciali sono quelli di inizio ciclo, la prima media o il primo anno delle superiori, dove tutto comincia da capo.<\/p>\n<p>Quello di richiedere (non sempre) una piccola partecipazione degli <strong>interessati,<\/strong> \u00e8 un modo di agire che abbiamo affinato con il nostro intervento a Jaipur che consente una responsabilizzazione delle persone assistite e nello stesso tempo di sostenere un maggior numero di casi. In genere l\u2019intervento \u00e8 <strong>anonimo,<\/strong> alcune madri si vergognano di dovere ammettere lo stato di difficolt\u00e0 (la povert\u00e0 come vergogna). La novit\u00e0 di quest\u2019anno \u00e8 data dal fatto che si tratta totalmente di <strong>famiglie italiane.<\/strong> Piccoli aiuti puntuali che consentono di mandare avanti la baracca, pi\u00f9 complicati in una grande citt\u00e0.<\/p>\n<p>Se vi sembra una buona idea per maggiori per informazioni ci trovate su www.vivereconlentezza.it, le Cartolibraie Vedetta sono Francesca a Pianello e Lidia a Borgonovo.<\/p>\n","protected":false},"excerpt":{"rendered":"Ripartono le scuole, con molte novit\u00e0 dal punto di vista delle regole (telefonini soprattutto) e per quanto riguarda&hellip;\n","protected":false},"author":3,"featured_media":82554,"comment_status":"","ping_status":"","sticky":false,"template":"","format":"standard","meta":{"footnotes":""},"categories":[1445],"tags":[1608,203,204,1537,90,89,1609],"class_list":{"0":"post-105747","1":"post","2":"type-post","3":"status-publish","4":"format-standard","5":"has-post-thumbnail","7":"category-libri","8":"tag-books","9":"tag-entertainment","10":"tag-intrattenimento","11":"tag-it","12":"tag-italia","13":"tag-italy","14":"tag-libri"},"share_on_mastodon":{"url":"","error":""},"_links":{"self":[{"href":"https:\/\/www.europesays.com\/it\/wp-json\/wp\/v2\/posts\/105747","targetHints":{"allow":["GET"]}}],"collection":[{"href":"https:\/\/www.europesays.com\/it\/wp-json\/wp\/v2\/posts"}],"about":[{"href":"https:\/\/www.europesays.com\/it\/wp-json\/wp\/v2\/types\/post"}],"author":[{"embeddable":true,"href":"https:\/\/www.europesays.com\/it\/wp-json\/wp\/v2\/users\/3"}],"replies":[{"embeddable":true,"href":"https:\/\/www.europesays.com\/it\/wp-json\/wp\/v2\/comments?post=105747"}],"version-history":[{"count":0,"href":"https:\/\/www.europesays.com\/it\/wp-json\/wp\/v2\/posts\/105747\/revisions"}],"wp:featuredmedia":[{"embeddable":true,"href":"https:\/\/www.europesays.com\/it\/wp-json\/wp\/v2\/media\/82554"}],"wp:attachment":[{"href":"https:\/\/www.europesays.com\/it\/wp-json\/wp\/v2\/media?parent=105747"}],"wp:term":[{"taxonomy":"category","embeddable":true,"href":"https:\/\/www.europesays.com\/it\/wp-json\/wp\/v2\/categories?post=105747"},{"taxonomy":"post_tag","embeddable":true,"href":"https:\/\/www.europesays.com\/it\/wp-json\/wp\/v2\/tags?post=105747"}],"curies":[{"name":"wp","href":"https:\/\/api.w.org\/{rel}","templated":true}]}}