{"id":105748,"date":"2025-09-13T10:16:09","date_gmt":"2025-09-13T10:16:09","guid":{"rendered":"https:\/\/www.europesays.com\/it\/105748\/"},"modified":"2025-09-13T10:16:09","modified_gmt":"2025-09-13T10:16:09","slug":"ecco-quando-andra-in-onda-su-canale-5","status":"publish","type":"post","link":"https:\/\/www.europesays.com\/it\/105748\/","title":{"rendered":"ecco quando andr\u00e0 in onda su Canale 5"},"content":{"rendered":"<p>Doppia messa in onda per Temptation Island e poi&#8230; E poi. Lo speciale del reality show di Canale 5 raddoppia, ecco i dettagli. <\/p>\n<p>Grande attesa per la messa in onda, in prima serata su <strong>Canale 5 <\/strong>dello speciale di Temptation Island dal titolo<strong> Temptation Island e poi\u2026 E poi<\/strong>. La puntata \u00e8 prevista per il 15 settembre 2025 ma non sar\u00e0 l\u2019unica data, dal momento che Mediaset ha deciso di <strong>raddoppiare <\/strong>anche questa volta. Ecco i dettagli.<\/p>\n<p>Temptation Island, Anticipazioni sullo speciale<\/p>\n<p>Questo anno i protagonisti di <strong>Temptation Island <\/strong>hanno dovuto vivere in maniera molto diversa il loro ritorno alla vita di tutti i giorni. A differenza delle ultime edizioni, infatti, dopo l\u2019intervista del mese dopo con<strong> Filippo Bisciglia<\/strong> a nessuno di loro \u00e8 stata data la possibilit\u00e0 di parlare apertamente sui social o attraverso le interviste, dal momento che la redazione ha pensato ad uno speciale da proporre in prima serata su Canale 5, per raccontare nel dettaglio tutte le loro storie. Il pubblico \u00e8 decisamente molto curioso di scoprire cosa \u00e8 successo alle coppie anche se, grazie a qualche <a href=\"https:\/\/www.comingsoon.it\/vip\/news\/temptation-island-in-attesa-dello-speciale-ecco-tutto-quello-che-sappiamo\/n207754\/\" target=\"_blank\" title=\"anticipazione e segnalazione, conosciamo cosa \u00e8 accaduto ad alcune di loro\" rel=\"nofollow noopener\"><strong>anticipazione e segnalazione, conosciamo cosa \u00e8 accaduto ad alcune di loro<\/strong><\/a> durante la lunga estate.<\/p>\n<p><strong>Temptation Island e poi\u2026 E Poi <\/strong>&#8211; questo il nome della puntata speciale che sar\u00e0 sempre condotta da Bisciglia &#8211; \u00e8 una trovata inevitabile dato che questa stagione del programma ha totalizzato uno share incredibile, dunque Mediaset si assicura un\u2019altra prima serata stellare. Ma a quanto sembra non si tratta di un solo appuntamento televisivo come inizialmente annunciato, bens\u00ec di <strong>due puntate speciali<\/strong>. Ecco le ultime notizie.<\/p>\n<p>Temptation Island e poi\u2026 E Poi raddoppia su Canale 5<\/p>\n<p>Stando a quanto rivelato da Lorenzo Pugnaloni nelle sue Ig Stories, <strong>Temptation Island e poi\u2026 E Poi <\/strong>non sar\u00e0 trasmesso esclusivamente il 15 settembre 2025 come inizialmente promesso al pubblico di Canale 5, bens\u00ec avr\u00e0 un doppio appuntamento. A dare conferma della doppia messa in onda dello speciale del reality show condotto da Filippo Bisciglia anche bubinoblog.it che fa sapere che ci saranno due puntate dunque una <strong>luned\u00ec 15 settembre <\/strong>e una poi <strong>luned\u00ec 22 settembre<\/strong>.<\/p>\n<p>Una notizia che divide dato che c\u2019\u00e8 chi vorrebbe sapere tutto subito sulle coppie, dopo aver trascorso gli ultimi mesi a domandarsi cosa sia successo ad ognuno dei partecipati di questa stagione, e chi invece \u00e8 felice perch\u00e9 potr\u00e0 godersi ben due prime serate a tema. Voi cosa ne pensate? Occhi puntati su Sarah Esposito, che potrebbe direttamente ricevere la proposta come nuova tronista. <\/p>\n<p>Scopri le ultime news su <a href=\"https:\/\/www.comingsoon.it\/tv\/temptation-island\/7\/scheda\/\" target=\"_blank\" title=\"Temptation Island\" rel=\"nofollow noopener\"><strong>Temptation Island<\/strong><\/a>.<\/p>\n","protected":false},"excerpt":{"rendered":"Doppia messa in onda per Temptation Island e poi&#8230; E poi. Lo speciale del reality show di Canale&hellip;\n","protected":false},"author":3,"featured_media":105749,"comment_status":"","ping_status":"","sticky":false,"template":"","format":"standard","meta":{"footnotes":""},"categories":[1444],"tags":[203,204,1537,90,89,253],"class_list":{"0":"post-105748","1":"post","2":"type-post","3":"status-publish","4":"format-standard","5":"has-post-thumbnail","7":"category-tv","8":"tag-entertainment","9":"tag-intrattenimento","10":"tag-it","11":"tag-italia","12":"tag-italy","13":"tag-tv"},"share_on_mastodon":{"url":"","error":""},"_links":{"self":[{"href":"https:\/\/www.europesays.com\/it\/wp-json\/wp\/v2\/posts\/105748","targetHints":{"allow":["GET"]}}],"collection":[{"href":"https:\/\/www.europesays.com\/it\/wp-json\/wp\/v2\/posts"}],"about":[{"href":"https:\/\/www.europesays.com\/it\/wp-json\/wp\/v2\/types\/post"}],"author":[{"embeddable":true,"href":"https:\/\/www.europesays.com\/it\/wp-json\/wp\/v2\/users\/3"}],"replies":[{"embeddable":true,"href":"https:\/\/www.europesays.com\/it\/wp-json\/wp\/v2\/comments?post=105748"}],"version-history":[{"count":0,"href":"https:\/\/www.europesays.com\/it\/wp-json\/wp\/v2\/posts\/105748\/revisions"}],"wp:featuredmedia":[{"embeddable":true,"href":"https:\/\/www.europesays.com\/it\/wp-json\/wp\/v2\/media\/105749"}],"wp:attachment":[{"href":"https:\/\/www.europesays.com\/it\/wp-json\/wp\/v2\/media?parent=105748"}],"wp:term":[{"taxonomy":"category","embeddable":true,"href":"https:\/\/www.europesays.com\/it\/wp-json\/wp\/v2\/categories?post=105748"},{"taxonomy":"post_tag","embeddable":true,"href":"https:\/\/www.europesays.com\/it\/wp-json\/wp\/v2\/tags?post=105748"}],"curies":[{"name":"wp","href":"https:\/\/api.w.org\/{rel}","templated":true}]}}