{"id":105767,"date":"2025-09-13T10:26:08","date_gmt":"2025-09-13T10:26:08","guid":{"rendered":"https:\/\/www.europesays.com\/it\/105767\/"},"modified":"2025-09-13T10:26:08","modified_gmt":"2025-09-13T10:26:08","slug":"meloni-noi-accusati-di-odio-da-chi-festeggia-lomicidio-di-kirk","status":"publish","type":"post","link":"https:\/\/www.europesays.com\/it\/105767\/","title":{"rendered":"Meloni: \u00abNoi accusati di odio da chi festeggia l&#8217;omicidio di Kirk\u00bb"},"content":{"rendered":"<p>    di<br \/>\n    Cesare Zapperi<\/p>\n<p class=\"summary-art is-line-h-12\">La presidente del Consiglio parla delle polemiche sulla violenza fisica e verbale alla festa dell&#8217;Udc a Roma<\/p>\n<p class=\"chapter-paragraph\"><b>Giorgia Meloni<\/b> sulla violenza politica che ha infiammato gli ultimi giorni va all&#8217;attacco. \u00abVengo da una comunit\u00e0 politica che spesso <b>\u00e8 stata accusata di diffondere odio, guarda un po&#8217; dagli stessi che festeggiano e giustificano l&#8217;omicidio intenzionale di un ragazzo che aveva la colpa di difendere con coraggio le sue idee\u00bb<\/b>. Cos\u00ec la premier intervenendo alla festa nazionale dell&#8217;Udc, a Roma, facendo riferimento <a href=\"https:\/\/www.corriere.it\/esteri\/25_settembre_13\/tyler-robinson-chi-e-ritratto-ucciso-charlie-kirk-1e9e3a2b-80df-4fd6-867f-6372a77e7xlk.shtml\" title=\"Chi \u00e8 Tyler Robinson, il 22 enne che ha ucciso Charlie Kirk: le vacanze a Disneyland, la borsa di studio da 32 mila dollari e quei proiettili con inciso \u00abehi fascista, beccati questa!\u00bb\" rel=\"nofollow noopener\" target=\"_blank\">all&#8217;assassinio di Charlie Kirk<\/a>.<\/p>\n<p class=\"chapter-paragraph\">La presidente del Consiglio entra nel merito: \u00ab<b>Ho letto commenti disumani sulla <a href=\"https:\/\/www.corriere.it\/esteri\/25_settembre_12\/charlie-kirk-trump-catturato-sospetto-e2ec0f1d-88ef-4dee-ba9a-5aeb70d63xlk.shtml\" title=\"Charlie Kirk, l&#039;annuncio di Trump: \u00abPreso il killer, spero che gli diano la pena di morte. Convinto a consegnarsi dal padre\u00bb. \u00c8 un 22enne dello Utah\" rel=\"nofollow noopener\" target=\"_blank\">morte di Charlie Kirk<\/a>. Odifreddi ha detto che sparare a Martin Luther Kink e a un rappresentante MAGA non \u00e8 la stessa cosa<\/b>. Dobbiamo immaginare pene inferiori per chi spara a un esponente di destra. Credo<b> sia arrivato il momento di chiedere conto alla sinistra italiana di questo continuo minimizzare o giustificazionismo della violenza<\/b> contro chi non la pensa come loro. \u00c8 ora di dire chiaramente che <b>queste tesi sono pericolose, impresentabili e antitetiche a qualsiasi embrione di democrazia\u00bb.<\/b>    &#13;<br \/>\n&#13;<br \/>\n&#13;<br \/>\n&#13;<br \/>\n&#13;<br \/>\n&#13;<br \/>\n&#13;<br \/>\n&#13;<br \/>\n&#13;<br \/>\n&#13;<br \/>\n&#13;<br \/>\n&#13;<br \/>\n&#13;<br \/>\n&#13;<br \/>\n&#13;<br \/>\n&#13;<br \/>\n&#13;<br \/>\n&#13;<br \/>\n&#13;<br \/>\n&#13;<br \/>\n&#13;<br \/>\n&#13;<br \/>\n&#13;<br \/>\n&#13;<br \/>\n&#13;<br \/>\n&#13;<br \/>\n&#13;<br \/>\n&#13;<br \/>\n&#13;<br \/>\n&#13;<br \/>\n&#13;<br \/>\n&#13;<br \/>\n&#13;<br \/>\n&#13;<br \/>\n&#13;<br \/>\n&#13;<br \/>\n&#13;<br \/>\n&#13;<br \/>\n&#13;<br \/>\n&#13;<br \/>\n&#13;<br \/>\n&#13;<br \/>\n&#13;<br \/>\n&#13;<br \/>\n&#13;<br \/>\n&#13;<br \/>\n&#13;<br \/>\n&#13;<br \/>\n&#13;<br \/>\n&#13;<br \/>\n&#13;<br \/>\n&#13;<br \/>\n&#13;\n<\/p>\n<p class=\"chapter-paragraph\">Poi il discorso di Meloni vira sulle vicende italiane. Il governo \u00abporta avanti le sue riforme\u00bb per \u00ab<b>rimettere l&#8217;Italia nel posto che merita sullo scacchiere internazionale<\/b>\u00bb.\u00a0 \u00abDimostriamo che la politica puo&#8217; essere autorevole, credibile, capace di dedizione e sacrifico\u00bb. <b>\u00abSiamo rimasti coerenti con gli impegni presi con gli italiani<\/b>, e numeri alla mano sembra che gli italiani lo vedano. Amiamo questa nazione e lavoriamo per restituirle il futuro di benessere e autorevolezza che merita.<b> Si pu\u00f2 invertire il declino, ci vogliono lavoro e sacrifici ma si pu\u00f2 fare. L&#8217;Italia \u00e8 tornata protagonista sul piano internazionale, <\/b>si mostra stabile, credibile e solida, anche economicamente. Lo dice anche la ritrovata fiducia degli investitori e dei mercati. Siamo di fatto l&#8217;ancora di stabilit\u00e0 in Europa\u00bb.<\/p>\n<p class=\"chapter-paragraph\">La ribalta dell&#8217;Udc serve alla premier per lanciare una sorta di programma d&#8217;autunno. <b>\u00abVogliamo archiviare la stagione dei governi tecnici<\/b>, arcobaleno, che passano sulla testa dei cittadini. I cittadini chiedono governi politici, stabili, e<b> vogliamo rispondere a questa richiesta con la riforma del premierato, necessaria per rafforzare la democrazia e l&#8217;economia.<\/b> Stiamo vedendo come la stabilit\u00e0 faccia la differenza, solo un governo stabile pu\u00f2 avere visione\u00bb. Cos\u00ec\u00a0\u00abcome<b> intendiamo andare avanti con la riforma della giustizia. Andremo avanti sulla separazione delle carriere, sulla riforma del Csm<\/b>. Perch\u00e9 vogliamo spezzare quel sistema correntizio che ha umiliato la magistratura e rendere la giustizia pi\u00f9 efficiente e pi\u00f9 giusta per i cittadini\u00bb.<\/p>\n<p class=\"chapter-paragraph\">\u00abL&#8217;Italia e&#8217; tornata protagonista a livello internazionale.<b> Si presenta stabile sul piano politico, chiara nel posizionamento, coraggiosa nelle scelte, solida sul piano economico e finanziario. <\/b>Lo dicono i dati macroeconomici, lo dice la crescita del Pil, lo dicono i numeri sull&#8217;occupazione, oltre un milione di posti di lavoro creati in mille giorni, lo dice la ritrovata fiducia degli investitori, dei mercati\u00bb, ha rimarcato ancora la premier. \u00ab<b>Dicevano che con il centrodestra al Governo, particolarmente con la Meloni presidente del Consiglio l&#8217;Italia sarebbe andata in default. E le cose &#8211; ha voluto sottolineare ancora Meloni &#8211; sono andate in maniera leggermente diversa<\/b> perche&#8217; la verita&#8217; e&#8217; che la sinistra non azzecca una previsione da qualche decennio. Oggi noi siamo di fatto l&#8217;ancora di stabilita&#8217; in Europa e chiaramente ne siamo orgogliosi. Ma <b>questi risultati non ci sono piovuti addosso, sono frutto di scelte che noi abbiamo fatto.<\/b> Abbiamo smesso di gettare i soldi dei cittadini dalla finestra nonostante i debiti da pagare che ci hanno lasciato i nostri predecessori\u00bb.<\/p>\n<p class=\"chapter-paragraph\">L&#8217;attenzione si sposta sui temi economici e fiscali. \u00abAbbiamo smesso di gettare i soldi dei cittadini dalla finestra, nonostante i debiti da pagare che ci hanno lasciato i nostri predecessori<b> non abbiamo aumentato le tasse ma le abbiamo abbassate e vogliamo proseguire in questa direzione concentrandoci ora con la prossima legge di bilancio sul ceto medio<\/b>\u00bb. Ancora: \u00abAbbiamo difeso il potere d&#8217;acquisto dei lavoratori rendendo strutturale il taglio del cuneo fiscale e incentivando le imprese che assumevano, <b>abbiamo previsto stanziamenti record per la sanit\u00e0, abbiamo messo al primo posto come priorit\u00e0 l&#8217;attenzione alla famiglia, <\/b>l&#8217;attenzione alla natalit\u00e0 &#8211; ha sottolineato ancora &#8211; nel 2024 abbiamo <b>assicurato benefici netti per le famiglie per oltre 16 miliardi di euro<\/b> aumentando i mesi di congedo parentale retribuito all&#8217;ottanta per cento, riprendendo di fatto l&#8217;asilo nido gratuito per il secondo figlio per le famiglie che hanno fino a 40.000 euro\u00bb.<\/p>\n<p class=\"chapter-paragraph\">Le ultime battute sono riservate ai cattolici: \u00abMi hanno fatto sorridere alcuni commenti dopo il mio discorso al Meeting di Rimini. <b>C&#8217;\u00e8 chi ha detto che sono diventata una democristiana 2.0 perch\u00e9 volevo dare la caccia ai cattolici. State tranquilli che non vi do la caccia&#8230; <\/b>Tranquillizzo tutti, non sto dando la caccia a nessuno, non cerco una legittimazione religiosa. Spero che il Nostro Signore ci dia una mano ma \u00e8 tutto un altro tema&#8230; Rimango sempre me stessa, non ho mai avuto stima dei politici multiformi che inseguono le contingenze.<b> Quello che ho detto al Meeting \u00e8 quello che penso da sempre\u00bb.<\/b><\/p>\n<p>        La newsletter Diario Politico<\/p>\n<p class=\"chapter-paragraph\">Se vuoi restare aggiornato sulle notizie di politica iscriviti alla newsletter &#8220;Diario Politico&#8221;. E&#8217; dedicata agli abbonati al Corriere della Sera e arriva due volte alla settimana alle 12. Basta cliccare <a style=\"text-decoration:underline;\" href=\"https:\/\/www.corriere.it\/newsletter\/?theme=51\" rel=\"nofollow noopener\" target=\"_blank\">qui<\/a>.<\/p>\n<p class=\"is-last-update\" datetime=\"2025-09-13T12:22:27+02:00\">13 settembre 2025 ( modifica il 13 settembre 2025 | 12:22)<\/p>\n<p class=\"is-copyright\">\n            \u00a9 RIPRODUZIONE RISERVATA\n        <\/p>\n","protected":false},"excerpt":{"rendered":"di Cesare Zapperi La presidente del Consiglio parla delle polemiche sulla violenza fisica e verbale alla festa dell&#8217;Udc&hellip;\n","protected":false},"author":3,"featured_media":105768,"comment_status":"","ping_status":"","sticky":false,"template":"","format":"standard","meta":{"footnotes":""},"categories":[6],"tags":[2109,6478,1325,41708,71257,8751,1064,74354,74355,2715,46183,14,21381,74356,74357,7695,11795,25,724,3085,943,74358,2217,74359,74360,3593,74361,74362,12586,74363,74364,74365,74366,74367,485,25763,8,832,3772,74368,1537,90,89,71256,58,7,15,82,9,83,10,975,477,115,135,2417,16984,13,33714,11,80,84,12,81,85,1467,4967],"class_list":{"0":"post-105767","1":"post","2":"type-post","3":"status-publish","4":"format-standard","5":"has-post-thumbnail","7":"category-ultime-notizie","8":"tag-attenzione","9":"tag-caccia","10":"tag-cattolici","11":"tag-charlie","12":"tag-charlie-kirk","13":"tag-chiaramente","14":"tag-cittadini","15":"tag-cittadini-finestra","16":"tag-cittadini-finestra-debiti","17":"tag-commenti","18":"tag-credibile","19":"tag-cronaca","20":"tag-debiti","21":"tag-debiti-pagare","22":"tag-debiti-pagare-predecessori","23":"tag-democrazia","24":"tag-dicono","25":"tag-discorso","26":"tag-euro","27":"tag-europa","28":"tag-famiglie","29":"tag-famiglie-euro","30":"tag-festa","31":"tag-festa-udc","32":"tag-festa-udc-roma","33":"tag-fiducia","34":"tag-fiducia-investitori","35":"tag-fiducia-investitori-mercati","36":"tag-finestra","37":"tag-finestra-debiti","38":"tag-finestra-debiti-pagare","39":"tag-gettare","40":"tag-gettare-soldi","41":"tag-gettare-soldi-cittadini","42":"tag-giustizia","43":"tag-governi","44":"tag-headlines","45":"tag-internazionale","46":"tag-investitori","47":"tag-investitori-mercati","48":"tag-it","49":"tag-italia","50":"tag-italy","51":"tag-kirk","52":"tag-meloni","53":"tag-news","54":"tag-notizie","55":"tag-notizie-di-cronaca","56":"tag-notizie-principali","57":"tag-notiziedicronaca","58":"tag-notizieprincipali","59":"tag-piano","60":"tag-politica","61":"tag-premier","62":"tag-presidente","63":"tag-riforma","64":"tag-stabile","65":"tag-titoli","66":"tag-udc","67":"tag-ultime-notizie","68":"tag-ultime-notizie-di-cronaca","69":"tag-ultime-notizie-e-news-di-oggi","70":"tag-ultimenotizie","71":"tag-ultimenotiziedicronaca","72":"tag-ultimenotizieenewsdioggi","73":"tag-violenza","74":"tag-vogliamo"},"share_on_mastodon":{"url":"","error":""},"_links":{"self":[{"href":"https:\/\/www.europesays.com\/it\/wp-json\/wp\/v2\/posts\/105767","targetHints":{"allow":["GET"]}}],"collection":[{"href":"https:\/\/www.europesays.com\/it\/wp-json\/wp\/v2\/posts"}],"about":[{"href":"https:\/\/www.europesays.com\/it\/wp-json\/wp\/v2\/types\/post"}],"author":[{"embeddable":true,"href":"https:\/\/www.europesays.com\/it\/wp-json\/wp\/v2\/users\/3"}],"replies":[{"embeddable":true,"href":"https:\/\/www.europesays.com\/it\/wp-json\/wp\/v2\/comments?post=105767"}],"version-history":[{"count":0,"href":"https:\/\/www.europesays.com\/it\/wp-json\/wp\/v2\/posts\/105767\/revisions"}],"wp:featuredmedia":[{"embeddable":true,"href":"https:\/\/www.europesays.com\/it\/wp-json\/wp\/v2\/media\/105768"}],"wp:attachment":[{"href":"https:\/\/www.europesays.com\/it\/wp-json\/wp\/v2\/media?parent=105767"}],"wp:term":[{"taxonomy":"category","embeddable":true,"href":"https:\/\/www.europesays.com\/it\/wp-json\/wp\/v2\/categories?post=105767"},{"taxonomy":"post_tag","embeddable":true,"href":"https:\/\/www.europesays.com\/it\/wp-json\/wp\/v2\/tags?post=105767"}],"curies":[{"name":"wp","href":"https:\/\/api.w.org\/{rel}","templated":true}]}}