{"id":105781,"date":"2025-09-13T10:39:15","date_gmt":"2025-09-13T10:39:15","guid":{"rendered":"https:\/\/www.europesays.com\/it\/105781\/"},"modified":"2025-09-13T10:39:15","modified_gmt":"2025-09-13T10:39:15","slug":"tajani-napoli-rivincera-scudetto-da-platea-non-si-dice","status":"publish","type":"post","link":"https:\/\/www.europesays.com\/it\/105781\/","title":{"rendered":"Tajani &#8216;Napoli rivincer\u00e0 scudetto&#8217;, da platea &#8216;non si dice&#8217;"},"content":{"rendered":"<p>Passaggio &#8216;calcistico&#8217; nel discorso del vicepremier e ministro degli Esteri Antonio Tajani, intervenuto oggi alla sessione istituzionale della Conferenza degli addetti scientifici e spaziali e degli addetti agricoli, nell&#8217;Osservatorio Astronomico di Capodimonte a Napoli. Parlando dello sport, e del calcio in particolare, e dei suoi collegamenti con la scienza, Tajani si \u00e8 concesso un pronostico: &#8220;Credo che il Napoli rivincer\u00e0 lo scudetto anche quest&#8217;anno&#8221;. Dalla platea \u00e8 partito un applauso ma c&#8217;\u00e8 anche stato chi ha fatto notare al ministro che &#8220;non si dice&#8221;, tra le risate dei presenti. &#8220;Eh no &#8211; ha aggiunto Tajani &#8211; si dice, si dice. Non bisogna essere scaramantici, ma fare un&#8217;analisi obiettiva&#8221;.\u00a0<\/p>\n","protected":false},"excerpt":{"rendered":"Passaggio &#8216;calcistico&#8217; nel discorso del vicepremier e ministro degli Esteri Antonio Tajani, intervenuto oggi alla sessione istituzionale della&hellip;\n","protected":false},"author":3,"featured_media":3278,"comment_status":"","ping_status":"","sticky":false,"template":"","format":"standard","meta":{"footnotes":""},"categories":[1452],"tags":[721,1740,1537,90,89,1739,245,244],"class_list":{"0":"post-105781","1":"post","2":"type-post","3":"status-publish","4":"format-standard","5":"has-post-thumbnail","7":"category-calcio","8":"tag-calcio","9":"tag-football","10":"tag-it","11":"tag-italia","12":"tag-italy","13":"tag-soccer","14":"tag-sport","15":"tag-sports"},"share_on_mastodon":{"url":"","error":""},"_links":{"self":[{"href":"https:\/\/www.europesays.com\/it\/wp-json\/wp\/v2\/posts\/105781","targetHints":{"allow":["GET"]}}],"collection":[{"href":"https:\/\/www.europesays.com\/it\/wp-json\/wp\/v2\/posts"}],"about":[{"href":"https:\/\/www.europesays.com\/it\/wp-json\/wp\/v2\/types\/post"}],"author":[{"embeddable":true,"href":"https:\/\/www.europesays.com\/it\/wp-json\/wp\/v2\/users\/3"}],"replies":[{"embeddable":true,"href":"https:\/\/www.europesays.com\/it\/wp-json\/wp\/v2\/comments?post=105781"}],"version-history":[{"count":0,"href":"https:\/\/www.europesays.com\/it\/wp-json\/wp\/v2\/posts\/105781\/revisions"}],"wp:featuredmedia":[{"embeddable":true,"href":"https:\/\/www.europesays.com\/it\/wp-json\/wp\/v2\/media\/3278"}],"wp:attachment":[{"href":"https:\/\/www.europesays.com\/it\/wp-json\/wp\/v2\/media?parent=105781"}],"wp:term":[{"taxonomy":"category","embeddable":true,"href":"https:\/\/www.europesays.com\/it\/wp-json\/wp\/v2\/categories?post=105781"},{"taxonomy":"post_tag","embeddable":true,"href":"https:\/\/www.europesays.com\/it\/wp-json\/wp\/v2\/tags?post=105781"}],"curies":[{"name":"wp","href":"https:\/\/api.w.org\/{rel}","templated":true}]}}