{"id":105858,"date":"2025-09-13T11:37:10","date_gmt":"2025-09-13T11:37:10","guid":{"rendered":"https:\/\/www.europesays.com\/it\/105858\/"},"modified":"2025-09-13T11:37:10","modified_gmt":"2025-09-13T11:37:10","slug":"come-cambia-il-preserale-di-canale-5","status":"publish","type":"post","link":"https:\/\/www.europesays.com\/it\/105858\/","title":{"rendered":"come cambia il preserale di Canale 5"},"content":{"rendered":"<p>&#13;<br \/>\n                               &#13;<br \/>\n                                                &#13;<br \/>\n                &#13;<\/p>\n<p>Un passaggio di testimone che sa di rivoluzione nel preserale di <strong><a href=\"https:\/\/www.leggo.it\/t\/canale-5\" rel=\"nofollow noopener\" target=\"_blank\">Canale 5<\/a><\/strong>. Secondo quanto anticipato dal sito <strong>Davide Maggio<\/strong>, sar\u00e0 infatti <strong><a href=\"https:\/\/www.leggo.it\/t\/max-giusti\" rel=\"nofollow noopener\" target=\"_blank\">Max Giusti<\/a><\/strong> a prendere in mano le redini di <a href=\"https:\/\/www.leggo.it\/t\/caduta-libera\" rel=\"nofollow noopener\" target=\"_blank\">Caduta Libera<\/a>, il quiz che negli ultimi anni ha visto<strong> <a href=\"https:\/\/www.leggo.it\/t\/gerry-scotti\" rel=\"nofollow noopener\" target=\"_blank\">Gerry Scotti<\/a>\u00a0<\/strong>mattatore indiscusso.<\/p>\n<p>&#13;<br \/>\n&#13;<br \/>\n&#13;<br \/>\n&#13;<\/p>\n<p>Il signore dei game show non abbandona del tutto il campo, ma sposta le sue energie sull\u2019access prime time: <a href=\"https:\/\/www.leggo.it\/t\/la-ruota-della-fortuna\" rel=\"nofollow noopener\" target=\"_blank\">La Ruota della Fortuna<\/a>, tornata in tv con grande clamore, sta regalando a Scotti ascolti da record e una sfida quotidiana serrata con <a href=\"https:\/\/www.leggo.it\/t\/affari-tuoi\" rel=\"nofollow noopener\" target=\"_blank\">Affari Tuoi<\/a> di <a href=\"https:\/\/www.leggo.it\/t\/stefano-de-martino\" rel=\"nofollow noopener\" target=\"_blank\">Stefano De Martino<\/a>. Proprio per questo, il conduttore avrebbe deciso di lasciare la fascia preserale, consegnandola al collega romano.<\/p>\n<p>&#13;<br \/>\n&#13;<br \/>\nIl preserale&#13;<br \/>\n&#13;<\/p>\n<p>Il quadro, per\u00f2, \u00e8 pi\u00f9 complesso di quanto sembri. A contendersi la fascia delle 18.45 ci sono veri e propri \u201ctitani\u201d della televisione italiana. Da una parte Avanti un altro, con <strong><a href=\"https:\/\/www.leggo.it\/t\/paolo-bonolis\" rel=\"nofollow noopener\" target=\"_blank\">Paolo Bonolis<\/a><\/strong> appena rientrato in studio per registrare un nuovo pacchetto di puntate (circa 90, secondo le indiscrezioni), dall\u2019altra il ritorno in grande stile di Caduta Libera con Giusti. <\/p>\n<p>La programmazione resta ancora un rebus: non \u00e8 escluso che Avanti un altro prosegua fino a fine anno, forse anche fino a gennaio, allungando il suo ciclo prima di cedere il passo al nuovo conduttore. Nel frattempo, Giusti \u00e8 gi\u00e0 operativo dietro le quinte: la macchina organizzativa di Caduta Libera \u00e8 in piena fase di pre-produzione.&#13;<br \/>\n&#13;<br \/>\nMax Giusti a Mediaset&#13;<br \/>\n&#13;<\/p>\n<p>Per l\u2019attore e conduttore si tratta di una vera e propria svolta professionale. Dopo l\u2019esperienza a Che Tempo Che Fa\u00a0sul Nove e la parentesi comica con i Gialappa\u2019s su Tv8, Giusti approda definitivamente a Mediaset con un contratto in esclusiva. Una scelta che lo proietta in prima linea in una fascia strategica per gli ascolti di Canale 5 e lo costringe ad abbandonare il tavolo di Fabio Fazio.\u00a0<\/p>\n<p>&#13;<br \/>\n&#13;<\/p>\n<p>Con Scotti impegnato a rimettere in auge La Ruota della Fortuna, Bonolis pronto a tornare sul campo con le sue \u201cparanze\u201d e Giusti lanciato verso una nuova avventura, il preserale promette scintille. Una vera e propria sfida tra fuoriclasse, che segner\u00e0 la prossima stagione televisiva. Chi avr\u00e0 la meglio? Il pubblico, di certo, non rester\u00e0 a corto di spettacolo.<\/p>\n<p>&#13;<br \/>\n&#13;<br \/>\n                                &#13;<br \/>\n                &#13;<br \/>\n&#13;<br \/>\n                Ultimo aggiornamento: sabato 13 settembre 2025, 11:32&#13;<br \/>\n                <br \/>&#13;<br \/>\n                &#13;<br \/>\n                  &#13;<br \/>\n                    &#13;<br \/>\n                        \u00a9 RIPRODUZIONE RISERVATA&#13;<\/p>\n<p>&#13;<\/p>\n<p>                    &#13;<\/p>\n","protected":false},"excerpt":{"rendered":"&#13; &#13; &#13; &#13; Un passaggio di testimone che sa di rivoluzione nel preserale di Canale 5. Secondo&hellip;\n","protected":false},"author":3,"featured_media":105859,"comment_status":"","ping_status":"","sticky":false,"template":"","format":"standard","meta":{"footnotes":""},"categories":[1444],"tags":[74420,203,686,204,1537,90,89,684,22146,12778,253],"class_list":{"0":"post-105858","1":"post","2":"type-post","3":"status-publish","4":"format-standard","5":"has-post-thumbnail","7":"category-tv","8":"tag-caduta-libera","9":"tag-entertainment","10":"tag-gerry-scotti","11":"tag-intrattenimento","12":"tag-it","13":"tag-italia","14":"tag-italy","15":"tag-la-ruota-della-fortuna","16":"tag-max-giusti","17":"tag-paolo-bonolis","18":"tag-tv"},"share_on_mastodon":{"url":"","error":""},"_links":{"self":[{"href":"https:\/\/www.europesays.com\/it\/wp-json\/wp\/v2\/posts\/105858","targetHints":{"allow":["GET"]}}],"collection":[{"href":"https:\/\/www.europesays.com\/it\/wp-json\/wp\/v2\/posts"}],"about":[{"href":"https:\/\/www.europesays.com\/it\/wp-json\/wp\/v2\/types\/post"}],"author":[{"embeddable":true,"href":"https:\/\/www.europesays.com\/it\/wp-json\/wp\/v2\/users\/3"}],"replies":[{"embeddable":true,"href":"https:\/\/www.europesays.com\/it\/wp-json\/wp\/v2\/comments?post=105858"}],"version-history":[{"count":0,"href":"https:\/\/www.europesays.com\/it\/wp-json\/wp\/v2\/posts\/105858\/revisions"}],"wp:featuredmedia":[{"embeddable":true,"href":"https:\/\/www.europesays.com\/it\/wp-json\/wp\/v2\/media\/105859"}],"wp:attachment":[{"href":"https:\/\/www.europesays.com\/it\/wp-json\/wp\/v2\/media?parent=105858"}],"wp:term":[{"taxonomy":"category","embeddable":true,"href":"https:\/\/www.europesays.com\/it\/wp-json\/wp\/v2\/categories?post=105858"},{"taxonomy":"post_tag","embeddable":true,"href":"https:\/\/www.europesays.com\/it\/wp-json\/wp\/v2\/tags?post=105858"}],"curies":[{"name":"wp","href":"https:\/\/api.w.org\/{rel}","templated":true}]}}