{"id":106055,"date":"2025-09-13T13:51:24","date_gmt":"2025-09-13T13:51:24","guid":{"rendered":"https:\/\/www.europesays.com\/it\/106055\/"},"modified":"2025-09-13T13:51:24","modified_gmt":"2025-09-13T13:51:24","slug":"ascoltare-leggere-crescere-ecco-il-programma","status":"publish","type":"post","link":"https:\/\/www.europesays.com\/it\/106055\/","title":{"rendered":"Ascoltare Leggere Crescere ecco il programma"},"content":{"rendered":"<p><strong>Presentata venerd\u00ec 12 settembre<\/strong> prima a <strong>Trieste<\/strong> e poi a <strong>Pordenone<\/strong>, la diciannovesima edizione di Ascoltare, Leggere, Crescere, rassegna d\u2019incontri con l\u2019editoria religiosa, promossa da<strong> Associazione Eventi<\/strong>, che si svolger\u00e0<strong> dal 26 settembre al 6 ottobre prossimi a Pordenone<\/strong> e in altre localit\u00e0 della <strong>Regione Friuli Venezia Giulia <\/strong>e confinante <strong>Veneto<\/strong>. Un <strong>calendario ricco e di alto profilo con 30 appuntamenti <\/strong>tra incontri, conferenze, tavole rotonde, oltre <strong>90 relatori ospiti e 20 libri in presentazione<\/strong>, spaziando tra <strong>storia, teologia, economia, arte, poesia, sport, cinema, ecologia<\/strong>. Il fitto programma della manifestazione sar\u00e0 illustrato dal <strong>curatore Sandro Sandrin<\/strong>, prima a <strong>Trieste alle ore 17<\/strong> presso il <strong>Circolo Ufficiali<\/strong> \u201cVilla Italia\u201d e quindi in <strong>Duomo a Pordenone alle ore 20.45<\/strong> alla presenza del <strong>vescovo di Concordia-Pordenone monsignor Giuseppe Pellegrini<\/strong>.<\/p>\n<p><strong>Presentazione ufficiale <\/strong>\u00a0\u2013 La <strong>presentazione tergestina<\/strong> della <strong>kermesse<\/strong> nel pomeriggio di venerd\u00ec \u00a0vedr\u00e0 la partecipazione della <strong>Superiora Generale delle Figlie di Maria Ausiliatrice madre Chiara Cazzuola FMA<\/strong>, che nel suo intervento ripercorrer\u00e0 il<strong> cammino delle donne nella Chiesa <\/strong>\u2013 a partire dal messaggio profetico di Paolo VI fino alle aperture recenti di Papa Francesco \u2013 che oggi vede <strong>figure femminili<\/strong> in ruoli di responsabilit\u00e0 mai raggiunti prima. La Superiora si soffermer\u00e0 poi sull\u2019<strong>impegno educativo e sociale delle Figlie di Maria Ausiliatrice<\/strong>, radicato nel carisma di Don Bosco e di Madre Mazzarello, sempre attenta alle giovani e al loro sviluppo integrale. In un mondo in rapido cambiamento, emerge la necessit\u00e0 di donne coraggiose, preparate e capaci di incidere nella societ\u00e0 e nella Chiesa, promuovendo relazioni di fiducia, speranza e fraternit\u00e0. <strong>A seguire suor Linda Pocher FMA<\/strong> converser\u00e0 con <strong>don Marco Eugenio Brusutt<\/strong>i, giornalista e scrittore, intorno al libro \u201cSmaschilizzare la Chiesa? Confronto critico sui \u2018principi\u2019 di H.U. von Balthasar\u201d (ed. Paoline). A Pordenone <strong>in serata nel Duomo Concattedrale,<\/strong> dopo l\u2019illustrazione del programma spazio alla presentazione di un <strong>volume quantomai di attualit\u00e0<\/strong>, \u201cEducare alla pace in tempo di guerra\u201d (Edizioni Messaggero Padova) con i co-autori <strong>don Andrea Bigalli<\/strong>, giornalista, docente presso l\u2019Istituto Superiore di Scienze Religiose della Toscana, nonch\u00e9 referente per la Toscana di Libera Associazione ed <strong>Elisa Lelli<\/strong>, classicista e docente di scuola superiori, che in un dialogo affronteranno i temi dell\u2019identit\u00e0, <strong>della relazione, del conflitto, della guerra e del ruolo della Chiesa<\/strong>.<\/p>\n<p><strong>Temi e personaggi<\/strong> \u2013 L\u2019edizione 2025 di Ascoltare Leggere Crescere sar\u00e0 <strong>ricca di appuntamenti <\/strong>che spazieranno tra le pi\u00f9<strong> diverse tematich<\/strong>e. Ampio spazio ai <strong>temi di carattere teologico e alla Storia della Chiesa<\/strong>. Due appuntamenti saranno dedicati al <strong>Concilio di Nicea del 325 d.C<\/strong>., il primo concilio ecumenico cristiano. Del consesso conciliare che \u00abha cambiato la Storia\u00bb parler\u00e0 infatti <strong>Giovanni Maria Vian <\/strong>presentando il suo ultimo libro \u201cLa scommessa di Costantino\u201d (ed. Mondadori) mentre su storia e attualit\u00e0 di Nicea si confronteranno <strong>Cristina Simonelli presidentessa del Coordinamento Teologhe Italiane e don Matteo Monfrinotti<\/strong> gi\u00e0 docente di Teologia e Scienze Patristiche del Pontificio Ateneo Sant\u2019Anselmo.<br \/>Ma il professor Vian, direttore emerito de L\u2019Osservatore Romano ed ordinario di Filologia Patristica alla Sapienza, torna ospite della rassegna anche per illustrare il suo \u201cL\u2019ultimo papa\u201d (ed. Macianum Press), saggio in cui ricostruisce la transizione del papato dalla fine dell\u2019antico regime agli ultimi tre pontificati. Per parlare di <strong>Ges\u00f9 ebreo e delle radici ebraiche della fede cristiana<\/strong> al <strong>Centro Studi Biblici di Sacile<\/strong> saranno ospiti <strong>padre Pino Di Luccio SJ<\/strong>, presidente Collegium Maximum della <strong>Pontificia Universit\u00e0 Gregoriana<\/strong> e <strong>don Juan Carlos Ossand\u00f3n Widow<\/strong> della Prelatura dell\u2019Opus Dei, associato di Ermeneutica Biblica alla Facolt\u00e0 di Teologia della Pontificia Universit\u00e0 della Santa Croce. Di <strong>storia e attualit\u00e0 del monachesimo vallombrosano<\/strong> disquisiranno invece <strong>Francesco Salvestrini<\/strong>, ordinario di Storia Medievale all\u2019Universit\u00e0 di Firenze e <strong>padre Giuseppe Casetta <\/strong>abate generale della Congregazione Vallombrosana. I giornalisti <strong>Luigi Accattoli e Ciro Fusco<\/strong> racconteranno invece le storie di 443 <strong>nuovi martiri cristiani nell\u2019Italia di oggi<\/strong>.<br \/>La giornalista e scrittrice <strong>Lucetta Scaraffia<\/strong> presenter\u00e0 il suo libro \u201cDio non \u00e8 cos\u00ec\u201d (ed. Bompiani) in cui ricostruisce la parabola umana di <strong>otto mistiche laiche del Novecento da Simone Weil a Chiara Lubich<\/strong>. Spazio quindi al ricordo di <strong>Papa Luciani con Stefania Falasca, vaticanista e scrittrice,<\/strong> postulatrice della causa di canonizzazione di papa Giovanni Paolo I e vicepresidente della Fondazione Vaticana Giovanni Paolo I.<br \/>Anche la rassegna Ascoltare, Leggere, Crescere non pu\u00f2 non rimarca l<strong>\u2018anno giubilare 2025<\/strong> con la presentazione del denso <strong>volume del saggista e scrittore Marco Roncall<\/strong>i dal titolo \u201cLa Citt\u00e0 del Perdono. Santi, artisti e briganti nei Giubilei\u201d (ed. Schol\u00e9) che sar\u00e0 ospite al UTE di Portogruaro, al Circolo della Stampa di Trieste e nella parrocchiale di Azzano Decimo.<br \/>La <strong>memoria del nostro passato recente<\/strong> sar\u00e0 al centro di un incontro dal titolo \u201cCattolici ed ebrei per mano della bufera nazifascista\u201d che vedr\u00e0 tra gli altri la presenza di <strong>Johan Ickx dell\u2019Archivio storico della Segreteria di Stato vaticana<\/strong> e del giurista e storico della resistenza avv. Giorgio Favretto. Nell\u2019anno di <strong>GO! 2025 <\/strong><strong>Gorizia-Nova Gorica Capitale europea della cultura<\/strong>, a Nova Gorica un convegno promosso in collaborazione con il Corso di Scienze Internazionali e Diplomatiche dell\u2019Universit\u00e0 degli Studi di Trieste \u2013 polo goriziano \u2013, Universit\u00e0 di Nova Gorica, Arcidiocesi di Gorizia e Diocesi di Capodistria vedr\u00e0 la presenza di<strong> studiosi e ricercatori e teologi italiani e sloveni<\/strong> che che parleranno di prospettive di sviluppo interculturale e urbanistico delle due citt\u00e0 sul confine e di relazioni <strong>transfrontaliere.<\/strong><br \/>Per i focus di carattere <strong>economico-finanziario<\/strong> promossi anche quest\u2019anno in collaborazione con il corso \u201cBanca e finanza\u201d dell\u2019<strong>Universit\u00e0 degli Studi di Udine<\/strong> \u2013 sede di Pordenone \u2013, \u00e8 prevista la presenza di <strong>Stefano Marzotto<\/strong>, presidente Zignago Holding s.p.a. che porter\u00e0 la sua testimonianza e quella del gruppo aziendale da lui presiduto.\u00a0<br \/>Un panel promosso in collaborazione con Universit\u00e0 degli Studi di Udine e <strong>Comitato Regionale CONI Friuli Venezia Giulia<\/strong> dal titolo \u201cLo sport come profezia sociale\u201d approfondir\u00e0 <strong>valori, eredit\u00e0 e sviluppo del territorio nell\u2019esperienza degli olimpionici friulani <\/strong>e vedr\u00e0 ospiti tra gli altri il campione di sci di fondo <strong>Silvio Fauner<\/strong> oggi nella Walk of Fame al Parco del Foro Italico di Roma, e <strong>padre Jos\u00e9 Miguel Cardoso<\/strong> del <strong>Dicastero per la Cultura e l\u2019Educazione<\/strong>. \u2028Sul tema dell\u2019<strong>ecologia<\/strong> sar\u00e0 improntata una mattinata di lavoro in partnership con GEA spa dal titolo \u201cEcologia integrale a partire dalla Laudato S\u00ec\u201d che vedr\u00e0 tra gli altri la presenza di <strong>padre Prem Xalxo SJ<\/strong>, coordinatore del diploma in Ecologia Integrale presso la Pontificia Universit\u00e0 Gregoriana, per parlare di Educazione ecologica come fonte di coscienza e di iniziative concrete.<br \/>Una riflessione intorno al <strong>rapporto possibile tra intelligenza artificiale e intelligenza umana<\/strong> \u2013 anche a partire dalla <strong>nota della Santa Sede<\/strong> Antiqua et nova \u2013 sar\u00e0 affidata al professor <strong>don Fabio Pasqualetti sdb<\/strong>, docente di Teorie Sociali della Comunicazione e Decano della Facolt\u00e0 presso l\u2019Universit\u00e0 Pontificia Salesiana, in un doppio appuntamento rivolto ai docenti di ogni ordine e grado e alla cittadinanza.<br \/>Per gli <strong>incontri di argomento storico-artistico,<\/strong> la gi\u00e0 premier della <strong>Polonia Hanna Suchocka<\/strong>, presenter\u00e0 nella bella cornice di <strong>Villa Florio <\/strong>a Persereano di Pavia di Udine, sede della Fondazione Attilio Maseri, il suo libro \u201cLe chiese stazionali di Roma\u201d (ed. LEV) dove propone un <strong>itinerario quaresimale nella Citt\u00e0 Eterna<\/strong>. Di <strong>catalogazione, gestione e progetti innovativi per il patrimonio culturale delle comunit\u00e0 di vita consacrata<\/strong> si parler\u00e0 in una mattinata di lavoro promossa in collaborazione con Ordine degli Architetti PPC della Provincia di Pordenone, Ordine degli Ingegneri, ANCE Alto Adriatico e Consulta Regionale per i Beni Culturali ed Ecclesiastici del Triveneto con le<strong> testimonianze di addetti ai lavori ed esperti<\/strong>.<br \/>Anche la rassegna Ascoltare Leggere Crescere ricorda <strong>Pier Paolo Pasolini<\/strong> nel <strong>cinquantenario dalla morte<\/strong>, in un incontro rivolto alle scuole superiori promosso in collaborazione con il<strong> Centro Studi di Casarsa<\/strong> che vedr\u00e0<strong> Roberto Chiesi<\/strong> della Fondazione Cineteca di Bologna e l teologo <strong>padre Ermes Ronchi <\/strong>dialogare intorno al Vangelo secondo Matteo. \u2028Si parler\u00e0 poi dei<strong> santi degli emigranti<\/strong> in un appuntamento promosso in collaborazione con il Gruppo Cordenonese del Ciavedal, e con EFASCE ed Ente Friuli nel Mondo.\u00a0<br \/>Per <strong>approfondire la presenza degli ortodossi a Trieste <\/strong>e del loro apporto nell\u2019economia, si terr\u00e0 un appuntamento promosso in collaborazione con Camera di Commercio Venezia Giulia e Associazione Studium Fidei che vedr\u00e0 la presenza tra gli altri del teologo <strong>mons. Ettore Malnati e di Cristina Benussi<\/strong>, ordinaria di Letteratura Contemporanea dell\u2019Ateneo giuliano. \u2028<br \/>La vice-presidente dell\u2019Ordine dei Giornalisti del Friuli Venezia Giulia <strong>Paola Dalle Molle<\/strong>, in conversazione con <strong>Simonetta Venturin<\/strong>, direttrice del settimanale diocesano di Pordenone Il Popolo, presenter\u00f2 il suo \u201cMai indifferente\u201d (ed. ComunIcare) dove ripercorre dodici anni di articoli pubblicati nel mensile Il Momento.<br \/>Per il consueto appuntamento rivolto agli allievi della Scuola Alberghiera <strong>IAL Fvg<\/strong>, la rassegna ospiter\u00e0 lo chef del ristorante \u201cAl Pompiere\u201d di Verona <strong>Marco Dandrea per parlare di cucina tradizionale oggi<\/strong>.<br \/>Spazio anche per questa edizione ai <strong>piccoli lettori in due appuntamenti <\/strong>in partnership con Progetto \u201cMatilda mi racconti una storia?\u201d di Daniela Dose: le lettrici saranno presenti in alcuni istituti scolastici del pordenonese mentre all\u2019 ex-Convento di San Francesco gli autori <strong>Daniela Dose e Luca Cognolato<\/strong> interagiranno con le bambine e i bambini a partire dai loro libri.<\/p>\n<p><strong>Eventi collaterali <\/strong>\u2013 Arricchiscono la rassegna due eventi collaterali. Il<strong> reading <\/strong><strong>poetico<\/strong> dedicato agli <strong>800 anni del Cantico delle Creature di San Francesco<\/strong> vedr\u00e0 ospiti i poeti <strong>Eva Laudace, Davide Rondoni e Gian Mario Villata<\/strong>. Sull\u2019attualit\u00e0 di <strong>Edith Stein<\/strong> nel tempo che stiamo vivendo sar\u00e0 invece incentrato il <strong>reading <\/strong><strong>teatrale<\/strong> a cura di <strong>Silvia Lorusso del Lin<\/strong>z, con letture di Caterina Comingio.<\/p>\n<p><strong>Libri e case editrici<\/strong> \u2013 Saranno ben <strong>30 i volumi in presentazione dalla viva voce degli autori<\/strong> per questa XIX edizione della rassegna. Oltre alla storica partnership con <strong>Libreria Editrice Vaticana<\/strong> diverse sono le realt\u00e0 del panorama editoriali italiano, di settore e non, coinvolte tra le cui <strong>San Paolo, Paoline, Morcelliana-Schol\u00e9, Marcianum Press, Laterza, Elledici, Tau Editrice, Cantagalli, Mondadori, Bompiani, ComunIcare, Terre di Mezzo, Edizioni Messaggero di Padova, Edizioni Sanpino, Artemide, Scalvatore Sciacia Editore, Editoriale Romani<\/strong>. Tra i titoli scelti, tra incontri sul territorio e in tv: \u201cGuarire dentro\u201d (edizioni Sanpino) di padre Aurelio D\u2019Intino, \u201cI riti scomparsi dei linguaggi pontifici\u201d (ed. Romani) di mons. Stefano Sanchirico, \u201cGiubileo della speranza\u201d (edizioni Elledici) di Francesco Antonio Grana, \u201cAntipapi. Una storia della Chiesa\u201d (edizioni Laterza) di Mario Prignano, \u201cParole e preghiere\u201d (edizioni Sanpino) di Emanuele Borsotti, \u201cPit Stop per lo spirito. Riflessioni religiose\u201d (edizioni Salvatore Sciascia editore) di don Giuseppe Costa sdb, \u201cOrtodossi. Dalla Chiesa indivisa alle autocefalie\u201d (edizioni Cantagalli) di mons. Ettore Malnati\u201d e \u201cBioetica teologica. Manuale di sintesi globale\u201d (Marcianum Press) di mons. Bruno Fabio Pighin.\u00a0<\/p>\n<p><strong>In televisione<\/strong> \u2013 Rinnovata anche per questa edizione la <strong>collaborazione con le reti del circuito CoRaLLO <\/strong>della CEI (Telepace, Teleradiopace Tv, Telenova Milano, Tele Dehon, Padre Pio Tv, TSD Arezzo, TVP Prato, TVL Pistoia, TeleBelluno, TeleSperanza Tv, VideoRegione Sicilia, Icaro Tv, TLS \u2013 Tele Liguria Sud, TeleMistretta, Telespazio, Videonovara, TeleDiocesi Salerno, EmmeTV), che dal mese di ottobre proporranno nei loro palinsesti \u00a0<strong>10 video-incontri della rassegn<\/strong>a, che saranno resi disponibili anche in streaming sul <strong>sito della manifestazione<\/strong> (<a href=\"http:\/\/www.euro-eventi.it\" rel=\"nofollow noopener\" target=\"_blank\">www.euro-eventi.it<\/a>) e sul <strong>canale <\/strong><strong>YouTube<\/strong>.<\/p>\n<p><strong>Partner<\/strong> \u2013 L\u2019evento vedr\u00e0 la collaborazione tra gli altri di <strong>Diocesi di Concordia-Pordenone<\/strong>, Trieste e Capodistria, Arcidiocesi di Gorizia e Udine, Seminario Diocesano di Pordenone, Biblioteca del Seminario di Pordenone, <strong>Dicastero per la Cultura e l\u2019Educazione, Dicastero per la Dottrina della Fede, Universit\u00e0 degli Studi di Udine, Universit\u00e0 degli Studi di Trieste, Universit\u00e0 di Nova Gorica,<\/strong> IUSVE Venezia, Consorzio Universitario di Pordenone, Ordine degli Architetti PPC di Pordenone, Ordine degli Ingegneri, Facolt\u00e0 Teologica del Triveneto, Fondazione Attilio Maseri, Salesiani Don Bosco Pordenone, FISC \u2013 Federazione Italiana della Stampa Cattolica, Centro Studi P.P. Pasolini di Casarsa della Delizia, Circolo Ricreativo le Villotte, EFASCE, Ente Friulani nel Mondo, Associazione San Gregorio, Associazione \u201cAmici del Cardinale Celso Costantini\u201d, Associazione culturale Studium Fidei, Centro Culturale Casa A. Zanussi di Pordenone, Rotary Club Alto Livenza, UCID, UGCI, UTE Portogruarese, Istituto Vescovile \u201cG. Marconi\u201d, UTEA Cordenons, UTE di Pordenone, Associazione Le Muse Orfane, Associazione \u201cIl Castello\u201d di Torre, Centro Studi Odoriciani, Associazione Presenza e Cultura, IAL Fvg, Gruppo Cordenonese del Ciavedal, Centro Studi Biblici Sacile, Conferenza Episcopale del Triveneto, Istituto \u201cE. Vendramini\u201d, Istituto \u201cF. Flora\u201d. Media-partner di questa edizione saranno Avvenire, L\u2019Osservatore Romano, Vatican News, Il Popolo, TV2000, L\u2019Azione di Vittorio Veneto, Messaggero Veneto, Il Gazzettino, Radio Vaticana, Radio Palazzo Carli, Radio Voce nel Deserto. Partner Tecnico Flare Video e DSFdesign.\u00a0<\/p>\n<p><strong>Sponsor, partner e sostenitori<\/strong> \u2013 La rassegna gode del p<strong>atrocinio della Regione Friuli Venezia Giulia, e dei Comune di Pordenone, Azzano Decimo, Caneva, Cordenons, Porcia, Sacile, Persereano di Udine, Zoppola, Nova Gorica e Citt\u00e0 di Portogruaro<\/strong>, ed \u00e8 resa possibile grazie al sostegno di <strong>Intesa Sanpaolo, Io Sono Friuli Venezia Giulia, Fondazione Friuli, Camera di Commercio di Udine-Pordenone, Confindustria Alto-Adriatico, CS \u2013 Istituto per il Credito Sportivo, SCM Zanussi, Fondazione Cassa di Risparmio di Gorizia<\/strong>, e di Arblu, ATAP, Ponterosso Tagliamento, GSM, Scuola Alberghiera IAL Fvg, Zanutta, Bortolin Kemo Spa, AdriaRent, eAmbiente, Maglificio MA.RE., Electrolux Professional Group, GEA spa, Setten, PordenoneTurismo, Santalucia Mobili, Paludet&amp;Partners, AmbienteServizi, Friuli Grave, Tomasella, ANCE Alto Adriatico, Fondazione Brusutti Onlus, Rotary Club Pordenone, UTE Sacile.<\/p>\n<p>Tutti gli incontri sono a <strong>ingresso libero<\/strong>.\u00a0<\/p>\n<p><a href=\"https:\/\/www.8xmille.it\/?utm_source=ilpopolopordenone.it&amp;utm_medium=referral&amp;utm_content=970x250_CEI_MENSA&amp;utm_campaign=campagna_8xmille_2025\" target=\"_blank\" aria-label=\"970x250_CEI_MENSA\" rel=\"nofollow noopener\"><img loading=\"lazy\" decoding=\"async\" src=\"https:\/\/www.europesays.com\/it\/wp-content\/uploads\/2025\/08\/970x250-cei-mensa.jpg\" alt=\"\"   width=\"728\" height=\"188\"\/><\/a>\t\t<\/p>\n","protected":false},"excerpt":{"rendered":"Presentata venerd\u00ec 12 settembre prima a Trieste e poi a Pordenone, la diciannovesima edizione di Ascoltare, Leggere, Crescere,&hellip;\n","protected":false},"author":3,"featured_media":106056,"comment_status":"","ping_status":"","sticky":false,"template":"","format":"standard","meta":{"footnotes":""},"categories":[1445],"tags":[1608,203,626,204,1537,90,89,1609],"class_list":{"0":"post-106055","1":"post","2":"type-post","3":"status-publish","4":"format-standard","5":"has-post-thumbnail","7":"category-libri","8":"tag-books","9":"tag-entertainment","10":"tag-eventi","11":"tag-intrattenimento","12":"tag-it","13":"tag-italia","14":"tag-italy","15":"tag-libri"},"share_on_mastodon":{"url":"","error":""},"_links":{"self":[{"href":"https:\/\/www.europesays.com\/it\/wp-json\/wp\/v2\/posts\/106055","targetHints":{"allow":["GET"]}}],"collection":[{"href":"https:\/\/www.europesays.com\/it\/wp-json\/wp\/v2\/posts"}],"about":[{"href":"https:\/\/www.europesays.com\/it\/wp-json\/wp\/v2\/types\/post"}],"author":[{"embeddable":true,"href":"https:\/\/www.europesays.com\/it\/wp-json\/wp\/v2\/users\/3"}],"replies":[{"embeddable":true,"href":"https:\/\/www.europesays.com\/it\/wp-json\/wp\/v2\/comments?post=106055"}],"version-history":[{"count":0,"href":"https:\/\/www.europesays.com\/it\/wp-json\/wp\/v2\/posts\/106055\/revisions"}],"wp:featuredmedia":[{"embeddable":true,"href":"https:\/\/www.europesays.com\/it\/wp-json\/wp\/v2\/media\/106056"}],"wp:attachment":[{"href":"https:\/\/www.europesays.com\/it\/wp-json\/wp\/v2\/media?parent=106055"}],"wp:term":[{"taxonomy":"category","embeddable":true,"href":"https:\/\/www.europesays.com\/it\/wp-json\/wp\/v2\/categories?post=106055"},{"taxonomy":"post_tag","embeddable":true,"href":"https:\/\/www.europesays.com\/it\/wp-json\/wp\/v2\/tags?post=106055"}],"curies":[{"name":"wp","href":"https:\/\/api.w.org\/{rel}","templated":true}]}}