{"id":106081,"date":"2025-09-13T14:09:10","date_gmt":"2025-09-13T14:09:10","guid":{"rendered":"https:\/\/www.europesays.com\/it\/106081\/"},"modified":"2025-09-13T14:09:10","modified_gmt":"2025-09-13T14:09:10","slug":"biella-rugby-sconfitto-70-7-da-reggio-emilia-in-amichevole","status":"publish","type":"post","link":"https:\/\/www.europesays.com\/it\/106081\/","title":{"rendered":"Biella Rugby sconfitto 70-7 da Reggio Emilia in amichevole"},"content":{"rendered":"<p>            <a href=\"https:\/\/www.ilbiellese.it\/publisher\/sport\/rugby\/section\/\" alt=\"Rugby\" rel=\"nofollow noopener\" target=\"_blank\">Rugby<\/a><\/p>\n<p>                \/<br \/>\n                <a href=\"https:\/\/www.ilbiellese.it\/publisher\/biella\/section\/\" alt=\"Biella\" rel=\"nofollow noopener\" target=\"_blank\">Biella<\/a><\/p>\n<p>                Sabato 13 Settembre 2025<\/p>\n<p class=\"mb-0\">\n             Rugby A Elite &#8211;  Gli avversari lo scorso anno hanno terminato quarti disputando i playoff scudetto. Sabato doppio test in Valle d\u2019Aosta\n        <\/p>\n<p>                <img decoding=\"async\" width=\"30\" src=\"https:\/\/www.europesays.com\/it\/wp-content\/uploads\/2025\/07\/1753603390_55_default_user.png\" alt=\"Redazione Sport\"\/><\/p>\n<p>\n                Redazione Sport\n            <\/p>\n<p>La differenza tra un squadra di alta classifica di A Elite e una neopromossa \u00e8 da sempre palese nel massimo campionato italiano di rugby e  probabilmente non ci saranno eccezioni nemmeno in questa stagione, la prima del BRC tra i grandi della palla ovale.<\/p>\n<p>Venerd\u00ec sera se ne \u00e8 reso conto il numeroso pubblico accorso alla Cittadella del Rugby di Biella per l\u2019amichevole tra i gialloverdi di coach Alberto Benettin e il Valorugby Reggio Emilia, formazione lo scorso anno quarta al termine della regular season e poi eliminata in semifinale scudetto: il 70-7 finale per gli emiliani \u00e8 eloquente, seppur trattasi di test precampionato, giocato peraltro con formula \u201catipica\u201d su 80 minuti suddivisi in tre tempi con rose allungate e cambi liberi.<\/p>\n<p>Per le statistiche, la meta biellese \u00e8 arrivata da Morel ed \u00e8 stata trasformata da Nastaro.<\/p>\n<p>  Il commento degli allenatori <\/p>\n<p id=\"U1115189765105Xhd2E\" style=\"\">Coach Alberto Benettin, Biella Rugby, dice: \u00abEravamo consapevoli della differenza di livello tra le due squadre. Valorugby arriva da una preparazione pi\u00f9 lunga della nostra, ma al di l\u00e0 di questo, \u00e8 stata evidente la loro superiorit\u00e0 in termini di qualit\u00e0 e velocit\u00e0 di esecuzione. Non ho visto grosse differenze fisiche, ma la rapidit\u00e0 del gioco ha fatto la differenza. \u00c8 stata una partita molto formativa per noi. Ogni errore commesso si pagava caro, e questo \u00e8 un insegnamento prezioso. Ringraziamo Valorugby per essere venuti fino a Biella e averci dato l\u2019opportunit\u00e0 di confrontarci con una realt\u00e0 di altissimo livello\u00bb.<\/p>\n<p>Il tecnico si \u00e8 detto comunque soddisfatto per alcuni segnali positivi: \u00abHo visto buone cose da Richi Loro e Jack Foglio Bonda, che ha giocato a ritmi altissimi, tenendo testa agli avversari anche sul piano della velocit\u00e0. I nuovi arrivati si sono comportati molto bene: abbiamo chiesto attitudine e voglia di lottare, e la risposta \u00e8 stata positiva. Alcuni giocatori devono ancora rientrare, ma il gruppo si sta formando nel modo giusto. E siamo contenti di non essere rimasti a zero\u00bb.<\/p>\n<p id=\"U1115189765105Xhd4E\" style=\"\">Coach Marcello Violi del Valorugby, aggiunge: \u00abRingraziamo Biella per l\u2019ospitalit\u00e0 e per averci accolto in un centro sportivo davvero di alto livello. La partita ha rappresentato un\u2019importante occasione per mettere alla prova il lavoro svolto in questi due mesi di preparazione. Sono soddisfatto della prestazione dei ragazzi che hanno saputo trasferire sul campo quello che abbiamo provato durante gli allenamenti. I tre tempi disputati a Biella saranno oggetto di lavoro per verificare i dettagli della prestazione, al di l\u00e0 del risultato (70-7) che conta poco in un test pre stagione. Vogliamo continuare su questa strada rimanendo ambiziosi in vista dell\u2019inizio della stagione ufficiale con la Coppa Italia\u00bb.<\/p>\n<p>  I prossimi appuntamenti <\/p>\n<p>La prestagione del Biella Rugby prosegue con altri due incontri in programma sabato a Sarre in Valle d\u2019Aosta in occasione del \u201cWeekend Ovals\u201d, organizzato dallo Stade Vald\u00f4tain Rugby, neopromosso in A2. <\/p>\n<p>I gialloverdi giocheranno due incontri di 40 minuti: alle ore 16 contro Lyons Piacenza e alle ore 16.50 contro Colorno, gare cui far\u00e0 seguito l\u2019incontro  Lyons-Colorno. Il triangolare \u00e8 ad ingresso libero.<\/p>\n<p>I Lyons lo scorso anno hanno chiuso al penultimo posto con uno score di 14 perse 3 vinte e 1 pareggiata, mentre il Colorno ha terminato 7\u00b0 con 8 vinte e 10 perse. Entrambe le squadre saranno poi avversarie anche nel girone di Coppa Italia che inizier\u00e0 il 27 settembre.<\/p>\n<p class=\"articolo-riservato\">\n                            \u00a9 RIPRODUZIONE RISERVATA\n                        <\/p>\n","protected":false},"excerpt":{"rendered":"Rugby \/ Biella Sabato 13 Settembre 2025 Rugby A Elite &#8211; Gli avversari lo scorso anno hanno terminato&hellip;\n","protected":false},"author":3,"featured_media":106082,"comment_status":"","ping_status":"","sticky":false,"template":"","format":"standard","meta":{"footnotes":""},"categories":[1458],"tags":[30867,30863,74697,1537,90,89,74698,69393,1840,245,244,74696],"class_list":{"0":"post-106081","1":"post","2":"type-post","3":"status-publish","4":"format-standard","5":"has-post-thumbnail","7":"category-rugby","8":"tag-alberto-benettin","9":"tag-biella-rugby","10":"tag-colorno","11":"tag-it","12":"tag-italia","13":"tag-italy","14":"tag-lyons-piacenza","15":"tag-marcello-violi","16":"tag-rugby","17":"tag-sport","18":"tag-sports","19":"tag-valorugby-reggio-emilia"},"share_on_mastodon":{"url":"","error":""},"_links":{"self":[{"href":"https:\/\/www.europesays.com\/it\/wp-json\/wp\/v2\/posts\/106081","targetHints":{"allow":["GET"]}}],"collection":[{"href":"https:\/\/www.europesays.com\/it\/wp-json\/wp\/v2\/posts"}],"about":[{"href":"https:\/\/www.europesays.com\/it\/wp-json\/wp\/v2\/types\/post"}],"author":[{"embeddable":true,"href":"https:\/\/www.europesays.com\/it\/wp-json\/wp\/v2\/users\/3"}],"replies":[{"embeddable":true,"href":"https:\/\/www.europesays.com\/it\/wp-json\/wp\/v2\/comments?post=106081"}],"version-history":[{"count":0,"href":"https:\/\/www.europesays.com\/it\/wp-json\/wp\/v2\/posts\/106081\/revisions"}],"wp:featuredmedia":[{"embeddable":true,"href":"https:\/\/www.europesays.com\/it\/wp-json\/wp\/v2\/media\/106082"}],"wp:attachment":[{"href":"https:\/\/www.europesays.com\/it\/wp-json\/wp\/v2\/media?parent=106081"}],"wp:term":[{"taxonomy":"category","embeddable":true,"href":"https:\/\/www.europesays.com\/it\/wp-json\/wp\/v2\/categories?post=106081"},{"taxonomy":"post_tag","embeddable":true,"href":"https:\/\/www.europesays.com\/it\/wp-json\/wp\/v2\/tags?post=106081"}],"curies":[{"name":"wp","href":"https:\/\/api.w.org\/{rel}","templated":true}]}}