{"id":106106,"date":"2025-09-13T14:23:10","date_gmt":"2025-09-13T14:23:10","guid":{"rendered":"https:\/\/www.europesays.com\/it\/106106\/"},"modified":"2025-09-13T14:23:10","modified_gmt":"2025-09-13T14:23:10","slug":"candida-auris-italia-al-terzo-posto-in-europa-per-numero-di-casi-che-cose-il-fungo-killer-e-quali-sono-i-sintomi","status":"publish","type":"post","link":"https:\/\/www.europesays.com\/it\/106106\/","title":{"rendered":"Candida auris, Italia al terzo posto in Europa per numero di casi. Che cos&#8217;\u00e8 il \u00abfungo killer\u00bb e quali sono i sintomi"},"content":{"rendered":"<p>    di<br \/>\n    Cristina Ravanelli<\/p>\n<p class=\"summary-art is-line-h-12\">Tra il 2013 e il 2023 oltre 4mila episodi, pi\u00f9 di 700 solo nel nostro Paese. A lanciare l&#8217;allarme \u00e8 il Centro europeo per la prevenzione e il controllo delle malattie. I contagi avvengono solitamente all&#8217;interno degli ospedali<\/p>\n<p class=\"chapter-paragraph\">\u00a0\u00c8 \u00abuna seria minaccia per i pazienti e i sistemi sanitari\u00bb e si sta \u00abdiffondendo rapidamente\u00bb negli ospedali europei.\u00a0<br \/><b>Candidozyma auris<\/b>, il \u00abfungo killer\u00bb noto come <b><a href=\"https:\/\/www.corriere.it\/salute\/dizionario\/candida\/\" rel=\"nofollow noopener\" target=\"_blank\">Candida<\/a> auris<\/b>, tra il 2013 e il 2023, ha fatto registrare nei Paesi dell&#8217;Unione Europea e in quelli dello Spazio economico europeo (See; comprende i Paesi dell\u2019Ue e altre nazioni come Islanda e Norvegia), oltre<b> 4mila casi<\/b>, con un aumento significativo a <b>1.346<\/b> casi segnalati da <b>18 Paesi<\/b> solo nel 2023. Tra gli Stati pi\u00f9 colpiti <b>Spagna<\/b>, <b>Grecia<\/b>, <b>Romania\u00a0<\/b>e <b>Italia<\/b>, <b>al terzo posto<\/b> per numero di casi seguita dalla <b>Germania<\/b>.<\/p>\n<p class=\"chapter-paragraph\">A lanciare l&#8217;allarme \u00e8 il <b><a href=\"https:\/\/european-union.europa.eu\/institutions-law-budget\/institutions-and-bodies\/search-all-eu-institutions-and-bodies\/european-centre-disease-prevention-and-control-ecdc_it\" rel=\"nofollow noreferrer noopener\" target=\"_blank\">Centro europeo per la prevenzione e il controllo delle malattie (Ecdc)<\/a><\/b>.  \u00abLe epidemie stanno aumentando di portata e diversi Paesi segnalano una trasmissione locale in corso\u00bb si legge nella nota.\u00a0<br \/>L&#8217;Ecdc evidenzia la necessit\u00e0 di un \u00abintervento urgente\u00bb.\u00a0<br \/><b>Candida auris<\/b> \u00e8 un fungo che solitamente si diffonde <b>all&#8217;interno delle strutture sanitarie<\/b>.\u00a0La sua capacit\u00e0 di <b>persistere su diverse superfici, apparecchiature mediche e di diffondersi tra i pazienti <\/b>ne rende particolarmente difficile il controllo. Nell\u2019ottobre del 2022 l\u2019<a href=\"https:\/\/www.epicentro.iss.it\/antibiotico-resistenza\/report-OMS-2022-agenti-patogeni-fungini-e-sanita-pubblica\" target=\"_blank\" rel=\"nofollow noreferrer noopener\">Organizzazione mondiale della Sanit\u00e0 <\/a>lo ha inserito nella lista dei funghi patogeni con elevata priorit\u00e0 perch\u00e9 rappresenta una<b> seria minaccia per la salute pubblica <\/b>a causa della sua <b>resistenza<\/b> a moltissimi <b>farmaci antimicotici.\u00a0<\/b>    &#13;<br \/>\n&#13;<br \/>\n&#13;<br \/>\n&#13;<br \/>\n&#13;<br \/>\n&#13;<br \/>\n&#13;<br \/>\n&#13;<br \/>\n&#13;<br \/>\n&#13;<br \/>\n&#13;<br \/>\n&#13;<br \/>\n&#13;<br \/>\n&#13;<br \/>\n&#13;<br \/>\n&#13;<br \/>\n&#13;<br \/>\n&#13;<br \/>\n&#13;<br \/>\n&#13;<br \/>\n&#13;<br \/>\n&#13;<br \/>\n&#13;<br \/>\n&#13;<br \/>\n&#13;<br \/>\n&#13;<br \/>\n&#13;<br \/>\n&#13;<br \/>\n&#13;<br \/>\n&#13;<br \/>\n&#13;<br \/>\n&#13;<br \/>\n&#13;<br \/>\n&#13;<br \/>\n&#13;<br \/>\n&#13;<br \/>\n&#13;<br \/>\n&#13;<br \/>\n&#13;<br \/>\n&#13;<br \/>\n&#13;<br \/>\n&#13;<br \/>\n&#13;<br \/>\n&#13;<br \/>\n&#13;<br \/>\n&#13;<br \/>\n&#13;<br \/>\n&#13;<br \/>\n&#13;<br \/>\n&#13;<br \/>\n&#13;<br \/>\n&#13;<br \/>\n&#13;\n<\/p>\n<p>    Italia al terzo posto\u00a0<\/p>\n<p class=\"chapter-paragraph\">\u00ab<b>Candida auris<\/b> si \u00e8 diffusa nel giro di pochi anni, passando da casi isolati a una diffusione capillare in alcuni Paesi. Questo dimostra la rapidit\u00e0 con cui pu\u00f2 insediarsi negli ospedali\u00bb, avverte <b>Diamantis Plachouras<\/b>, responsabile della Sezione resistenza antimicrobica e infezioni correlate all&#8217;assistenza sanitaria dell&#8217;Ecdc. \u00abMa questo non \u00e8 inevitabile. La diagnosi precoce e un controllo rapido e coordinato delle infezioni possono prevenire un&#8217;ulteriore trasmissione\u00bb precisa.<\/p>\n<p class=\"chapter-paragraph\">Recenti epidemie sono state segnalate a Cipro, Francia e Germania, mentre Grecia, Italia, Romania e Spagna hanno dichiarato di <b>non essere pi\u00f9 in grado di distinguere focolai specifici a causa dell&#8217;ampia diffusione regionale o nazionale.<\/b> In molti di questi Paesi la trasmissione locale si \u00e8 verificata nel giro di pochi anni dal primo caso documentato, evidenziando una finestra temporale critica per interventi tempestivi volti a fermarne la diffusione.<\/p>\n<p class=\"chapter-paragraph\">Per quanto riguarda la distribuzione dei casi segnalati nell&#8217;arco del decennio monitorato, emerge che il Paese con il dato pi\u00f9 alto \u00e8 la Spagna (1.807 casi), seguita da Grecia (852), <b>Italia (712)<\/b>, Romania (404) e Germania (120). Il picco si \u00e8 osservato nel 2023: i 1.346 casi registrati da 18 Paesi Ue\/See \u00e8, infatti, il numero pi\u00f9 alto da quando Candida auris \u00e8 stata segnalata per la prima volta in Europa nel 2014.<br \/>\u00abSebbene alcuni Paesi abbiano mostrato risultati positivi nel limitare le epidemie di <b>Candida auris<\/b>, molti si trovano ad affrontare gravi lacune\u00bb &#8211; osserva l&#8217;Ecdc nella nota &#8211; \u00abNonostante l&#8217;aumento del numero di casi, solo 17 dei 36 Paesi partecipanti all\u2019indagine dispongono attualmente di un sistema di sorveglianza nazionale per <b>Candida auris<\/b>; solo 15 Paesi hanno sviluppato linee guida nazionali specifiche per la prevenzione e il controllo delle infezioni. In assenza di una sorveglianza sistematica e di una segnalazione obbligatoria<b>, la reale portata del problema \u00e8 probabilmente sottostimata<\/b>. L\u2019obbiettivo \u00e8 supportare gli Stati membri nel migliorare la loro preparazione e le capacit\u00e0 di risposta tempestiva, per prevenire o contenere tempestivamente le epidemie e prevenirne l&#8217;ulteriore trasmissione\u00bb.<\/p>\n<p>    Come avviene il contagio\u00a0<\/p>\n<p class=\"chapter-paragraph\">Il fungo \u00e8 stato isolato per la prima volta nel 2009 in Giappone da un campione proveniente dall\u2019orecchio di una donna (da qui il nome auris, in latino \u00aborecchio\u00bb). <br \/>La <b>mortalit\u00e0 stimata varia dal 30% al 70%<\/b>: se non viene adottata una terapia adeguata provoca<b> gravi infezioni <\/b>soprattutto<b> <\/b>nei soggetti con pi\u00f9 di una patologia. La maggior parte delle infezioni sono trattabili con una classe di antimicotici, le <b>echinocandine<\/b>. <br \/>Alcune infezioni, per\u00f2, risultano particolarmente difficili da trattare a causa della <b>multi-resistenza a diversi agenti antifungini, inclusi fluconazolo (e altri azoli), amfotericina B ed echinocandine<\/b>. Questo comporta una terapia con pi\u00f9 farmaci e a dosi pi\u00f9 elevate. Anche dopo il trattamento per le infezioni invasive, i pazienti rimangono generalmente colonizzati per lunghi periodi, pertanto, tutte le misure di controllo delle infezioni devono essere seguite durante e dopo il trattamento. In particolare, i pazienti che vengono colonizzati con <b>Candida auris <\/b>sono a rischio di sviluppare infezioni invasive in qualunque momento.<br \/>Il contagio avviene <b>tramite il contatto con una persona infetta <\/b>(la candida auris pu\u00f2 <b>colonizzare la pelle per mesi<\/b>) ma anche attraverso le <b>superfici contaminate<\/b> sulle quali pu\u00f2 vivere molto a lungo.<\/p>\n<p>    <b>I sintomi<\/b><\/p>\n<p class=\"chapter-paragraph\">Non \u00e8 facile individuare questo \u00abfungo killer\u00bb perch\u00e9 le infezioni da <b>Candida auris<\/b> vengono diagnosticate mediante coltura del sangue o di altri fluidi corporei. Tuttavia, nei test pu\u00f2 essere confuso con altre specie di Candida e servono laboratori specializzati per confermare la diagnosi. Inoltre, i <b>sintomi<\/b> sono <b>molto generici<\/b> perch\u00e9 spesso le persone colpite sono pazienti con molte altre malattie.\u00a0<br \/>L<b>\u2019infezione pu\u00f2 rimanere silente molto a lungo <\/b>e diventare invasiva solo in un momento di abbassamento delle difese immunitarie del paziente contagiato. Fra i sintomi pi\u00f9 frequenti, come riporta l<a href=\"\">\u2019Istituto Superiore di Sanit\u00e0,<\/a> ci sono casi di <b>otite<\/b>, <b>infezioni di ferite<\/b>,<b> infezioni del sangue<\/b> e <b>infezioni che riguardano gli organi addominali<\/b>.<\/p>\n<p class=\"is-last-update\" datetime=\"2025-09-13T14:52:08+02:00\">13 settembre 2025<\/p>\n<p class=\"is-copyright\">\n            \u00a9 RIPRODUZIONE RISERVATA\n        <\/p>\n","protected":false},"excerpt":{"rendered":"di Cristina Ravanelli Tra il 2013 e il 2023 oltre 4mila episodi, pi\u00f9 di 700 solo nel nostro&hellip;\n","protected":false},"author":3,"featured_media":106107,"comment_status":"","ping_status":"","sticky":false,"template":"","format":"standard","meta":{"footnotes":""},"categories":[175],"tags":[2271,74714,74715,4197,1495,74716,737,74709,74717,2548,52266,72622,1039,1045,74718,74719,1048,104,74720,74721,74722,372,2575,74641,74723,3635,17618,2391,72623,74724,4170,3085,3889,74725,74726,2297,74710,74711,3044,3369,74727,946,6064,239,14691,1537,90,74712,89,7040,616,1312,74713,2890,857,10225,374,74645,14412,41862,240,373,6059,4960,15839],"class_list":{"0":"post-106106","1":"post","2":"type-post","3":"status-publish","4":"format-standard","5":"has-post-thumbnail","7":"category-salute","8":"tag-allarme","9":"tag-allarme-centro","10":"tag-allarme-centro-europeo","11":"tag-alto","12":"tag-altre","13":"tag-antimicotici","14":"tag-aumento","15":"tag-auris","16":"tag-auris-fungo","17":"tag-avviene","18":"tag-candida","19":"tag-candida-auris","20":"tag-capacita","21":"tag-casi","22":"tag-casi-segnalati","23":"tag-casi-seguita","24":"tag-causa","25":"tag-centro","26":"tag-centro-europeo","27":"tag-centro-europeo-prevenzione","28":"tag-colonizzati","29":"tag-contagio","30":"tag-controllo","31":"tag-controllo-infezioni","32":"tag-controllo-malattie","33":"tag-diagnosi","34":"tag-diffusione","35":"tag-diversi","36":"tag-ecdc","37":"tag-echinocandine","38":"tag-epidemie","39":"tag-europa","40":"tag-europeo","41":"tag-europeo-prevenzione","42":"tag-europeo-prevenzione-controllo","43":"tag-farmaci","44":"tag-fungo","45":"tag-fungo-killer","46":"tag-germania","47":"tag-giro","48":"tag-giro-pochi","49":"tag-gravi","50":"tag-grecia","51":"tag-health","52":"tag-infezioni","53":"tag-it","54":"tag-italia","55":"tag-italia-terzo","56":"tag-italy","57":"tag-killer","58":"tag-malattie","59":"tag-numero","60":"tag-numero-casi","61":"tag-ospedali","62":"tag-paesi","63":"tag-pazienti","64":"tag-prevenzione","65":"tag-prevenzione-controllo","66":"tag-resistenza","67":"tag-romania","68":"tag-salute","69":"tag-sintomi","70":"tag-spagna","71":"tag-terzo","72":"tag-trasmissione"},"share_on_mastodon":{"url":"","error":""},"_links":{"self":[{"href":"https:\/\/www.europesays.com\/it\/wp-json\/wp\/v2\/posts\/106106","targetHints":{"allow":["GET"]}}],"collection":[{"href":"https:\/\/www.europesays.com\/it\/wp-json\/wp\/v2\/posts"}],"about":[{"href":"https:\/\/www.europesays.com\/it\/wp-json\/wp\/v2\/types\/post"}],"author":[{"embeddable":true,"href":"https:\/\/www.europesays.com\/it\/wp-json\/wp\/v2\/users\/3"}],"replies":[{"embeddable":true,"href":"https:\/\/www.europesays.com\/it\/wp-json\/wp\/v2\/comments?post=106106"}],"version-history":[{"count":0,"href":"https:\/\/www.europesays.com\/it\/wp-json\/wp\/v2\/posts\/106106\/revisions"}],"wp:featuredmedia":[{"embeddable":true,"href":"https:\/\/www.europesays.com\/it\/wp-json\/wp\/v2\/media\/106107"}],"wp:attachment":[{"href":"https:\/\/www.europesays.com\/it\/wp-json\/wp\/v2\/media?parent=106106"}],"wp:term":[{"taxonomy":"category","embeddable":true,"href":"https:\/\/www.europesays.com\/it\/wp-json\/wp\/v2\/categories?post=106106"},{"taxonomy":"post_tag","embeddable":true,"href":"https:\/\/www.europesays.com\/it\/wp-json\/wp\/v2\/tags?post=106106"}],"curies":[{"name":"wp","href":"https:\/\/api.w.org\/{rel}","templated":true}]}}