{"id":106177,"date":"2025-09-13T15:11:10","date_gmt":"2025-09-13T15:11:10","guid":{"rendered":"https:\/\/www.europesays.com\/it\/106177\/"},"modified":"2025-09-13T15:11:10","modified_gmt":"2025-09-13T15:11:10","slug":"via-del-bosco-devastata-dai-graffiti-ma-fra-pochi-giorni-sara-realizzato-un-enorme-murale-fotogallery","status":"publish","type":"post","link":"https:\/\/www.europesays.com\/it\/106177\/","title":{"rendered":"Via del Bosco &#8220;devastata&#8221; dai graffiti, ma fra pochi giorni sar\u00e0 realizzato un enorme murale [fotogallery]"},"content":{"rendered":"<p>C\u2019\u00e8 una bella differenza tra la street art e i graffiti che, sempre pi\u00f9 spesso, spuntano sui muri di edifici pubblici e privati di Asti. La prima, riconosciuta come forma d\u2019arte, pu\u00f2 anche valorizzare luoghi fatiscenti o abbandonati; i secondi amplificano il degrado che gi\u00e0 impera in molte zone. In via del Bosco, ad esempio, la situazione \u00e8 ormai fuori controllo perch\u00e9 i graffiti, come sempre ad opera di ignoti, hanno \u201cdevastato\u201d non solo il muro della scuola primaria Dante, ma anche quello del vicino ex CDC, oggi sede all\u2019associazione sportiva Skull Boxe Canavesana.<\/p>\n<p>Sia nel primo caso, sia nel secondo, la fanno da padrone insulti (\u201cbimbi de merd\u201d, ad esempio, sulla scuola Dante), dichiarazioni d\u2019amore di dubbio gusto, ma anche gli immancabili \u201cfalli stilizzati\u201d opera di una cretinit\u00e0 umana laddove manca la vera creativit\u00e0. Certo non un bel vedere, che si unisce ad altre problematiche di scarso decoro lungo la strada come i panetti dissuasori di parcheggi distrutti, intonaci che cadono a pezzi, etc.. Una situazione che stride con l\u2019idea di citt\u00e0 pulita e turistica sulla quale gli enti locali stanno lavorando.<\/p>\n<p>Ma, fra qualche giorno, qualcosa dovrebbe cambiare. Almeno lungo il muro dell\u2019ex CDC dove l\u2019associazione Migrantes di Asti ha chiesto al Comune di poter realizzare un grande murale che andr\u00e0 a riqualificare l\u2019esterno dell\u2019edificio, sperando che nessuno vada a devastarlo pochi giorni dopo la conclusione dei lavori. Dal 16 al 28 settembre, come previsto da un\u2019apposita ordinanza, sar\u00e0 vietato il parcheggio davanti all\u2019edificio per consentire ai proponenti di creare l\u2019opera, eliminando i graffiti presenti.<\/p>\n<p>\u00ab\u00c8 una bella iniziativa perch\u00e9 vogliamo che queste aree siano belle, ma purtroppo c\u2019\u00e8 chi rovina il nostro lavoro, come successo nel vicino bosco dei Partigiani \u2013 spiega l\u2019assessora all\u2019Istruzione Loretta Bologna \u2013 Anche sul muro della scuola Dante cercheremo di rimuovere quelle scritte, che non vengono via con l\u2019idropulitrice. Un pezzo alla volta, vedremo di pulire tutto il centro, individuando non solo le coperture finanziarie, ma anche le risorse umane. Comunque sono convinta \u2013 conclude l\u2019assessora \u2013 che fin dai primi anni di scuola sia sempre pi\u00f9 indispensabile insegnare ai giovani il rispetto dei beni comuni\u00bb.<\/p>\n<p><strong>[foto J.R.]<\/strong><\/p>\n","protected":false},"excerpt":{"rendered":"C\u2019\u00e8 una bella differenza tra la street art e i graffiti che, sempre pi\u00f9 spesso, spuntano sui muri&hellip;\n","protected":false},"author":3,"featured_media":106178,"comment_status":"","ping_status":"","sticky":false,"template":"","format":"standard","meta":{"footnotes":""},"categories":[1446],"tags":[1615,1613,1614,1611,1610,1612,203,204,1537,90,89],"class_list":{"0":"post-106177","1":"post","2":"type-post","3":"status-publish","4":"format-standard","5":"has-post-thumbnail","7":"category-arte-e-design","8":"tag-arte","9":"tag-arte-e-design","10":"tag-arteedesign","11":"tag-arts","12":"tag-arts-and-design","13":"tag-design","14":"tag-entertainment","15":"tag-intrattenimento","16":"tag-it","17":"tag-italia","18":"tag-italy"},"share_on_mastodon":{"url":"","error":""},"_links":{"self":[{"href":"https:\/\/www.europesays.com\/it\/wp-json\/wp\/v2\/posts\/106177","targetHints":{"allow":["GET"]}}],"collection":[{"href":"https:\/\/www.europesays.com\/it\/wp-json\/wp\/v2\/posts"}],"about":[{"href":"https:\/\/www.europesays.com\/it\/wp-json\/wp\/v2\/types\/post"}],"author":[{"embeddable":true,"href":"https:\/\/www.europesays.com\/it\/wp-json\/wp\/v2\/users\/3"}],"replies":[{"embeddable":true,"href":"https:\/\/www.europesays.com\/it\/wp-json\/wp\/v2\/comments?post=106177"}],"version-history":[{"count":0,"href":"https:\/\/www.europesays.com\/it\/wp-json\/wp\/v2\/posts\/106177\/revisions"}],"wp:featuredmedia":[{"embeddable":true,"href":"https:\/\/www.europesays.com\/it\/wp-json\/wp\/v2\/media\/106178"}],"wp:attachment":[{"href":"https:\/\/www.europesays.com\/it\/wp-json\/wp\/v2\/media?parent=106177"}],"wp:term":[{"taxonomy":"category","embeddable":true,"href":"https:\/\/www.europesays.com\/it\/wp-json\/wp\/v2\/categories?post=106177"},{"taxonomy":"post_tag","embeddable":true,"href":"https:\/\/www.europesays.com\/it\/wp-json\/wp\/v2\/tags?post=106177"}],"curies":[{"name":"wp","href":"https:\/\/api.w.org\/{rel}","templated":true}]}}