{"id":106215,"date":"2025-09-13T15:38:11","date_gmt":"2025-09-13T15:38:11","guid":{"rendered":"https:\/\/www.europesays.com\/it\/106215\/"},"modified":"2025-09-13T15:38:11","modified_gmt":"2025-09-13T15:38:11","slug":"treviso-e-possagno-unite-per-restaurare-lamorino-lubomirski-di-antonio-canova","status":"publish","type":"post","link":"https:\/\/www.europesays.com\/it\/106215\/","title":{"rendered":"Treviso e Possagno unite per restaurare l&#8217;Amorino Lubomirski di Antonio Canova"},"content":{"rendered":"<p>Treviso e Possagno rinnovano il loro legame nel segno di Antonio Canova e della bellezza dell&#8217;arte. Grazie a un progetto condiviso tra i Musei Civici di Treviso e la Gypsotheca Museo Antonio Canova di Possagno, partir\u00e0 in questi giorni il restauro dell\u2019Amorino \u2018Lubomirski\u2019, importante gesso realizzato dal grande scultore veneto nel 1785.\u00a0<\/p>\n<p>L\u2019iniziativa nasce all\u2019interno di una relazione ormai consolidata tra le due istituzioni culturali, che negli anni hanno collaborato a pi\u00f9 riprese. Ultimo in ordine di tempo \u00e8 il prestito della celebre Maddalena giacente, tra le opere pi\u00f9 intense e commoventi dell\u2019arte canoviana, alla mostra \u201cLa Maddalena e la Croce. Amore sublime\u201d in corso a Treviso fino a domenica 14 settembre. Ora il Comune di Treviso sosterr\u00e0 parte dei costi di restauro dell\u2019Amorino \u2018Lubomirski\u2019; sfortunatamente danneggiato durante le vicende della Prima Guerra Mondiale, e sottoposto a un primo intervento di recupero nel 2013. La scultura, commissionata dalla principessa El\u017cbieta Czartoryski Lubomirska, ritrae nelle vesti di Amore il giovane principe Henryk Lubomirski, parente e pupillo della nobildonna che lo volle con s\u00e9 durante il Grand Tour in Italia. Il restauro dell&#8217;opera verr\u00e0 condotto dalla ditta Passarella di Padova sotto la supervisione scientifica della Gypsotheca e della Soprintendenza. Si prevede che i lavori potranno concludersi gi\u00e0 nei prossimi mesi.<\/p>\n<p><img decoding=\"async\" src=\"https:\/\/www.europesays.com\/it\/wp-content\/uploads\/2025\/09\/amorino_analisi.jpg\" alt=\"Amorino_Analisi\" title=\"Amorino_Analisi\"\/><\/p>\n<p><strong>I COMMENTI<\/strong><\/p>\n<p>L&#8217;assessore alla Cultura e Turismo del Comune di Treviso, Maria Teresa De Gregorio, spiega: \u00abLa collaborazione tra Treviso e Possagno dimostra come la cultura possa essere un ponte tra comunit\u00e0, generando progetti condivisi che hanno un valore artistico, istituzionale e civile. Restituire splendore a un\u2019opera cos\u00ec significa rinnovare il nostro impegno a sostenere l\u2019arte di Canova e a renderla sempre pi\u00f9 accessibile, viva e presente per i cittadini e i visitatori\u00bb.<\/p>\n<p>\u00abRingrazio il Comune di Treviso per il sostegno al restauro dell\u2019Amorino Lubomirski &#8211; conclude il sindaco di Possagno, Valerio Favaro -. \u00c8 un gesto che rafforza il legame tra Treviso e Possagno nel segno di Canova e dimostra come la collaborazione tra istituzioni possa tradursi in azioni concrete di tutela del nostro patrimonio. Restituire nuova vita a questa scultura significa rinnovare insieme l\u2019impegno a custodire e valorizzare l\u2019eredit\u00e0 del maestro\u00bb.<\/p>\n","protected":false},"excerpt":{"rendered":"Treviso e Possagno rinnovano il loro legame nel segno di Antonio Canova e della bellezza dell&#8217;arte. Grazie a&hellip;\n","protected":false},"author":3,"featured_media":106216,"comment_status":"","ping_status":"","sticky":false,"template":"","format":"standard","meta":{"footnotes":""},"categories":[1446],"tags":[74788,45518,1615,1613,1614,1611,1610,1612,203,46712,204,1537,90,89,38149],"class_list":{"0":"post-106215","1":"post","2":"type-post","3":"status-publish","4":"format-standard","5":"has-post-thumbnail","7":"category-arte-e-design","8":"tag-amorino","9":"tag-antonio-canova","10":"tag-arte","11":"tag-arte-e-design","12":"tag-arteedesign","13":"tag-arts","14":"tag-arts-and-design","15":"tag-design","16":"tag-entertainment","17":"tag-gypsotheca","18":"tag-intrattenimento","19":"tag-it","20":"tag-italia","21":"tag-italy","22":"tag-restauro"},"share_on_mastodon":{"url":"","error":""},"_links":{"self":[{"href":"https:\/\/www.europesays.com\/it\/wp-json\/wp\/v2\/posts\/106215","targetHints":{"allow":["GET"]}}],"collection":[{"href":"https:\/\/www.europesays.com\/it\/wp-json\/wp\/v2\/posts"}],"about":[{"href":"https:\/\/www.europesays.com\/it\/wp-json\/wp\/v2\/types\/post"}],"author":[{"embeddable":true,"href":"https:\/\/www.europesays.com\/it\/wp-json\/wp\/v2\/users\/3"}],"replies":[{"embeddable":true,"href":"https:\/\/www.europesays.com\/it\/wp-json\/wp\/v2\/comments?post=106215"}],"version-history":[{"count":0,"href":"https:\/\/www.europesays.com\/it\/wp-json\/wp\/v2\/posts\/106215\/revisions"}],"wp:featuredmedia":[{"embeddable":true,"href":"https:\/\/www.europesays.com\/it\/wp-json\/wp\/v2\/media\/106216"}],"wp:attachment":[{"href":"https:\/\/www.europesays.com\/it\/wp-json\/wp\/v2\/media?parent=106215"}],"wp:term":[{"taxonomy":"category","embeddable":true,"href":"https:\/\/www.europesays.com\/it\/wp-json\/wp\/v2\/categories?post=106215"},{"taxonomy":"post_tag","embeddable":true,"href":"https:\/\/www.europesays.com\/it\/wp-json\/wp\/v2\/tags?post=106215"}],"curies":[{"name":"wp","href":"https:\/\/api.w.org\/{rel}","templated":true}]}}