{"id":106268,"date":"2025-09-13T16:10:13","date_gmt":"2025-09-13T16:10:13","guid":{"rendered":"https:\/\/www.europesays.com\/it\/106268\/"},"modified":"2025-09-13T16:10:13","modified_gmt":"2025-09-13T16:10:13","slug":"ciclismo-vingegaard-vince-sulla-bola-del-mundo-e-si-prende-la-vuelta","status":"publish","type":"post","link":"https:\/\/www.europesays.com\/it\/106268\/","title":{"rendered":"Ciclismo, Vingegaard vince sulla Bola del Mundo e si prende la Vuelta"},"content":{"rendered":"<p>                                Il danese della Visma-Lease a Bike conquista il terribile arrivo in salita, stacca il portoghese Joao Almeida e domenica festegger\u00e0 a Madrid il trionfo nella corsa spagnola. L&#8217;italiano in crisi perde il primato nella classifica giovani. Ancora manifestazioni pro-Pal: tappa interrotta ai piedi della salita, poi il gruppo riesce a passare a fatica<\/p>\n<p>            <a class=\"image is-50x50\" href=\"https:\/\/www.gazzetta.it\/redazione\/luca-gialanella\/\" rel=\"nofollow noopener\" target=\"_blank\"><br \/>\n                <img decoding=\"async\" class=\"is-rounded\" src=\"https:\/\/www.europesays.com\/it\/wp-content\/uploads\/2025\/07\/luca_gialanella.png\" alt=\"Luca Gialanella\"\/><br \/>\n            <\/a><\/p>\n<p>Giornalista<\/p>\n<p>                    13 settembre 2025 (modifica alle 18:07)  &#8211; MILANO<\/p>\n<p class=\"paragraph\" spellcheck=\"true\">Vingegaard, finalmente. S\u00ec, ci sono ancora io. Dopo tante delusioni e amarezze, dopo aver visto sempre la schiena di Pogacar e aver subito la superiorit\u00e0 dello sloveno al Tour, l\u2019orgoglio di Jonas Vingegaard \u00e8 in cima alla Bola del Mundo, a 2251 metri di quota nella Sierra di Navacerrada, a poco pi\u00f9 di un\u2019ora da Madrid. Qui nel 2010 Vincenzo Nibali conquist\u00f2 la Vuelta, il suo primo grande giro e a 25 anni inizi\u00f2 la scalata al palcoscenico mondiale del ciclismo. Oggi Vingegaard si \u00e8 messo alle spalle l\u2019ingombrante ombra di Pogacar, e dopo tre secondi posti al Tour alle spalle dello sloveno conquista la Vuelta numero 80: domani l\u2019apoteosi a Madrid. Due volte re del Tour nel 2022 e 2023, secondo nel 2021, 2024 e 2025: il danese della Visma-Lease a Bike si riscatta sulle strade spagnole dove al Giro dei Paesi Baschi 2024, con quella terribile caduta, rischi\u00f2 di smettere con il ciclismo, e sale a tre trionfi nelle grandi corse a tappe.<\/p>\n<p class=\"paragraph\" spellcheck=\"true\">Sulla strada in cemento della salita spagnola, a 1,1 km dall\u2019arrivo, Vingegaard sente la responsabilit\u00e0 della maglia rossa, attacca Hindley e se ne va. Non c\u2019\u00e8 pubblico, c\u2019\u00e8 soltanto Vingegaard, la maglia rossa e i suoi pensieri. Mette il sigillo in cima alla Bola del Mundo con un urlo di liberazione: \u00e8 la sua terza vittoria in questa edizione della corsa. Secondo il suo compagno Kuss a 11\u201d, terzo Hindley a 13\u201d, quarto Pidcock a 18\u201d, quinto Almeida a 22\u201d. Ciccone a 1\u201923\u201d. Peccato per Giulio Pellizzari, che va in crisi sulla salita finale: arriva 16\u00b0 a 2\u201950\u201d e cede la maglia bianca dei giovani allo statunitense Riccitello. Vittoria numero 41 in carriera per Vingegaard, la quinta stagionale: in classifica il danese comanda con 1\u201916\u201d su Almeida (Uae Emirates), 3\u201911\u201d su Pidcock (Q36.5), 3\u201941\u201d su Hindley (Red Bull-Bora), 5\u201955\u201d su Riccitello (Israel-Premier Tech) e 7\u201923\u201d su Pellizzari (Red Bull-Bora)..<\/p>\n<p>    LA CORSA\u2014 \u00a0<\/p>\n<p class=\"paragraph\" spellcheck=\"true\">La tappa viene bloccata a 20 km dall\u2019arrivo dagli attivisti pro-Palestina, a fatica il gruppo riesce a passare. Giulio Ciccone si mette in evidenza, \u00e8 al comando a 12 km dall\u2019arrivo, prima da solo e poi con il basco Landa. Ripresi a 3 km, quando inizia il pezzo terribile con la strada in cemento e pendenze fino al 22%. Ottima prestazione per l\u2019abruzzese, che ha voluto fare un test generale a due settimane dal Mondiale di Kigali in Ruanda, in Africa, dove sar\u00e0 il leader della Nazionale. Il ct Marco Villa pu\u00f2 stare tranquillo e affidarsi a lui, cos\u00ec come a Pellizzari. Forcing di Almeida negli ultimi 3 km, il portoghese deve recuperare 44\u201d da Vingegaard e si mette in testa a fare una cronoscalata, senza mai curarsi di Vingegaard in maglia rossa alle sue spalle. A 2,2 km attacca Hindley, e Vingegaard lo segue. E dopo 200 metri Almedia cede un metro, poi due, cinque, dieci. Quindi lo show finale di Vingegaard.<\/p>\n<p>    GRAN FINALE\u2014 \u00a0<\/p>\n<p class=\"paragraph\" spellcheck=\"true\">Domani 21a e ultima tappa, Alalpardo-Madrid, 106 km, che \u00e8 stata accorciata di cinque chilometri per &#8220;motivi di circolazione&#8221;, come hanno spiegato gli organizzatori. Il cambiamento avviene prima del circuito finale di Madrid, con l\u2019eliminazione del passaggio da Aravaca. La Vuelta arriva comunque a Madrid in un clima di grandissima tensione, con proteste continue dei manifestanti pro-Palestina, contro il team Israel in corsa. Domani nella capitale sono in programma manifestazioni in vari punti della capitale: c\u2019\u00e8 uno schieramento straordinario di forze dell&#8217;ordine con oltre mille agenti della polizia e 400 della Guardia Civil.<\/p>\n<p class=\"is-copyright\">\u00a9 RIPRODUZIONE RISERVATA<\/p>\n","protected":false},"excerpt":{"rendered":"Il danese della Visma-Lease a Bike conquista il terribile arrivo in salita, stacca il portoghese Joao Almeida e&hellip;\n","protected":false},"author":3,"featured_media":106269,"comment_status":"","ping_status":"","sticky":false,"template":"","format":"standard","meta":{"footnotes":""},"categories":[176],"tags":[48130,2478,1262,10083,74818,842,4632,33956,73653,30372,3361,30373,392,570,20346,25402,1824,631,1932,3221,1276,2236,1690,1426,45056,1537,90,89,4639,74817,5382,2219,52421,1981,70946,22887,1465,7759,3547,7617,245,244,2218,19145,3555,2223,14374],"class_list":{"0":"post-106268","1":"post","2":"type-post","3":"status-publish","4":"format-standard","5":"has-post-thumbnail","7":"category-sport","8":"tag-almeida","9":"tag-arriva","10":"tag-arrivo","11":"tag-attacca","12":"tag-attacca-hindley","13":"tag-bianca","14":"tag-bike","15":"tag-bola","16":"tag-bola-mundo","17":"tag-bora","18":"tag-bull","19":"tag-bull-bora","20":"tag-capitale","21":"tag-cede","22":"tag-cemento","23":"tag-ciccone","24":"tag-ciclismo","25":"tag-cinque","26":"tag-classifica","27":"tag-conquista","28":"tag-corsa","29":"tag-danese","30":"tag-domani","31":"tag-finale","32":"tag-hindley","33":"tag-it","34":"tag-italia","35":"tag-italy","36":"tag-km","37":"tag-km-arrivo","38":"tag-madrid","39":"tag-maglia","40":"tag-maglia-rossa","41":"tag-mette","42":"tag-mundo","43":"tag-pellizzari","44":"tag-pro","45":"tag-rossa","46":"tag-salita","47":"tag-spalle","48":"tag-sport","49":"tag-sports","50":"tag-tappa","51":"tag-terribile","52":"tag-tour","53":"tag-vingegaard","54":"tag-vuelta"},"share_on_mastodon":{"url":"","error":""},"_links":{"self":[{"href":"https:\/\/www.europesays.com\/it\/wp-json\/wp\/v2\/posts\/106268","targetHints":{"allow":["GET"]}}],"collection":[{"href":"https:\/\/www.europesays.com\/it\/wp-json\/wp\/v2\/posts"}],"about":[{"href":"https:\/\/www.europesays.com\/it\/wp-json\/wp\/v2\/types\/post"}],"author":[{"embeddable":true,"href":"https:\/\/www.europesays.com\/it\/wp-json\/wp\/v2\/users\/3"}],"replies":[{"embeddable":true,"href":"https:\/\/www.europesays.com\/it\/wp-json\/wp\/v2\/comments?post=106268"}],"version-history":[{"count":0,"href":"https:\/\/www.europesays.com\/it\/wp-json\/wp\/v2\/posts\/106268\/revisions"}],"wp:featuredmedia":[{"embeddable":true,"href":"https:\/\/www.europesays.com\/it\/wp-json\/wp\/v2\/media\/106269"}],"wp:attachment":[{"href":"https:\/\/www.europesays.com\/it\/wp-json\/wp\/v2\/media?parent=106268"}],"wp:term":[{"taxonomy":"category","embeddable":true,"href":"https:\/\/www.europesays.com\/it\/wp-json\/wp\/v2\/categories?post=106268"},{"taxonomy":"post_tag","embeddable":true,"href":"https:\/\/www.europesays.com\/it\/wp-json\/wp\/v2\/tags?post=106268"}],"curies":[{"name":"wp","href":"https:\/\/api.w.org\/{rel}","templated":true}]}}