{"id":10630,"date":"2025-07-26T22:31:09","date_gmt":"2025-07-26T22:31:09","guid":{"rendered":"https:\/\/www.europesays.com\/it\/10630\/"},"modified":"2025-07-26T22:31:09","modified_gmt":"2025-07-26T22:31:09","slug":"soccorre-il-fratello-in-difficolta-nel-mare-mosso-ad-anzio-morti-entrambi-la-bandiera-era-rossa-unaltra-vittima-a-tarquinia","status":"publish","type":"post","link":"https:\/\/www.europesays.com\/it\/10630\/","title":{"rendered":"Soccorre il fratello in difficolt\u00e0 nel mare mosso ad Anzio: morti entrambi. La bandiera era rossa. Un&#8217;altra vittima a Tarquinia"},"content":{"rendered":"<p>I due parenti avevano 55 e 58 anni, l&#8217;altro bagnante invece 47. Il bagnino che ha riportato a riva i primi due si \u00e8 sentito male ed \u00e8 stato ricoverato in ospedale. Il cordoglio del sindaco Aurelio Lo Fazio<\/p>\n<p class=\"chapter-paragraph\">Uno si \u00e8 ritrovato all\u2019improvviso  in un mulinello e in una buca sul fondale formati dal mare mosso a pochi metri dalla riva e non \u00e8 riuscito a tornare verso la spiaggia. Il fratello \u00e8 quindi corso in acqua anche lui per aiutarlo, ma \u00e8 rimasto bloccato nel giro di pochi istanti nella stessa depressione nella sabbia. Voleva salvarlo, ma non c\u2019\u00e8 riuscito. <b>Ed entrambi sono morti annegati, nonostante l\u2019intervento del bagnino dello stabilimento <\/b>\u00abDea Fortuna\u00bb della Riviera di Ponente di Anzio: li ha riportati a riva ma poi si \u00e8  sentito male, per lo choc e per la fatica. Ora \u00e8  ricoverato in ospedale. Non sarebbe in gravi condizioni.\u00a0<\/p>\n<p>    La vittima di Fonte Nuova<\/p>\n<p class=\"chapter-paragraph\">Un\u2019altra tragedia del mare, dopo quella del peschereccio \u00abRisurgo\u00bb affondato nei giorni scorsi davanti alla costa con la morte del comandante Tony Magliozzi davanti al figlio Andrea, che si unisce a quella sempre di ieri pomeriggio a Tarquinia, in provincia di Viterbo, dove a perdere la vita ancora a causa del mare mosso \u00e8 stato un bagnante di 47 anni, Alessandro D\u2019Angelo, che, <b>come i due fratelli deceduti ad Anzio<\/b>, era romano e abitava a Fonte Nuova. Anche lui si \u00e8 tuffato senza perdere un attimo per riportare a riva la moglie, i figli e i nipoti che si erano ritrovati in difficolt\u00e0 a causa delle onde e della corrente. Un\u2019impresa immane che gli \u00e8 costata la vita perch\u00e9 \u00e8 stato colto da malore proprio nel tentativo di salvare tutti.\u00a0    &#13;<br \/>\n&#13;<br \/>\n&#13;<br \/>\n&#13;<br \/>\n&#13;<br \/>\n&#13;<br \/>\n&#13;<br \/>\n&#13;<br \/>\n&#13;<br \/>\n&#13;<br \/>\n&#13;<br \/>\n&#13;<br \/>\n&#13;<br \/>\n&#13;<br \/>\n&#13;<br \/>\n&#13;<br \/>\n&#13;<br \/>\n&#13;<br \/>\n&#13;<br \/>\n&#13;<br \/>\n&#13;<br \/>\n&#13;<br \/>\n&#13;<br \/>\n&#13;<br \/>\n&#13;<br \/>\n&#13;<br \/>\n&#13;<br \/>\n&#13;<br \/>\n&#13;<br \/>\n&#13;<br \/>\n&#13;<br \/>\n&#13;<br \/>\n&#13;<br \/>\n&#13;<br \/>\n&#13;<br \/>\n&#13;<br \/>\n&#13;<br \/>\n&#13;<br \/>\n&#13;<br \/>\n&#13;<br \/>\n&#13;<br \/>\n&#13;<br \/>\n&#13;<br \/>\n&#13;<br \/>\n&#13;<br \/>\n&#13;<br \/>\n&#13;<br \/>\n&#13;<br \/>\n&#13;<br \/>\n&#13;<br \/>\n&#13;<br \/>\n&#13;<br \/>\n&#13;\n<\/p>\n<p>    L&#8217;indagine sulla sicurezza<\/p>\n<p class=\"chapter-paragraph\">Ad Anzio i due fratelli sono morti davanti ai parenti sconvolti mentre il personale medico dell\u2019Ares 118 cercava di rianimarli: sul posto \u00e8 stato anche dirottato un elicottero di soccorso che \u00e8 atterrato sulla spiaggia, ma purtroppo non \u00e8 servito. <b>Avevano 55 e 58 anni.<\/b> Si trovavano anche loro fin dalla mattina nello stabilimento balneare quando uno di loro &#8211; secondo la ricostruzione della polizia municipale &#8211; ha deciso di fare il bagno nonostante<b> il mare agitato tanto che era stata issata la bandiera rossa,<\/b> che vieta l\u2019ingresso in acqua (a Tarquinia invece la vittima si trovava sulla spiaggia libera), poi ha gridato e ha richiamato l\u2019attenzione del fratello entrato subito in acqua insieme con il bagnino e altri assistenti ai bagnanti degli stabilimenti vicini. Purtroppo \u00e8 finita nel peggiore dei modi. Le indagini chiariranno se ci siano responsabilit\u00e0. Il sindaco di Anzio Aurelio Lo Fazio ha espresso \u00abprofondo dolore per la seconda tragedia del mare avvenuta ad Anzio nel giro di pochi giorni e vicinanza alle famiglie delle due vittime\u00bb.<\/p>\n<p class=\"is-last-update\" datetime=\"2025-07-27T00:17:08+02:00\">26 luglio 2025 ( modifica il 27 luglio 2025 | 00:17)<\/p>\n<p class=\"is-copyright\">\n            \u00a9 RIPRODUZIONE RISERVATA\n        <\/p>\n","protected":false},"excerpt":{"rendered":"I due parenti avevano 55 e 58 anni, l&#8217;altro bagnante invece 47. Il bagnino che ha riportato a&hellip;\n","protected":false},"author":3,"featured_media":10631,"comment_status":"","ping_status":"","sticky":false,"template":"","format":"standard","meta":{"footnotes":""},"categories":[79],"tags":[412,2537,5900,13797,13798,13799,13793,2285,13800,1048,14,93,94,5376,5632,6394,13801,322,3688,3369,1537,90,89,2050,13794,770,13795,7,15,2466,13792,13498,13796,11,84,91,12,85,92,548],"class_list":{"0":"post-10630","1":"post","2":"type-post","3":"status-publish","4":"format-standard","5":"has-post-thumbnail","7":"category-italia","8":"tag-acqua","9":"tag-altra","10":"tag-anzio","11":"tag-aurelio","12":"tag-aurelio-fazio","13":"tag-bagnante","14":"tag-bagnino","15":"tag-bandiera","16":"tag-bandiera-rossa","17":"tag-causa","18":"tag-cronaca","19":"tag-cronaca-italiana","20":"tag-cronacaitaliana","21":"tag-difficolta","22":"tag-fazio","23":"tag-fonte","24":"tag-fonte-nuova","25":"tag-fratelli","26":"tag-fratello","27":"tag-giro","28":"tag-it","29":"tag-italia","30":"tag-italy","31":"tag-mare","32":"tag-mare-mosso","33":"tag-morti","34":"tag-mosso","35":"tag-news","36":"tag-notizie","37":"tag-pochi","38":"tag-riva","39":"tag-spiaggia","40":"tag-tarquinia","41":"tag-ultime-notizie","42":"tag-ultime-notizie-e-news-di-oggi","43":"tag-ultime-notizie-italia","44":"tag-ultimenotizie","45":"tag-ultimenotizieenewsdioggi","46":"tag-ultimenotizieitalia","47":"tag-vittima"},"share_on_mastodon":{"url":"","error":""},"_links":{"self":[{"href":"https:\/\/www.europesays.com\/it\/wp-json\/wp\/v2\/posts\/10630","targetHints":{"allow":["GET"]}}],"collection":[{"href":"https:\/\/www.europesays.com\/it\/wp-json\/wp\/v2\/posts"}],"about":[{"href":"https:\/\/www.europesays.com\/it\/wp-json\/wp\/v2\/types\/post"}],"author":[{"embeddable":true,"href":"https:\/\/www.europesays.com\/it\/wp-json\/wp\/v2\/users\/3"}],"replies":[{"embeddable":true,"href":"https:\/\/www.europesays.com\/it\/wp-json\/wp\/v2\/comments?post=10630"}],"version-history":[{"count":0,"href":"https:\/\/www.europesays.com\/it\/wp-json\/wp\/v2\/posts\/10630\/revisions"}],"wp:featuredmedia":[{"embeddable":true,"href":"https:\/\/www.europesays.com\/it\/wp-json\/wp\/v2\/media\/10631"}],"wp:attachment":[{"href":"https:\/\/www.europesays.com\/it\/wp-json\/wp\/v2\/media?parent=10630"}],"wp:term":[{"taxonomy":"category","embeddable":true,"href":"https:\/\/www.europesays.com\/it\/wp-json\/wp\/v2\/categories?post=10630"},{"taxonomy":"post_tag","embeddable":true,"href":"https:\/\/www.europesays.com\/it\/wp-json\/wp\/v2\/tags?post=10630"}],"curies":[{"name":"wp","href":"https:\/\/api.w.org\/{rel}","templated":true}]}}