{"id":106454,"date":"2025-09-13T18:12:09","date_gmt":"2025-09-13T18:12:09","guid":{"rendered":"https:\/\/www.europesays.com\/it\/106454\/"},"modified":"2025-09-13T18:12:09","modified_gmt":"2025-09-13T18:12:09","slug":"ottime-indicazioni-dallallenamento-congiunto-con-scandicci-lega-pallavolo-serie-a-femminile","status":"publish","type":"post","link":"https:\/\/www.europesays.com\/it\/106454\/","title":{"rendered":"Ottime indicazioni dall\u2019allenamento congiunto con Scandicci \u2013 Lega Pallavolo Serie A Femminile"},"content":{"rendered":"<p>Dopo quattro settimane di lavoro in palestra, oggi \u00e8 andata in scena la prima \u2018sgambata\u2019 vera e propria per Il Bisonte Firenze, che alla Sussidiaria del Pala BigMat ha svolto un allenamento congiunto con la Savino Del Bene Scandicci: i primi tre set, giocati con rotazioni bloccate, palla di conferma e punteggio speciale, se li \u00e8 aggiudicati Il Bisonte (25-21, 25-16, 25-20), mentre il quarto, disputato con punteggio classico a 15, lo ha vinto la Savino per 15-13. Gruppo al completo per coach Chiavegatti, che nei quattro set disputati ha fatto ruotare tutte le giocatrici a disposizione ad eccezione dell\u2019acciaccata Colzi, mentre dall\u2019altra parte tante le defezioni per coach Gaspari, privo di Antropova, Castillo, Franklin, Skinner (pi\u00f9 Ognjenovi\u0107, Nwakalor, Graziani e Traballi tenute a riposo) e con alcune giovani della B1 nelle rotazioni. \u201cSono soddisfatto di questo primo allenamento congiunto \u2013 le parole del coach de Il Bisonte Firenze Federico Chiavegatti -: d\u2019accordo con coach Gaspari, abbiamo lavorato su alcune situazioni specifiche che ci interessavano, e le ragazze hanno risposto molto bene. Abbiamo gi\u00e0 assimilato buona parte delle situazioni tattiche provate in queste quattro settimane, ci sono sicuramente tanti spunti su cui lavorare, ma intanto ci prendiamo questa buona iniezione di fiducia: da adesso possiamo solo crescere, avremo altri allenamenti congiunti che probabilmente approcceremo con punteggio traduzionale, quindi saranno pi\u00f9 vicini a una vera partita e ci permetteranno di acquisire sempre di pi\u00f9 il ritmo che ci servir\u00e0 con Chieri al debutto in campionato\u201d.<\/p>\n","protected":false},"excerpt":{"rendered":"Dopo quattro settimane di lavoro in palestra, oggi \u00e8 andata in scena la prima \u2018sgambata\u2019 vera e propria&hellip;\n","protected":false},"author":3,"featured_media":106455,"comment_status":"","ping_status":"","sticky":false,"template":"","format":"standard","meta":{"footnotes":""},"categories":[1474],"tags":[1537,90,89,245,244,1869],"class_list":{"0":"post-106454","1":"post","2":"type-post","3":"status-publish","4":"format-standard","5":"has-post-thumbnail","7":"category-volley","8":"tag-it","9":"tag-italia","10":"tag-italy","11":"tag-sport","12":"tag-sports","13":"tag-volley"},"share_on_mastodon":{"url":"","error":""},"_links":{"self":[{"href":"https:\/\/www.europesays.com\/it\/wp-json\/wp\/v2\/posts\/106454","targetHints":{"allow":["GET"]}}],"collection":[{"href":"https:\/\/www.europesays.com\/it\/wp-json\/wp\/v2\/posts"}],"about":[{"href":"https:\/\/www.europesays.com\/it\/wp-json\/wp\/v2\/types\/post"}],"author":[{"embeddable":true,"href":"https:\/\/www.europesays.com\/it\/wp-json\/wp\/v2\/users\/3"}],"replies":[{"embeddable":true,"href":"https:\/\/www.europesays.com\/it\/wp-json\/wp\/v2\/comments?post=106454"}],"version-history":[{"count":0,"href":"https:\/\/www.europesays.com\/it\/wp-json\/wp\/v2\/posts\/106454\/revisions"}],"wp:featuredmedia":[{"embeddable":true,"href":"https:\/\/www.europesays.com\/it\/wp-json\/wp\/v2\/media\/106455"}],"wp:attachment":[{"href":"https:\/\/www.europesays.com\/it\/wp-json\/wp\/v2\/media?parent=106454"}],"wp:term":[{"taxonomy":"category","embeddable":true,"href":"https:\/\/www.europesays.com\/it\/wp-json\/wp\/v2\/categories?post=106454"},{"taxonomy":"post_tag","embeddable":true,"href":"https:\/\/www.europesays.com\/it\/wp-json\/wp\/v2\/tags?post=106454"}],"curies":[{"name":"wp","href":"https:\/\/api.w.org\/{rel}","templated":true}]}}