{"id":106610,"date":"2025-09-13T20:02:08","date_gmt":"2025-09-13T20:02:08","guid":{"rendered":"https:\/\/www.europesays.com\/it\/106610\/"},"modified":"2025-09-13T20:02:08","modified_gmt":"2025-09-13T20:02:08","slug":"rune-cambia-racchetta-cosi-holger-prova-a-insidiare-sinner-e-alcaraz","status":"publish","type":"post","link":"https:\/\/www.europesays.com\/it\/106610\/","title":{"rendered":"Rune cambia racchetta: cos\u00ec Holger prova a insidiare Sinner e Alcaraz"},"content":{"rendered":"<p>                                Il danese, dopo la sconfitta al secondo turno dello US Open, ha deciso di cambiare racchetta. Le specifiche, per\u00f2, sono un mistero: giocher\u00e0 in Davis e alla Laver Cup con un attrezzo nero e senza sponsor visbile<\/p>\n<p>\n                                                    Luigi Ansaloni\n                            <\/p>\n<p>                    13 settembre &#8211; 21:11  &#8211; MILANO<\/p>\n<p class=\"paragraph\" spellcheck=\"true\">Holger Rune le sta provando tutte per provare ad essere quel &#8220;Big Three&#8221;, insieme a Carlos Alcaraz e Jannik Sinner, capace di dominare il mondo del tennis. Il danese per\u00f2 \u00e8 ancora molto, molto lontano da tutto ci\u00f2, e le soluzioni latitano.   Rune ha deciso cos\u00ec di provare anche a cambiare racchetta, ancora non si sa di che marca, facendone un vero e proprio mistero. Il danese giocher\u00e0 infatti il secondo turno di qualificazione di coppa Davis, in programma questo fine settimana, contro la Spagna, con un attrezzo rigorosamente nero e senza sponsor visibile, e cos\u00ec far\u00e0 anche alla Laver Cup, prevista per la settimana prossima.<\/p>\n<p>    l&#8217;idea\u2014 \u00a0<\/p>\n<p class=\"paragraph is-inline\" spellcheck=\"true\">L\u2019idea a Rune e al suo team \u00e8 venuta dopo l\u2019ennesima, cocente eliminazione allo Us Open, dove il buon Holger \u00e8 stato sbattuto fuori al secondo turno. Da l\u00ec sono iniziati i test con una nuova racchetta, giusto per provare qualcosa di nuovo, una soluzione che aiuti il classe 2003 ad uscire da una situazione davvero non facile e che dura ormai da tempo.<\/p>\n<p>    nuove sensazioni\u2014 \u00a0<\/p>\n<p class=\"paragraph is-inline\" spellcheck=\"true\">\u201cSto cercando di capire come va e come mi sento, le sensazioni sono importanti con la racchetta. Vedremo come va, poi far\u00f2 le mie valutazioni. Mi sono allenato con la nuova racchetta subito dopo lo Us Open &#8211; ha detto Rune -. cos\u00ec ho preso confidenza, e per me \u00e8 il momento ideale per farlo, perch\u00e9 preferisco non trovarmi pi\u00f9 avanti nell&#8217;anno a dover pensare con cosa giocher\u00f2. Il momento \u00e8 adesso&#8221;\u201d, ha detto Rune. Particolare non marginale, poi, \u00e8 che il contratto con la Babolat, sua fornitrice sin dall\u2019inizio della carriera, va in scadenza a fine anno, e dunque \u00e8 normale che il danese si stia guardando intorno.<\/p>\n<p>    i precedenti\u2014 \u00a0<\/p>\n<p class=\"paragraph is-inline\" spellcheck=\"true\">Non \u00e8 certo il primo top player che nel corso della carriera fa esperimenti con la racchetta. Nel 2009 Djokovic pass\u00f2 alla Head, e per qualche mese soffr\u00ec non poco il cambio, mentre famoso il caso di Andre Agassi, che gioc\u00f2 da giovanissimo alcune partite con una Prince truccata da Donnay, mandando in bestia l&#8217;azienda che lo profumatamente lo pagava, per poi passare definitivamente alla Head.<\/p>\n<p class=\"is-copyright\">\u00a9 RIPRODUZIONE RISERVATA<\/p>\n","protected":false},"excerpt":{"rendered":"Il danese, dopo la sconfitta al secondo turno dello US Open, ha deciso di cambiare racchetta. Le specifiche,&hellip;\n","protected":false},"author":3,"featured_media":106611,"comment_status":"","ping_status":"","sticky":false,"template":"","format":"standard","meta":{"footnotes":"","_share_on_mastodon":"0"},"categories":[1457],"tags":[1265,26434,2554,74920,1902,4299,2236,9849,3059,2250,20068,19863,128,1537,90,89,11316,74921,7059,2006,2172,1919,19859,245,244,1273,19627,7379,6665],"class_list":["post-106610","post","type-post","status-publish","format-standard","has-post-thumbnail","category-tennis","tag-alcaraz","tag-attrezzo","tag-cambiare","tag-cambiare-racchetta","tag-carriera","tag-cup","tag-danese","tag-davis","tag-deciso","tag-giochera","tag-head","tag-holger","tag-idea","tag-it","tag-italia","tag-italy","tag-laver","tag-laver-cup","tag-mistero","tag-open","tag-provare","tag-racchetta","tag-rune","tag-sport","tag-sports","tag-tennis","tag-turno","tag-us","tag-us-open"],"share_on_mastodon":{"url":"","error":""},"_links":{"self":[{"href":"https:\/\/www.europesays.com\/it\/wp-json\/wp\/v2\/posts\/106610","targetHints":{"allow":["GET"]}}],"collection":[{"href":"https:\/\/www.europesays.com\/it\/wp-json\/wp\/v2\/posts"}],"about":[{"href":"https:\/\/www.europesays.com\/it\/wp-json\/wp\/v2\/types\/post"}],"author":[{"embeddable":true,"href":"https:\/\/www.europesays.com\/it\/wp-json\/wp\/v2\/users\/3"}],"replies":[{"embeddable":true,"href":"https:\/\/www.europesays.com\/it\/wp-json\/wp\/v2\/comments?post=106610"}],"version-history":[{"count":0,"href":"https:\/\/www.europesays.com\/it\/wp-json\/wp\/v2\/posts\/106610\/revisions"}],"wp:featuredmedia":[{"embeddable":true,"href":"https:\/\/www.europesays.com\/it\/wp-json\/wp\/v2\/media\/106611"}],"wp:attachment":[{"href":"https:\/\/www.europesays.com\/it\/wp-json\/wp\/v2\/media?parent=106610"}],"wp:term":[{"taxonomy":"category","embeddable":true,"href":"https:\/\/www.europesays.com\/it\/wp-json\/wp\/v2\/categories?post=106610"},{"taxonomy":"post_tag","embeddable":true,"href":"https:\/\/www.europesays.com\/it\/wp-json\/wp\/v2\/tags?post=106610"}],"curies":[{"name":"wp","href":"https:\/\/api.w.org\/{rel}","templated":true}]}}