{"id":106999,"date":"2025-09-14T01:00:13","date_gmt":"2025-09-14T01:00:13","guid":{"rendered":"https:\/\/www.europesays.com\/it\/106999\/"},"modified":"2025-09-14T01:00:13","modified_gmt":"2025-09-14T01:00:13","slug":"lemozione-e-gli-obiettivi-di-sophie-grant-lisa-borzani-simone-corsini-andrea-macchi-giulio-ornati-e-gianluca-galeati","status":"publish","type":"post","link":"https:\/\/www.europesays.com\/it\/106999\/","title":{"rendered":"l\u2019emozione e gli obiettivi di Sophie Grant, Lisa Borzani, Simone Corsini, Andrea Macchi, Giulio Ornati e Gianluca Galeati"},"content":{"rendered":"<p>L\u2019emozione e gli obiettivi di alcuni atleti Elite al via domani del <strong>Tor des G\u00e9ants<\/strong>.<\/p>\n<p>Entusiasmo alle stelle, oggi pomeriggio, al <strong>Forum Sport Center di Courmayeur<\/strong> per la presentazione dei big.<\/p>\n<p><img aria-describedby=\"caption-attachment-454831\" loading=\"lazy\" class=\"wp-image-454831 size-medium\" ta-src=\"https:\/\/www.europesays.com\/it\/wp-content\/uploads\/2025\/09\/Top.jpg\" alt=\"\" width=\"300\" height=\"156\" ta- \/><\/p>\n<p id=\"caption-attachment-454831\" class=\"wp-caption-text\">Gli atleti Elite presentati oggi a Courmayeur (foto Alessandro Zambianchi \u2013 Zzam! Agency)<\/p>\n<p><strong>Sophie Grant<\/strong>, <strong>Lisa Borzani<\/strong>, <strong>Simone Corsini<\/strong>, <strong>Andrea Macchi<\/strong>, <strong>Giulio Ornati<\/strong> e <strong>Gianluca Galeati<\/strong> hanno parlato al microfono di <strong>Elisabetta Negra<\/strong>.<\/p>\n<p>La gara scatter\u00e0 domani alle 10 e alle 12.<\/p>\n<p>Sophie Grant: \u00abIl piano \u00e8 dormire pochissimo e spingere pi\u00f9 forte che posso\u00bb<\/p>\n<p><strong>Sophie Grant<\/strong> torna dopo il quarto posto del 2023.<\/p>\n<p>\u00abSto molto bene, sono molto emozionata all\u2019idea di partire \u2013 ha rivelato l\u2019atleta inglese -. Il mio piano \u00e8 di dormire pochissimo e di spingere pi\u00f9 forte che posso\u00bb.<\/p>\n<p>Lisa Borzani: \u00abMe la faccio sotto come la prima volta\u00bb<\/p>\n<p>Gran parte delle speranze azzurre sono riposte sulla due volte vincitrice <strong>Lisa Borzani<\/strong>.<\/p>\n<p>\u00abHo ancora voglia di partire, ogni volta \u00e8 un\u2019esperienza diversa \u2013 ha ammesso la padovana che vive a La Magdeleine -. Me la faccio sotto come la prima volta. Il tratto che temo di pi\u00f9 \u00e8 la salita da Pont-Saint-Martin a Niel, l\u2019anno scorso l\u00ec in mezzo ho avuto una bella crisi, se supero quel pezzo mi sento un po\u2019 pi\u00f9 sollevata. Quest\u2019anno ho corso tanto e avere tutti i pezzi ancora attaccati \u00e8 un buon punto di partenza\u00bb.<\/p>\n<p>Simone Corsini: \u00abIl Tor des G\u00e9ants \u00e8 una gara difficile da interpretare\u00bb<\/p>\n<p><strong>Simone Corsini<\/strong> \u00e8 uno dei principali rivali del quattro volte re <strong>Franco Coll\u00e9<\/strong>.<\/p>\n<p>\u00abDopo due anni di assenza ci tenevo a essere qui \u2013 ha sottolineato l\u2019emiliano -. Ho bellissimi ricordi dell\u2019ultima volta, spero che vada di nuovo bene. Alla vigilia \u00e8 sempre complicato dire cosa ci si aspetta, il Tor \u00e8 una difficile da interpretare, l\u2019obiettivo \u00e8 partire con calma e vedere giorno dopo giorno come va. Per me sono stati due anni belli e intensi nei quali ho corso tanto, spero che tutto fili liscio, mercoled\u00ec vedremo come siamo messi\u00bb.<\/p>\n<p>Il divertente botta e risposta tra i grandi amici Giulio Ornati e Andrea Macchi<\/p>\n<p><strong>Elisabetta Negra<\/strong> ha coinvolto i grandi amici <strong>Giulio Ornati<\/strong> e <strong>Andrea Macchi<\/strong> in una doppia simpatica intervista.<\/p>\n<p>\u00abMi sono allenato tanto, spesso con Giulio \u2013 ha rivelato Macchi -. Oggi sono pi\u00f9 emozionato della prima volta. Pi\u00f9 passano gli anni e pi\u00f9 \u00e8 complicato preparare il Tor, la gara diventa la parte pi\u00f9 facile da fare. La palma della torta pi\u00f9 buona se la contendono il rifugio della Barma e la Gruba di Niel. Il paesaggio che mi emoziona di pi\u00f9 \u00e8 l\u2019asfalto di Courmayueur, perch\u00e9 vuol dire che ho finito, l\u2019obiettivo \u00e8 fare del mio meglio. Il sogno \u00e8 provare a migliorarmi ancora\u00bb.<\/p>\n<p>\u00abSto vivendo emozioni contrastanti, tra un po\u2019 di paura e tanta eccitazione in vista del via \u2013 ha detto Ornati -. L\u2019unica volta che ho partecipato, non sono riuscito a finirlo, per cui mi auguro di arrivare a Courmayeur e bermi una birra con il mio amico Andrea, che arriver\u00e0 prima di me. Il tratto che mi piace ti pi\u00f9 \u00e8 quello della Valle di Gressoney\u00bb.<\/p>\n<p>Gianluca Galeati: \u00abSpero di ripetere la bella prova di due anni fa\u00bb<\/p>\n<p>Gianluca Galeati torna con la voglia di dimenticare <a href=\"https:\/\/www.gazzettamatin.com\/2024\/09\/09\/tor-330-colpo-di-scena-gianluca-galeati-si-ritira-chardonnay\/\" target=\"_blank\" rel=\"noopener nofollow\">il ritiro<\/a> dell\u2019anno scorso a <strong>Champorcher<\/strong>.<\/p>\n<p>\u00abHo tanta voglia di partire \u2013 ha dichiarato il <strong>Galattico<\/strong> bolognese -. Scappo dalla mia pianura appena posso per venire a emozionarmi in Valle d\u2019Aosta. Sembra che ci sar\u00e0 tempo buono, molto meglio rispetto all\u2019anno scorso, quando tra l\u2019altro ero gi\u00e0 partito storto perch\u00e9 mi ero ammalato alla vigilia del via. Spero di ripetere la prestazione di due anni fa. La parte che temo di pi\u00f9 \u00e8 quella iniziale fino a Valgrisenche, si finisce sempre con l\u2019andare troppo forte, perch\u00e9 c\u2019\u00e8 bagarre e si fa fatica a non guardare gli altri, mentre bisognerebbe partire tranquilli. A me piace tanto il percorso da Gressoney in avanti, da l\u00ec si gioca il vero Tor, il finale \u00e8 il tratto pi\u00f9 emozionante\u00bb.<\/p>\n<p>(elisabetta negra)<\/p>\n","protected":false},"excerpt":{"rendered":"L\u2019emozione e gli obiettivi di alcuni atleti Elite al via domani del Tor des G\u00e9ants. Entusiasmo alle stelle,&hellip;\n","protected":false},"author":3,"featured_media":107000,"comment_status":"","ping_status":"","sticky":false,"template":"","format":"standard","meta":{"footnotes":""},"categories":[1456],"tags":[1824,1825,1537,90,89,245,244,75083],"class_list":{"0":"post-106999","1":"post","2":"type-post","3":"status-publish","4":"format-standard","5":"has-post-thumbnail","7":"category-ciclismo","8":"tag-ciclismo","9":"tag-cycling","10":"tag-it","11":"tag-italia","12":"tag-italy","13":"tag-sport","14":"tag-sports","15":"tag-tor-des-geants"},"share_on_mastodon":{"url":"","error":""},"_links":{"self":[{"href":"https:\/\/www.europesays.com\/it\/wp-json\/wp\/v2\/posts\/106999","targetHints":{"allow":["GET"]}}],"collection":[{"href":"https:\/\/www.europesays.com\/it\/wp-json\/wp\/v2\/posts"}],"about":[{"href":"https:\/\/www.europesays.com\/it\/wp-json\/wp\/v2\/types\/post"}],"author":[{"embeddable":true,"href":"https:\/\/www.europesays.com\/it\/wp-json\/wp\/v2\/users\/3"}],"replies":[{"embeddable":true,"href":"https:\/\/www.europesays.com\/it\/wp-json\/wp\/v2\/comments?post=106999"}],"version-history":[{"count":0,"href":"https:\/\/www.europesays.com\/it\/wp-json\/wp\/v2\/posts\/106999\/revisions"}],"wp:featuredmedia":[{"embeddable":true,"href":"https:\/\/www.europesays.com\/it\/wp-json\/wp\/v2\/media\/107000"}],"wp:attachment":[{"href":"https:\/\/www.europesays.com\/it\/wp-json\/wp\/v2\/media?parent=106999"}],"wp:term":[{"taxonomy":"category","embeddable":true,"href":"https:\/\/www.europesays.com\/it\/wp-json\/wp\/v2\/categories?post=106999"},{"taxonomy":"post_tag","embeddable":true,"href":"https:\/\/www.europesays.com\/it\/wp-json\/wp\/v2\/tags?post=106999"}],"curies":[{"name":"wp","href":"https:\/\/api.w.org\/{rel}","templated":true}]}}