{"id":107021,"date":"2025-09-14T01:18:15","date_gmt":"2025-09-14T01:18:15","guid":{"rendered":"https:\/\/www.europesays.com\/it\/107021\/"},"modified":"2025-09-14T01:18:15","modified_gmt":"2025-09-14T01:18:15","slug":"atalanta-con-lookman-il-caso-non-e-chiuso-perde-laereo-dal-sudafrica-e-chiede-di-allenarsi-a-parte-dopo-pranzo","status":"publish","type":"post","link":"https:\/\/www.europesays.com\/it\/107021\/","title":{"rendered":"Atalanta, con Lookman il caso non \u00e8 chiuso: perde l&#8217;aereo dal Sudafrica e chiede di allenarsi a parte (dopo pranzo)"},"content":{"rendered":"<p>    di<br \/>\n    Marina Belotti<\/p>\n<p class=\"summary-art is-line-h-12\">Ancora incerto il destino del nigeriano dopo un rientro pi\u00f9 problematico del previsto. In giornata Juric ha comunicato che non \u00e8 stato convocato per la gara contro il Lecce<\/p>\n<p class=\"chapter-paragraph\">Il giorno della verit\u00e0 \u00e8 slittato,<a href=\"https:\/\/bergamo.corriere.it\/notizie\/sport\/atalanta\/25_settembre_12\/atalanta-il-ritorno-di-lookman-l-attaccante-atteso-a-zingonia-per-allenarsi-insieme-ai-compagni-60c8f804-009a-40b6-b2bb-70271f1a3xlk.shtml\" rel=\"nofollow noopener\" target=\"_blank\">  Lookman<\/a> ieri (13 settembre) \u00e8 tornato a Zingonia e oggi mister Juric <a href=\"https:\/\/bergamo.corriere.it\/notizie\/sport\/atalanta\/25_settembre_13\/juric-e-rottura-con-lookman-non-sara-con-noi-all-atalanta-serve-altro-lavoro-e-umilta-038560e0-43de-4d30-ba71-39add4c89xlk.shtml\" rel=\"nofollow noopener\" target=\"_blank\">annuncia che non sar\u00e0 tra i convocati<\/a> per <b>Atalanta-Lecce <\/b>di\u00a0domani alle 15 allo stadio di Bergamo (arbitra Manganiello, diretta tv su Dazn). Probabilmente non torner\u00e0 al lavoro con i compagni in allenamento nemmeno dopo. Al suo rientro nel centro sportivo dell\u2019Atalanta, infatti,<b> il nigeriano ha lavorato ancora a parte<\/b>, questa volta per sua espressa richiesta,<b> motivata con la stanchezza del viaggio<\/b>. La societ\u00e0 ha acconsentito ma  oggi si aspettava un suo rientro a tutti gli effetti nei ranghi, che invece non c&#8217;\u00e8 stato.<\/p>\n<p class=\"chapter-paragraph\">Per comprendere meglio una vicenda intricata, che fin dall\u2019estate ha assunto i contorni della telenovela, vale la pena riavvolgere il nastro delle ultime ore dell\u2019attaccante. <b>Cominciate con il piede sbagliato fin da gioved\u00ec sera<\/b>, quando era atteso a Bergamo con trepidazione da tanti tifosi, almeno quelli favorevoli a un suo reintegro, con scuse a suon di gol e \u00abla maglia sudata\u00bb. Il volo di rientro dal Sudafrica, dove si trovava Ademola per la partita giocata da titolare e pareggiata dalla sua Nigeria, <b>\u00e8 durato ben sedici ore.<\/b> Venti, contando lo scalo, <b>ma Lookman l\u201911 settembre ha perso la coincidenza aerea. <\/b>E cos\u00ec, invece di rientrare in citt\u00e0 gioved\u00ec sera, <b>\u00e8 arrivato a Bergamo solamente ieri mattina.<\/b> In tempo  per presentarsi regolarmente al pranzo con i compagni di squadra in programma a Zingonia.    &#13;<br \/>\n&#13;<br \/>\n&#13;<br \/>\n&#13;<br \/>\n&#13;<br \/>\n&#13;<br \/>\n&#13;<br \/>\n&#13;<br \/>\n&#13;<br \/>\n&#13;<br \/>\n&#13;<br \/>\n&#13;<br \/>\n&#13;<br \/>\n&#13;<br \/>\n&#13;<br \/>\n&#13;<br \/>\n&#13;<br \/>\n&#13;<br \/>\n&#13;<br \/>\n&#13;<br \/>\n&#13;<br \/>\n&#13;<br \/>\n&#13;<br \/>\n&#13;<br \/>\n&#13;<br \/>\n&#13;<br \/>\n&#13;<br \/>\n&#13;<br \/>\n&#13;<br \/>\n&#13;<br \/>\n&#13;<br \/>\n&#13;<br \/>\n&#13;<br \/>\n&#13;<br \/>\n&#13;<br \/>\n&#13;<br \/>\n&#13;<br \/>\n&#13;<br \/>\n&#13;<br \/>\n&#13;<br \/>\n&#13;<br \/>\n&#13;<br \/>\n&#13;<br \/>\n&#13;<br \/>\n&#13;<br \/>\n&#13;<br \/>\n&#13;<br \/>\n&#13;<br \/>\n&#13;<br \/>\n&#13;<br \/>\n&#13;<br \/>\n&#13;<br \/>\n&#13;\n<\/p>\n<p class=\"chapter-paragraph\"><b>Terminato di mangiare<\/b> per\u00f2 il nigeriano ha chiesto alla societ\u00e0 di potersi allenare in forma individuale poich\u00e9 stanco e provato dai due giorni di viaggio. Una richiesta, quella del nigeriano, a cui la societ\u00e0 ha acconsentito. Lookman nel pomeriggio si \u00e8 quindi allenato a parte a Zingonia. <b>Esattamente come aveva fatto dal 19 agosto al 2 settembre<\/b>, solo che in quel caso stava scontando la sanzione disciplinare decisa dall\u2019Atalanta dopo le due settimane di assenza ingiustificata agli allenamenti (risentito per l\u2019offerta da 45 milioni rifiutata dai Percassi all\u2019Inter).<\/p>\n<p class=\"chapter-paragraph\"><b>Oggi si \u00e8 capito che la rottura non \u00e8 ancora sanata.<\/b>\u00a0Viste queste ultime settimane, difficile prevedere le mosse di Lookman: il nigeriano si \u00e8 comportato normalmente, \u00e8 rientrato in maniera regolare e, apparentemente, la sua decisione di stare lontano dal gruppo era da ricondursi solo all\u2019intoppo del lungo viaggio.\u00a0<b>Lookman \u00e8 rientrato dagli impegni con la Nigeria in ottime condizioni fisiche<\/b>\u00a0e il suo apporto sarebbe prezioso anche dalla panchina e romperebbe il ghiaccio in vista della   trasferta di Parigi.\u00a0<\/p>\n<p class=\"chapter-paragraph\"><b>Viaggia gi\u00e0 verso un forfait certo invece Scamacca<\/b>, che al 99% non sar\u00e0 convocato per la gara casalinga di domani per la situazione infiammatoria parziale al ginocchio sinistro: lo staff medico, anche a fronte del doppio infortunio della scorsa stagione, vuole che l\u2019attaccante sia completamente a posto,<b> per cui sar\u00e0 valutato giorno per giorno in vista della gara di Parigi<\/b>; perch\u00e9 salga sul charter diretto in Francia, Scamacca dovr\u00e0 essere a posto al 100%. Ieri l\u2019azzurro ha continuato le sue terapie, cos\u00ec come Bakker ed Ederson. Kolasinac invece sta proseguendo il  lavoro individuale sul campo. Contro il Lecce<b> mancheranno quindi  tre leader titolari, uno per reparto, Kolasinac, Ederson e Scamacca.<\/b> \u2028Alle 13.30, mister Juric presenter\u00e0 la sfida e nell\u2019occasione potrebbe risolvere l\u2019enigma dell\u2019estate: cosa far\u00e0 oggi pomeriggio Lookman, a 24 ore dalla terza giornata di Serie A che pu\u00f2 valere la prima vittoria della stagione? La telenovela ha bisogno di un\u2019altra puntata ma stavolta, in un senso o nell\u2019altro, potrebbe essere l\u2019ultima.<\/p>\n<p class=\"is-mr-t-20 is-mr-b-20\"><b><br \/>\n                    <a href=\"https:\/\/bergamo.corriere.it\/?intcmp=Notizielocali_nd_010623_corriere_ss_bergamo\" target=\"_blank\" rel=\"nofollow noopener\">Vai a tutte le notizie di Bergamo<\/a><br \/>\n            <\/b><\/p>\n<p class=\"chapter-paragraph\"><b><a href=\"https:\/\/www.corriere.it\/newsletter\/?theme=61&amp;intcmp=NL-artic_nd_050624_corriere_ss_bergamo\" target=\"_blank\" rel=\"nofollow noopener\">Iscriviti alla newsletter di Corriere Bergamo<\/a><\/b><\/p>\n<p class=\"is-last-update\" datetime=\"2025-09-13T14:22:26+02:00\">13 settembre 2025 ( modifica il 13 settembre 2025 | 14:22)<\/p>\n<p class=\"is-copyright\">\n            \u00a9 RIPRODUZIONE RISERVATA\n        <\/p>\n","protected":false},"excerpt":{"rendered":"di Marina Belotti Ancora incerto il destino del nigeriano dopo un rientro pi\u00f9 problematico del previsto. In giornata&hellip;\n","protected":false},"author":3,"featured_media":107022,"comment_status":"","ping_status":"","sticky":false,"template":"","format":"standard","meta":{"footnotes":""},"categories":[6],"tags":[71875,569,562,1687,4021,17732,75085,14,1690,24349,1533,629,5183,5302,66692,8,12311,1537,90,89,26039,75086,6296,574,75087,24450,75088,7,7158,14596,15,82,9,83,10,1289,427,25915,5641,18532,3674,27619,13287,407,8910,1359,13,11,80,84,12,81,85,1652,27617],"class_list":{"0":"post-107021","1":"post","2":"type-post","3":"status-publish","4":"format-standard","5":"has-post-thumbnail","7":"category-ultime-notizie","8":"tag-acconsentito","9":"tag-atalanta","10":"tag-attaccante","11":"tag-bergamo","12":"tag-compagni","13":"tag-convocato","14":"tag-convocato-gara","15":"tag-cronaca","16":"tag-domani","17":"tag-ederson","18":"tag-estate","19":"tag-gara","20":"tag-giornata","21":"tag-giovedi","22":"tag-giovedi-sera","23":"tag-headlines","24":"tag-individuale","25":"tag-it","26":"tag-italia","27":"tag-italy","28":"tag-juric","29":"tag-kolasinac","30":"tag-lecce","31":"tag-lookman","32":"tag-lookman-settembre","33":"tag-mister","34":"tag-mister-juric","35":"tag-news","36":"tag-nigeria","37":"tag-nigeriano","38":"tag-notizie","39":"tag-notizie-di-cronaca","40":"tag-notizie-principali","41":"tag-notiziedicronaca","42":"tag-notizieprincipali","43":"tag-parigi","44":"tag-pomeriggio","45":"tag-pranzo","46":"tag-richiesta","47":"tag-rientrato","48":"tag-rientro","49":"tag-scamacca","50":"tag-sera","51":"tag-settembre","52":"tag-settimane","53":"tag-societa","54":"tag-titoli","55":"tag-ultime-notizie","56":"tag-ultime-notizie-di-cronaca","57":"tag-ultime-notizie-e-news-di-oggi","58":"tag-ultimenotizie","59":"tag-ultimenotiziedicronaca","60":"tag-ultimenotizieenewsdioggi","61":"tag-viaggio","62":"tag-zingonia"},"share_on_mastodon":{"url":"","error":""},"_links":{"self":[{"href":"https:\/\/www.europesays.com\/it\/wp-json\/wp\/v2\/posts\/107021","targetHints":{"allow":["GET"]}}],"collection":[{"href":"https:\/\/www.europesays.com\/it\/wp-json\/wp\/v2\/posts"}],"about":[{"href":"https:\/\/www.europesays.com\/it\/wp-json\/wp\/v2\/types\/post"}],"author":[{"embeddable":true,"href":"https:\/\/www.europesays.com\/it\/wp-json\/wp\/v2\/users\/3"}],"replies":[{"embeddable":true,"href":"https:\/\/www.europesays.com\/it\/wp-json\/wp\/v2\/comments?post=107021"}],"version-history":[{"count":0,"href":"https:\/\/www.europesays.com\/it\/wp-json\/wp\/v2\/posts\/107021\/revisions"}],"wp:featuredmedia":[{"embeddable":true,"href":"https:\/\/www.europesays.com\/it\/wp-json\/wp\/v2\/media\/107022"}],"wp:attachment":[{"href":"https:\/\/www.europesays.com\/it\/wp-json\/wp\/v2\/media?parent=107021"}],"wp:term":[{"taxonomy":"category","embeddable":true,"href":"https:\/\/www.europesays.com\/it\/wp-json\/wp\/v2\/categories?post=107021"},{"taxonomy":"post_tag","embeddable":true,"href":"https:\/\/www.europesays.com\/it\/wp-json\/wp\/v2\/tags?post=107021"}],"curies":[{"name":"wp","href":"https:\/\/api.w.org\/{rel}","templated":true}]}}