{"id":107317,"date":"2025-09-14T06:15:12","date_gmt":"2025-09-14T06:15:12","guid":{"rendered":"https:\/\/www.europesays.com\/it\/107317\/"},"modified":"2025-09-14T06:15:12","modified_gmt":"2025-09-14T06:15:12","slug":"le-auto-elettriche-con-piu-autonomia-da-comprare-con-gli-incentivi","status":"publish","type":"post","link":"https:\/\/www.europesays.com\/it\/107317\/","title":{"rendered":"Le auto elettriche con pi\u00f9 autonomia da comprare con gli incentivi"},"content":{"rendered":"<p>Tra i requisiti necessari per accedere agli <strong>incentivi\u00a0auto elettriche 2025<\/strong>, il Governo impone anche la residenza (o la sede legale, nel caso delle microimprese) in <strong>Aree Urbane Funzionali (FUA)<\/strong>, ovvero citt\u00e0 con oltre 50.000 abitanti o in zone di pendolarismo.<\/p>\n<p>Ecco, partendo proprio da quest\u2019ultimo termine, si intuisce come per molti possibili fruitori dei nuovi bonus, l\u2019<strong>autonomia<\/strong> possa rappresentare una voce fondamentale nella scelta della nuova auto elettrica.<\/p>\n<p>Abbiamo quindi stilato una classifica delle <strong>10 vetture a batteria<\/strong> che rientrano negli incentivi con le percorrenze maggiori. La bella notizia: sono tutte abbondantemente oltre i <strong>400 km<\/strong>, almeno parlando di valori WLTP dichiarati.<\/p>\n<ol>\n<li>Kia EV3<\/li>\n<li>Tesla Model 3<\/li>\n<li>\u00a0Hyundai Kona<\/li>\n<li>MINI Countryman<\/li>\n<li><a href=\"https:\/\/insideevs.it\/kia\/niro-plug-in-hybrid\/\" data-inline-widget=\"internal-links\" rel=\"nofollow noopener\" target=\"_blank\">Kia Niro<\/a><\/li>\n<li><a href=\"https:\/\/insideevs.it\/mg\/zs-ev\/\" data-inline-widget=\"internal-links\" rel=\"nofollow noopener\" target=\"_blank\">MG ZS<\/a><\/li>\n<li>Skoda Enyaq<\/li>\n<li>Omoda 5<\/li>\n<li>Skoda Elroq<\/li>\n<li>\u00a0Volkswagen ID.3<\/li>\n<\/ol>\n<p>Tutti dietro alla Kia EV3<\/p>\n<p>La vincitrice assoluta di questa classifica \u00e8 la <a href=\"https:\/\/insideevs.it\/news\/745073\/kia-ev3-piattaforma-e-gmp\/\" data-inline-widget=\"internal-links\" data-type-id=\"0\" data-params=\"%7B%22article_edition_id%22%3A%22745073%22%2C%22section%22%3A%221%22%2C%22alias%22%3A%22kia-ev3-piattaforma-e-gmp%22%7D\" rel=\"nofollow noopener\" target=\"_blank\">Kia EV3<\/a>. Il SUV coreano dichiara addirittura <strong>605 km<\/strong>. Li percorre nella versione con batteria pi\u00f9 grande, da <strong>81,4 kWh<\/strong>. Ha un prezzo di partenza di 39.950 euro (allestimento Air), che gli permette di rientrare abbondantemente dentro la soglia del <strong>42.700 euro<\/strong> fissata dalla norma sugli incentivi 2025.<\/p>\n<p>        <img decoding=\"async\" src=\"https:\/\/www.europesays.com\/it\/wp-content\/uploads\/2025\/07\/16x9-tr.png\" alt=\"Kia EV3, the E-GMP optimized platform\" width=\"16\" height=\"9\" loading=\"lazy\"\/><\/p>\n<p>Kia EV3: il segreto del successo sta nella piattaforma E-GMP<\/p>\n<p>Foto di: InsideEVs<\/p>\n<p>Dietro, al secondo posto, un\u2019altra auto che brilla per autonomia: la <a href=\"https:\/\/insideevs.it\/tesla\/model-3\/\" data-inline-widget=\"internal-links\" data-type-id=\"1\" data-params=\"%7B%22make_alias%22%3A%22tesla%22%2C%22alias%22%3A%22model-3%22%7D\" rel=\"nofollow noopener\" target=\"_blank\">Tesla Model 3<\/a>. In questo caso, l\u2019unica a rientrare nei limiti dell\u2019ecobonus \u00e8 la variante RWD con batteria pi\u00f9 piccola, che per\u00f2, ad un prezzo di partenza di 41.370 euro, promette di percorrere fino a <strong>513 km<\/strong> con una carica di elettricit\u00e0.<\/p>\n<p>        <img decoding=\"async\" src=\"https:\/\/www.europesays.com\/it\/wp-content\/uploads\/2025\/07\/16x9-tr.png\" alt=\"Tesla Model 3 Performance 2024\" width=\"16\" height=\"9\" loading=\"lazy\"\/><\/p>\n<p>Foto di: Tesla<\/p>\n<p>Terzo posto per la <a href=\"https:\/\/insideevs.it\/hyundai\/kona-electric\/\" data-inline-widget=\"internal-links\" data-type-id=\"1\" data-params=\"%7B%22make_alias%22%3A%22hyundai%22%2C%22alias%22%3A%22kona-electric%22%7D\" rel=\"nofollow noopener\" target=\"_blank\">Hyundai Kona<\/a>. In questo caso si deve prendere in considerazione l&#8217;allestimento pi\u00f9 economico a listino (Exclusive) tra quelli dotati di batteria pi\u00f9 grande, da <strong>64,8 kWh<\/strong>. L&#8217;auto, cos\u00ec com&#8217;\u00e8, ha un prezzo di 41.300 euro e un&#8217;autonomia dichiarata di 440 km. Per\u00f2, se si acquista l&#8217;Eco Pack, che costa sono 150 euro, si arriva addirittura a <strong>510 km<\/strong>, valore che vale il podio.\u00a0<\/p>\n<p>        <img decoding=\"async\" src=\"https:\/\/www.europesays.com\/it\/wp-content\/uploads\/2025\/07\/16x9-tr.png\" alt=\"Hyundai Kona Electric71 del 2024\" width=\"16\" height=\"9\" loading=\"lazy\"\/><\/p>\n<p>Dietro a queste \u201chypermiler\u201d si piazzano poi la <a href=\"https:\/\/insideevs.it\/features\/727175\/mini-countryman-elettrica-analisi-tecnica\/\" data-inline-widget=\"internal-links\" data-type-id=\"0\" data-params=\"%7B%22article_edition_id%22%3A%22727175%22%2C%22section%22%3A%223%22%2C%22alias%22%3A%22mini-countryman-elettrica-analisi-tecnica%22%7D\" rel=\"nofollow noopener\" target=\"_blank\">MINI Countryman<\/a> e la <a href=\"https:\/\/insideevs.it\/kia\/niro-ev\/\" data-inline-widget=\"internal-links\" data-type-id=\"1\" data-params=\"%7B%22make_alias%22%3A%22kia%22%2C%22alias%22%3A%22niro-ev%22%7D\" rel=\"nofollow noopener\" target=\"_blank\">Kia Niro<\/a>, che si sfidano in un testa a testa che vede primeggiare l\u2019inglesina sulla coreana per soli 2 km. Entrambe sono sopra la soglia dei 450 km, dichiarando rispettivamente <strong>462 km<\/strong> e <strong>460 km<\/strong>. Prezzi? A partire da 38.700 e 40.950 euro.<\/p>\n<p>        <img decoding=\"async\" src=\"https:\/\/www.europesays.com\/it\/wp-content\/uploads\/2025\/07\/16x9-tr.png\" alt=\"MINI Countryman SE ALL4, la prova\" width=\"16\" height=\"9\" loading=\"lazy\"\/><\/p>\n<p>        <img decoding=\"async\" src=\"https:\/\/www.europesays.com\/it\/wp-content\/uploads\/2025\/07\/16x9-tr.png\" alt=\"Foto - Kia Niro 2022\" width=\"16\" height=\"9\" loading=\"lazy\"\/><\/p>\n<p>Il gruppo delle \u201cover 400\u201d<\/p>\n<p>Dietro a questi modelli ce ne sono molti altri che hanno autonomia compresa tra i <strong>400 e i 450 km<\/strong>. Si tratta di una percorrenza che eccede ancora di gran lunga le necessit\u00e0 di spostamento quotidiane e che consente di affrontare viaggi anche abbastanza lunghi con una certa tranquillit\u00e0. Anche perch\u00e9 sono tutte auto dotate di ricarica fast in corrente continua.<\/p>\n<p>        <img decoding=\"async\" src=\"https:\/\/www.europesays.com\/it\/wp-content\/uploads\/2025\/07\/16x9-tr.png\" alt=\"MG ZS EV restyling (2021)\" width=\"16\" height=\"9\" loading=\"lazy\"\/><\/p>\n<p>La\u00a0<a href=\"https:\/\/insideevs.it\/news\/732487\/mg-modelli-batterie-stato-solido\/\" data-inline-widget=\"internal-links\" data-type-id=\"0\" data-params=\"%7B%22article_edition_id%22%3A%22732487%22%2C%22section%22%3A%221%22%2C%22alias%22%3A%22mg-modelli-batterie-stato-solido%22%7D\" rel=\"nofollow noopener\" target=\"_blank\">MG ZS<\/a>, crossover compatta di origine SAIC, nella versione elettrica, grazie a una generosa batteria da 72 kWh (39.290 euro), pu\u00f2 percorrere 440 km prima di richiedere una sosta alla colonnina.<\/p>\n<p>        <img decoding=\"async\" src=\"https:\/\/www.europesays.com\/it\/wp-content\/uploads\/2025\/07\/16x9-tr.png\" alt=\"Skoda Enyaq Sportline IV\" width=\"16\" height=\"9\" loading=\"lazy\"\/><\/p>\n<p>        <img decoding=\"async\" src=\"https:\/\/www.europesays.com\/it\/wp-content\/uploads\/2025\/07\/16x9-tr.png\" alt=\"Recensione VW ID.3 GTX Performance (2024)\" width=\"16\" height=\"9\" loading=\"lazy\"\/><\/p>\n<p>Foto di: Volkswagen<\/p>\n<p>Dietro ci sono la <a href=\"https:\/\/insideevs.it\/skoda\/enyaq-iv\/\" data-inline-widget=\"internal-links\" data-type-id=\"1\" data-params=\"%7B%22make_alias%22%3A%22skoda%22%2C%22alias%22%3A%22enyaq-iv%22%7D\" rel=\"nofollow noopener\" target=\"_blank\">Skoda Enyaq <\/a>con batteria da 60 kWh e un prezzo che sfiora il limite di legge (42.650 euro) arriva a 433 km, esattamente come la <a href=\"https:\/\/insideevs.it\/volkswagen\/id-3\/\" data-inline-widget=\"internal-links\" data-type-id=\"1\" data-params=\"%7B%22make_alias%22%3A%22volkswagen%22%2C%22alias%22%3A%22id-3%22%7D\" rel=\"nofollow noopener\" target=\"_blank\">Volkswagen ID.3<\/a> nella versione con batteria da 60 kWh. Dietro c&#8217;\u00e8 la <a href=\"https:\/\/insideevs.it\/news\/663795\/omoda-5-chery-italia-prezzo\/\" data-inline-widget=\"internal-links\" data-type-id=\"0\" data-params=\"%7B%22article_edition_id%22%3A%22663795%22%2C%22section%22%3A%221%22%2C%22alias%22%3A%22omoda-5-chery-italia-prezzo%22%7D\" rel=\"nofollow noopener\" target=\"_blank\">Omoda 5<\/a>, che nella versione EV, a 36.490 euro, dichiara <strong>430 km<\/strong>.<\/p>\n<p>        <img decoding=\"async\" src=\"https:\/\/www.europesays.com\/it\/wp-content\/uploads\/2025\/07\/16x9-tr.png\" alt=\"La OMODA 5 mostrata in anteprima a Wuhu\" width=\"16\" height=\"9\" loading=\"lazy\"\/><\/p>\n<p>A chiedere la top ten delle elettriche con pi\u00f9 autonomia che rientrano negli incentivi si piazza infine un\u2019altra Skoda, la pi\u00f9 piccola <a href=\"https:\/\/insideevs.it\/features\/736133\/skoda-elroq-analisi-tecnica-prezzo\/\" data-inline-widget=\"internal-links\" data-type-id=\"0\" data-params=\"%7B%22article_edition_id%22%3A%22736133%22%2C%22section%22%3A%223%22%2C%22alias%22%3A%22skoda-elroq-analisi-tecnica-prezzo%22%7D\" rel=\"nofollow noopener\" target=\"_blank\">Elroq<\/a> (60 kWh e 429 km a un prezzo di 38.500 euro).<\/p>\n<p>Segnaliamo infine la <a href=\"https:\/\/insideevs.it\/news\/761922\/byd-dolphin-batteria-durata-affidabilita\/\" data-inline-widget=\"internal-links\" data-type-id=\"0\" data-params=\"%7B%22article_edition_id%22%3A%22761922%22%2C%22section%22%3A%221%22%2C%22alias%22%3A%22byd-dolphin-batteria-durata-affidabilita%22%7D\" rel=\"nofollow noopener\" target=\"_blank\">BYD Dolphin<\/a> (60 kWh e 427 km a 33.790 euro): prima tra le escluse ma con un&#8217;autonomia molto vicina alla Skoda e un prezzo davvero interessante.<\/p>\n<tr>\n<td style=\"width: 25%; text-align: center;\">Modello<\/td>\n<td style=\"width: 25%; text-align: center;\">Autonomia<\/td>\n<td style=\"width: 25%; text-align: center;\">Batteria\u00a0<\/td>\n<td style=\"width: 25%; text-align: center;\">Prezzo<\/td>\n<\/tr>\n<tr>\n<td style=\"width: 25%; text-align: center;\">Kia EV3<\/td>\n<td style=\"width: 25%; text-align: center;\">605 km<\/td>\n<td style=\"width: 25%; text-align: center;\">81,4 kWh<\/td>\n<td style=\"width: 25%; text-align: center;\">da 39.950 euro<\/td>\n<\/tr>\n<tr>\n<td style=\"width: 25%; text-align: center;\">Tesla Model 3 RWD<\/td>\n<td style=\"width: 25%; text-align: center;\">513 km<\/td>\n<td style=\"width: 25%; text-align: center;\">60 kWh<\/td>\n<td style=\"width: 25%; text-align: center;\">da 41.370 euro<\/td>\n<\/tr>\n<tr>\n<td style=\"width: 25%; text-align: center;\">Hyundai Kona<\/td>\n<td style=\"width: 25%; text-align: center;\">510 km<\/td>\n<td style=\"width: 25%; text-align: center;\">64,8 kWh<\/td>\n<td style=\"width: 25%; text-align: center;\">da 41.450 euro<\/td>\n<\/tr>\n<tr>\n<td style=\"width: 25%; text-align: center;\">MINI Countryman<\/td>\n<td style=\"width: 25%; text-align: center;\">462 km<\/td>\n<td style=\"width: 25%; text-align: center;\">64 kWh<\/td>\n<td style=\"width: 25%; text-align: center;\">da 38.700 euro<\/td>\n<\/tr>\n<tr>\n<td style=\"width: 25%; text-align: center;\">Kia Niro<\/td>\n<td style=\"width: 25%; text-align: center;\">460 km<\/td>\n<td style=\"width: 25%; text-align: center;\">64 kWh<\/td>\n<td style=\"width: 25%; text-align: center;\">da 40.950 euro<\/td>\n<\/tr>\n<tr>\n<td style=\"width: 25%; text-align: center;\">MG ZS\u00a0<\/td>\n<td style=\"width: 25%; text-align: center;\">440 km<\/td>\n<td style=\"width: 25%; text-align: center;\">72 kWh<\/td>\n<td style=\"width: 25%; text-align: center;\">da 39.290 euro<\/td>\n<\/tr>\n<tr>\n<td style=\"width: 25%; text-align: center;\">Skoda Enyaq<\/td>\n<td style=\"width: 25%; text-align: center;\">433 km<\/td>\n<td style=\"width: 25%; text-align: center;\">60 kWh<\/td>\n<td style=\"width: 25%; text-align: center;\">da 42.650 euro<\/td>\n<\/tr>\n<tr>\n<td style=\"width: 25%; text-align: center;\">Volkswagen ID.3<\/td>\n<td style=\"width: 25%; text-align: center;\">433 km<\/td>\n<td style=\"width: 25%; text-align: center;\">60 kWh<\/td>\n<td style=\"width: 25%; text-align: center;\">da 40.990 euro<\/td>\n<\/tr>\n<tr>\n<td style=\"width: 25%; text-align: center;\">Omoda 5<\/td>\n<td style=\"width: 25%; text-align: center;\">430 km<\/td>\n<td style=\"width: 25%; text-align: center;\">61 kWh<\/td>\n<td style=\"width: 25%; text-align: center;\">da 36.490 euro<\/td>\n<\/tr>\n<tr>\n<td style=\"width: 25%; text-align: center;\">Skoda Elroq<\/td>\n<td style=\"width: 25%; text-align: center;\">429 km<\/td>\n<td style=\"width: 25%; text-align: center;\">60 kWh<\/td>\n<td style=\"width: 25%; text-align: center;\">da 38.500 euro<\/td>\n<\/tr>\n<p>                            <a href=\"http:\/\/insideevs.it\/photos\/883395\/kia-ev3-2024\/#7773471_kia-ev3-2024\" class=\"msnt-photo-thumb-gallery-main-photo-box\" rel=\"nofollow noopener\" target=\"_blank\"><\/p>\n<p>                                    <img decoding=\"async\" src=\"https:\/\/www.europesays.com\/it\/wp-content\/uploads\/2025\/07\/16x9-tr.png\" loading=\"lazy\" alt=\"Kia EV3 2024\" width=\"16\" height=\"9\"\/><\/p>\n<p>                            <\/a><\/p>\n<p>                                    40                                <\/p>\n","protected":false},"excerpt":{"rendered":"Tra i requisiti necessari per accedere agli incentivi\u00a0auto elettriche 2025, il Governo impone anche la residenza (o la&hellip;\n","protected":false},"author":3,"featured_media":107318,"comment_status":"","ping_status":"","sticky":false,"template":"","format":"standard","meta":{"footnotes":""},"categories":[6],"tags":[2546,14,15097,8,34425,1537,90,89,7,15,82,9,83,10,13,11,80,84,12,81,85],"class_list":{"0":"post-107317","1":"post","2":"type-post","3":"status-publish","4":"format-standard","5":"has-post-thumbnail","7":"category-ultime-notizie","8":"tag-autonomia","9":"tag-cronaca","10":"tag-ecobonus","11":"tag-headlines","12":"tag-incentivi-e-agevolazioni","13":"tag-it","14":"tag-italia","15":"tag-italy","16":"tag-news","17":"tag-notizie","18":"tag-notizie-di-cronaca","19":"tag-notizie-principali","20":"tag-notiziedicronaca","21":"tag-notizieprincipali","22":"tag-titoli","23":"tag-ultime-notizie","24":"tag-ultime-notizie-di-cronaca","25":"tag-ultime-notizie-e-news-di-oggi","26":"tag-ultimenotizie","27":"tag-ultimenotiziedicronaca","28":"tag-ultimenotizieenewsdioggi"},"share_on_mastodon":{"url":"","error":""},"_links":{"self":[{"href":"https:\/\/www.europesays.com\/it\/wp-json\/wp\/v2\/posts\/107317","targetHints":{"allow":["GET"]}}],"collection":[{"href":"https:\/\/www.europesays.com\/it\/wp-json\/wp\/v2\/posts"}],"about":[{"href":"https:\/\/www.europesays.com\/it\/wp-json\/wp\/v2\/types\/post"}],"author":[{"embeddable":true,"href":"https:\/\/www.europesays.com\/it\/wp-json\/wp\/v2\/users\/3"}],"replies":[{"embeddable":true,"href":"https:\/\/www.europesays.com\/it\/wp-json\/wp\/v2\/comments?post=107317"}],"version-history":[{"count":0,"href":"https:\/\/www.europesays.com\/it\/wp-json\/wp\/v2\/posts\/107317\/revisions"}],"wp:featuredmedia":[{"embeddable":true,"href":"https:\/\/www.europesays.com\/it\/wp-json\/wp\/v2\/media\/107318"}],"wp:attachment":[{"href":"https:\/\/www.europesays.com\/it\/wp-json\/wp\/v2\/media?parent=107317"}],"wp:term":[{"taxonomy":"category","embeddable":true,"href":"https:\/\/www.europesays.com\/it\/wp-json\/wp\/v2\/categories?post=107317"},{"taxonomy":"post_tag","embeddable":true,"href":"https:\/\/www.europesays.com\/it\/wp-json\/wp\/v2\/tags?post=107317"}],"curies":[{"name":"wp","href":"https:\/\/api.w.org\/{rel}","templated":true}]}}