{"id":107447,"date":"2025-09-14T07:51:11","date_gmt":"2025-09-14T07:51:11","guid":{"rendered":"https:\/\/www.europesays.com\/it\/107447\/"},"modified":"2025-09-14T07:51:11","modified_gmt":"2025-09-14T07:51:11","slug":"ha-lavorato-fino-allultimo-il-suo-sogno-era-morire-con-una-matita-in-mano","status":"publish","type":"post","link":"https:\/\/www.europesays.com\/it\/107447\/","title":{"rendered":"\u00abHa lavorato fino all\u2019ultimo. Il suo sogno era morire con una matita in mano\u00bb"},"content":{"rendered":"<p><strong><a href=\"https:\/\/www.ilgazzettino.it\/t\/mestre\" rel=\"nofollow noopener\" target=\"_blank\">MESTRE<\/a> (VENEZIA)<\/strong> &#8211; Addio all&#8217;<strong><a href=\"https:\/\/www.ilgazzettino.it\/t\/architetto\" rel=\"nofollow noopener\" target=\"_blank\">architetto<\/a><\/strong> <strong><a href=\"https:\/\/www.ilgazzettino.it\/t\/gian-paolo-mar\" rel=\"nofollow noopener\" target=\"_blank\">Gian Paolo Mar<\/a><\/strong>, un gigante dell&#8217;architettura veneziana, professionista stimato che con il suo genio e la sua matita ha disegnato qualcosa come 2.500 progetti nella sua brillante carriera. Tra i pi\u00f9 noti: gli aeroporti Marco Polo di Tessera e Canova di Treviso, un&#8217;ottantina di Piani regolatori di citt\u00e0 tra cui Cortina, il polo universitario di Ca&#8217; Foscari in via Torino, l&#8217;hotel centrale di Jesolo, i principali campeggi del litorale, una miriade di restauri di ogni genere, solo per citare i pi\u00f9 importanti.<\/p>\n<p>    &#13;<\/p>\n<p>APPROFONDIMENTI<\/p>\n<p>&#13;<\/p>\n<p>                            &#13;<br \/>\n                                            &#13;<br \/>\n                            <a href=\"https:\/\/www.ilgazzettino.it\/nordest\/venezia\/marco_polo_l_aerostazione_raddoppia-4180914.html\" rel=\"nofollow noopener\" target=\"_blank\">&#13;<br \/>\n                                                                <img decoding=\"async\" src=\"https:\/\/www.europesays.com\/it\/wp-content\/uploads\/2025\/09\/4180914_1903_polomento.jpg\"\/>&#13;<br \/>\n                            <\/a>&#13;<br \/>\n                        &#13;<br \/>\n                                        &#13;<\/p>\n<p>                            &#13;<br \/>\n                                            &#13;<br \/>\n                            <a href=\"https:\/\/www.ilgazzettino.it\/pay\/venezia_pay\/serve_una_fondazione_per_la_crescita_di_mestre-2237575.html\" rel=\"nofollow noopener\" target=\"_blank\">&#13;<br \/>\n                                                                <img decoding=\"async\" src=\"https:\/\/www.europesays.com\/it\/wp-content\/uploads\/2025\/09\/2237575_pckg_120148616598169708-20170204.jpg\"\/>&#13;<br \/>\n                            <\/a>&#13;<br \/>\n                        &#13;<br \/>\n                                        &#13;<\/p>\n<p>        &#13;<\/p>\n<p>Mar aveva 91 anni e si \u00e8 spento all&#8217;ospedale dell&#8217;Angelo, attorniato dall&#8217;affetto dei suoi cari, in primis la moglie Franca (63 anni di matrimonio) e le figlie Paola, da 10 anni assessore del Comune di Venezia, e Giovanna, anche lei architetto sulle orme del padre. Un uomo di grande passione e cultura che ha saputo coniugare visione e concretezza in una vita interamente dedicata al progetto e alla bellezza. Anche negli ultimi giorni, nonostante il peggiorare delle condizioni di salute, aveva continuato a lavorare con la dedizione di sempre.<\/p>\n<p> Veneziano doc <\/p>\n<p>In una recente intervista, spiegava con semplicit\u00e0 e forza il senso della sua vita: \u00abMi piace mi alzo alle 6 del mattino, vado a lavorare\u00bb. Cos\u00ec, fino all&#8217;ultimo, ha continuato a immaginare un futuro migliore per le comunit\u00e0. Veneziano doc, originario di San Tom\u00e0, aveva il suo quartiere generale a Zelarino. Lo Studio Architetti Mar ha 64 anni di attivit\u00e0 ed \u00e8 composto da 25 persone, tra collaboratori e dipendenti.<\/p>\n<p>\u00abPap\u00e0 era un visionario, sapeva sognare lo ricorda Paola . Ci ha insegnato valori fondamentali come l&#8217;umilt\u00e0, l&#8217;umanit\u00e0, l&#8217;amore per la famiglia, la dedizione per il lavoro, sempre con il sorriso. Il suo sogno era morire con una matita in mano e cos\u00ec \u00e8 stato\u00bb. Solo una settimana fa l&#8217;architetto Gian Paolo Mar era assieme alla famiglia a festeggiare il compleanno della figlia Paola e altri parenti e poi a ricordare, come ogni anno, la scomparsa prematura per un incidente in montagna della nipote Elena. \u00abAmava definirsi un &#8220;progettista dei sogni&#8221;, capace di guardare lontano, senza mai perdere il legame con la realt\u00e0 e con le persone\u00bb, lo ricordano le figlie. Di fatto ha cresciuto pi\u00f9 di una generazione di architetti, diventando un riferimento per tanti giovani.<\/p>\n<p> Cordoglio del sindaco <\/p>\n<p>Anche il sindaco Luigi Brugnaro, laureato in Architettura, ha voluto ricordarlo come &#8220;un professionista che ha segnato la storia dell&#8217;urbanistica e dell&#8217;architettura veneziana e non solo, con passione, visione e coraggio. Come laureato, sento ancora pi\u00f9 forte il valore della sua testimonianza professionale e umana: non ha mai smesso di credere nella forza delle idee e nella possibilit\u00e0 di trasformarle in opere al servizio delle comunit\u00e0. Lo voglio ricordare per i suoi progetti, disegnati ancora a mano nonostante l&#8217;evoluzione dei render, e per la sua capacit\u00e0 di guardare lontano, ma anche per la sua franchezza e la libert\u00e0 di pensiero, ogni qualvolta mi confrontavo con lui. Con Gian Paolo Mar conclude Brugnaro perdiamo un maestro, ma resta viva la sua lezione: l&#8217;architettura non \u00e8 solo costruzione, \u00e8 immaginazione, responsabilit\u00e0 e amore per le persone e per i luoghi\u00bb. La famiglia ringrazia l&#8217;equipe di Geriatria.<br \/>\u00a0<\/p>\n","protected":false},"excerpt":{"rendered":"MESTRE (VENEZIA) &#8211; Addio all&#8217;architetto Gian Paolo Mar, un gigante dell&#8217;architettura veneziana, professionista stimato che con il suo&hellip;\n","protected":false},"author":3,"featured_media":107448,"comment_status":"","ping_status":"","sticky":false,"template":"","format":"standard","meta":{"footnotes":""},"categories":[1446],"tags":[1615,1613,1614,1611,1610,1612,203,75360,204,1537,90,89,8553],"class_list":{"0":"post-107447","1":"post","2":"type-post","3":"status-publish","4":"format-standard","5":"has-post-thumbnail","7":"category-arte-e-design","8":"tag-arte","9":"tag-arte-e-design","10":"tag-arteedesign","11":"tag-arts","12":"tag-arts-and-design","13":"tag-design","14":"tag-entertainment","15":"tag-gian-paolo-mar","16":"tag-intrattenimento","17":"tag-it","18":"tag-italia","19":"tag-italy","20":"tag-mestre"},"share_on_mastodon":{"url":"","error":""},"_links":{"self":[{"href":"https:\/\/www.europesays.com\/it\/wp-json\/wp\/v2\/posts\/107447","targetHints":{"allow":["GET"]}}],"collection":[{"href":"https:\/\/www.europesays.com\/it\/wp-json\/wp\/v2\/posts"}],"about":[{"href":"https:\/\/www.europesays.com\/it\/wp-json\/wp\/v2\/types\/post"}],"author":[{"embeddable":true,"href":"https:\/\/www.europesays.com\/it\/wp-json\/wp\/v2\/users\/3"}],"replies":[{"embeddable":true,"href":"https:\/\/www.europesays.com\/it\/wp-json\/wp\/v2\/comments?post=107447"}],"version-history":[{"count":0,"href":"https:\/\/www.europesays.com\/it\/wp-json\/wp\/v2\/posts\/107447\/revisions"}],"wp:featuredmedia":[{"embeddable":true,"href":"https:\/\/www.europesays.com\/it\/wp-json\/wp\/v2\/media\/107448"}],"wp:attachment":[{"href":"https:\/\/www.europesays.com\/it\/wp-json\/wp\/v2\/media?parent=107447"}],"wp:term":[{"taxonomy":"category","embeddable":true,"href":"https:\/\/www.europesays.com\/it\/wp-json\/wp\/v2\/categories?post=107447"},{"taxonomy":"post_tag","embeddable":true,"href":"https:\/\/www.europesays.com\/it\/wp-json\/wp\/v2\/tags?post=107447"}],"curies":[{"name":"wp","href":"https:\/\/api.w.org\/{rel}","templated":true}]}}