{"id":107503,"date":"2025-09-14T08:27:09","date_gmt":"2025-09-14T08:27:09","guid":{"rendered":"https:\/\/www.europesays.com\/it\/107503\/"},"modified":"2025-09-14T08:27:09","modified_gmt":"2025-09-14T08:27:09","slug":"una-bomba-debiti-sulle-telco-italiane","status":"publish","type":"post","link":"https:\/\/www.europesays.com\/it\/107503\/","title":{"rendered":"Una bomba debiti sulle telco italiane"},"content":{"rendered":"<p>Sono tutte gravate da debiti e con oneri finanziari tali da ridurre ai minimi termini gli investimenti. Il mondo delle telecomunicazioni italiane appare tutt&#8217;altro che in salute, almeno guardando ai quattro pi\u00f9 grandi operatori infrastrutturati che lavorano nel mercato della telefonia mobile. Nozze o, perlomeno, alleanze non paiono rinviabili ancora per molto a causa di ricavi schiacciati e tariffe tra le pi\u00f9 basse al mondo.<\/p>\n<p>A partire da Tim, che certo con l&#8217;ingresso di Poste Italiane nel capitale e lo scorporo della rete \u00e8 migliorata notevolmente, ma tutt&#8217;ora ha debiti per 7,5 miliardi (al 30 giugno). Il gruppo guidato da Pietro Labriola sta risanando i suoi conti e dall&#8217;anno prossimo pu\u00f2 mettere nel mirino l&#8217;aggancio dell&#8217;utile, ma se lo far\u00e0 dovr\u00e0 dire grazie alle ottime performance di Tim Brasil e di Tim Enterprise: basti pensare che sui 6,6 miliardi di ricavi nel semestre, la controllata brasiliana e la divisione dei servizi tech alle imprese pesano insieme per il 55 per cento. Mentre la Consumer vale meno di 3 miliardi, con un fatturato pressoch\u00e9 stagnante. La divisione delle telefonia mobile, tra l&#8217;altro, vede allontanarsi al 2028 la prospettiva delle sinergie<\/p>\n<p>con Poste, che all&#8217;Antitrust ha dichiarato di non avere intenzione di proporre vendite a pacchetto nei suoi uffici postali dei servizi di telefonia di Tim fino alla fine del suo piano industriale.<\/p>\n<p>Anche Wind-Tre, un operatore con una quota di mercato del 23,8% delle sim totali, non se la passa granch\u00e9 bene. Secondo gli ultimi dati di bilancio noti, quelli riferiti al 2024, il gruppo controllato dalla multinazionale di Hong Kong Ck Hutchinson ha passivit\u00e0 finanziarie per 13,5 miliardi, quasi del tutto riconducibili a finanziamenti della controllante. Il business italiano ha chiuso in negativo per oltre 112 milioni. Il gruppo guidato da Gianluca Corti e Benoit Hanssen aveva sondato la possibilit\u00e0 di cedere la sua rete per 3,4 miliardi al fondo Eqt, ma l&#8217;operazione \u00e8 saltata anche per il diniego di Iliad che non ha dato il benestare al riassetto, avendo una partnership con WindTre attraverso Zefiro, che fa capo alla costruzione della rete nelle aree rurali italiane. Una vicenda che ha lasciato qualche scoria negativa nei rapporti con l&#8217;operatore francese, guidato in Italia da Benedetto Levi, che ha quote di mercato in crescita, ma una rete ancora inadeguata con 3,1 miliardi di debito a fine 2024 e una semestrale 2025 tuttora in perdita per 53 milioni, seppur in riduzione sull&#8217;anno prima. Iliad, dovendo fare i conti con oneri finanziari per 135 milioni l&#8217;anno e la prospettiva di forti investimenti da fare, avrebbe a sua volta bisogno di allearsi con qualcuno per concludere la fase da operatore \u00abchallenger\u00bb e raggiungere una fase di sostenibilit\u00e0 economica. Anche per questo, Iliad ha cercato per ben due volte di acquistare le<\/p>\n<p>Tornano a crescere ad agosto i tassi dei mutui per l&#8217;acquisto di una casa. Secondo gli ultimi dati dell&#8217;Associazione bancaria italiana (in foto il presidente di Abi, Antonio Patuelli) infatti il tasso medio \u00e8 al 3,31% rispetto al 3,20% del mese precedente. Il dato di agosto ha interrotto la discesa dei tassi avviata a gennaio 2024. Il rimbalzo \u00e8 dovuto all&#8217;aumento dell&#8217;Irs, il riferimento per i mutui a tasso fisso. L&#8217;incremento nei primi 10 giorni di settembre dell&#8217;Irs a 10 anni \u00e8 stato in media del 2,67% in aumento di 44 punti base rispetto a dicembre 2024 (2,23%), quando era ai minimi. Si conferma la crescita dei depositi, complice il clima di incertezza: la raccolta di depositi e obbligazioni ha cos\u00ec toccato i 2.100 miliardi<\/p>\n<p>attivit\u00e0 italiane di Vodafone e poi \u00e8 andata a far visita a Roma, al governo italiano, per cercare una strada per aggregarsi con Tim. Anche perch\u00e9 alla fine Vodafone Italia se l&#8217;\u00e8 presa Swisscom (capogruppo di Fastweb, con quest&#8217;ultima che ha visto salire l&#8217;indebitamento netto a 7,6 miliardi dopo l&#8217;acquisto di Vodafone).\n<\/p>\n<p> Le attivit\u00e0 italiane del gruppo britannico, a fine 2024, avevano debiti a 3,4 miliardi e perdevano 392 milioni. La realt\u00e0 combinata tra Fastweb e Vodafone nel primo semestre dell&#8217;anno ha visto un fatturato in lieve calo a 3,6 miliardi (-0,4%).<\/p>\n","protected":false},"excerpt":{"rendered":"Sono tutte gravate da debiti e con oneri finanziari tali da ridurre ai minimi termini gli investimenti. Il&hellip;\n","protected":false},"author":3,"featured_media":107504,"comment_status":"","ping_status":"","sticky":false,"template":"","format":"standard","meta":{"footnotes":""},"categories":[172],"tags":[178,177,1537,90,89,66936,75422],"class_list":{"0":"post-107503","1":"post","2":"type-post","3":"status-publish","4":"format-standard","5":"has-post-thumbnail","7":"category-affari","8":"tag-affari","9":"tag-business","10":"tag-it","11":"tag-italia","12":"tag-italy","13":"tag-telecom","14":"tag-telecomunicazioni-mobili"},"share_on_mastodon":{"url":"","error":""},"_links":{"self":[{"href":"https:\/\/www.europesays.com\/it\/wp-json\/wp\/v2\/posts\/107503","targetHints":{"allow":["GET"]}}],"collection":[{"href":"https:\/\/www.europesays.com\/it\/wp-json\/wp\/v2\/posts"}],"about":[{"href":"https:\/\/www.europesays.com\/it\/wp-json\/wp\/v2\/types\/post"}],"author":[{"embeddable":true,"href":"https:\/\/www.europesays.com\/it\/wp-json\/wp\/v2\/users\/3"}],"replies":[{"embeddable":true,"href":"https:\/\/www.europesays.com\/it\/wp-json\/wp\/v2\/comments?post=107503"}],"version-history":[{"count":0,"href":"https:\/\/www.europesays.com\/it\/wp-json\/wp\/v2\/posts\/107503\/revisions"}],"wp:featuredmedia":[{"embeddable":true,"href":"https:\/\/www.europesays.com\/it\/wp-json\/wp\/v2\/media\/107504"}],"wp:attachment":[{"href":"https:\/\/www.europesays.com\/it\/wp-json\/wp\/v2\/media?parent=107503"}],"wp:term":[{"taxonomy":"category","embeddable":true,"href":"https:\/\/www.europesays.com\/it\/wp-json\/wp\/v2\/categories?post=107503"},{"taxonomy":"post_tag","embeddable":true,"href":"https:\/\/www.europesays.com\/it\/wp-json\/wp\/v2\/tags?post=107503"}],"curies":[{"name":"wp","href":"https:\/\/api.w.org\/{rel}","templated":true}]}}