{"id":107820,"date":"2025-09-14T12:09:10","date_gmt":"2025-09-14T12:09:10","guid":{"rendered":"https:\/\/www.europesays.com\/it\/107820\/"},"modified":"2025-09-14T12:09:10","modified_gmt":"2025-09-14T12:09:10","slug":"patrizia-mastrovita-e-stata-travolta-e-uccisa-da-unauto-davanti-al-marito","status":"publish","type":"post","link":"https:\/\/www.europesays.com\/it\/107820\/","title":{"rendered":"Patrizia Mastrovita \u00e8 stata travolta e uccisa da un\u2019auto davanti al marito"},"content":{"rendered":"<p>La tragedia si \u00e8 consumata sotto gli occhi del marito, davanti all\u2019ingresso del residence \u201cLa Pelosetta\u201d di Stintino (Sassari) nella serata di sabato 13 settembre. Una persona alla guida di una macchina &#8211; per cause in via di accertamento &#8211; li ha travolti e per lei, turista milanese, non c\u2019\u00e8 stato nulla da fare.<\/p>\n<p>\u00c8\u00a0morta dopo essere stata travolta da un suv Bmw Patrizia Mastrovita (63 anni). Il marito, che attraversava insieme con lei, \u00e8 rimasto ferito ed \u00e8 ricoverato all&#8217;ospedale Santissima Annunziata di Sassari con una prognosi di 30 giorni. Il fatto \u00e8 stato riportato sulle colonne di <a href=\"https:\/\/www.sassaritoday.it\/cronaca\/incidente-stradale\/stintino-residence-pelosetta-donna-morta-investita-auto.html\" rel=\"nofollow noopener\" target=\"_blank\">SassariToday<\/a>.<\/p>\n<p>Travolti davanti al residence<\/p>\n<p>Tutto \u00e8 accaduto intorno alle 23 di sabato 13 settembre. Secondo i primi riscontri dei carabinieri della compagnia di Porto Torres che stanno svolgendo gli accertamenti, il suv, con alla guida un altro turista ospite della struttura, era fermo davanti alla sbarra d&#8217;ingresso e inavvertitamente si \u00e8 messo in marcia, travolgendo la coppia.<\/p>\n<p>La donna \u00e8 rimasta incastrata sotto l&#8217;auto ed \u00e8 stata trascinata per alcuni metri. I soccorsi sono stati immediati: sul posto sono arrivati il 118, i vigili del fuoco e i carabinieri. Per la donna, per\u00f2, non c&#8217;\u00e8 stato niente da fare. L\u2019uomo, invece, \u00e8 stato trasportato con la massima urgenza al pronto soccorso Santissima Annunziata di Sassari.<\/p>\n","protected":false},"excerpt":{"rendered":"La tragedia si \u00e8 consumata sotto gli occhi del marito, davanti all\u2019ingresso del residence \u201cLa Pelosetta\u201d di Stintino&hellip;\n","protected":false},"author":3,"featured_media":107821,"comment_status":"","ping_status":"","sticky":false,"template":"","format":"standard","meta":{"footnotes":""},"categories":[79],"tags":[14,93,94,1537,90,89,770,7,15,11,84,91,12,85,92],"class_list":{"0":"post-107820","1":"post","2":"type-post","3":"status-publish","4":"format-standard","5":"has-post-thumbnail","7":"category-italia","8":"tag-cronaca","9":"tag-cronaca-italiana","10":"tag-cronacaitaliana","11":"tag-it","12":"tag-italia","13":"tag-italy","14":"tag-morti","15":"tag-news","16":"tag-notizie","17":"tag-ultime-notizie","18":"tag-ultime-notizie-e-news-di-oggi","19":"tag-ultime-notizie-italia","20":"tag-ultimenotizie","21":"tag-ultimenotizieenewsdioggi","22":"tag-ultimenotizieitalia"},"share_on_mastodon":{"url":"","error":""},"_links":{"self":[{"href":"https:\/\/www.europesays.com\/it\/wp-json\/wp\/v2\/posts\/107820","targetHints":{"allow":["GET"]}}],"collection":[{"href":"https:\/\/www.europesays.com\/it\/wp-json\/wp\/v2\/posts"}],"about":[{"href":"https:\/\/www.europesays.com\/it\/wp-json\/wp\/v2\/types\/post"}],"author":[{"embeddable":true,"href":"https:\/\/www.europesays.com\/it\/wp-json\/wp\/v2\/users\/3"}],"replies":[{"embeddable":true,"href":"https:\/\/www.europesays.com\/it\/wp-json\/wp\/v2\/comments?post=107820"}],"version-history":[{"count":0,"href":"https:\/\/www.europesays.com\/it\/wp-json\/wp\/v2\/posts\/107820\/revisions"}],"wp:featuredmedia":[{"embeddable":true,"href":"https:\/\/www.europesays.com\/it\/wp-json\/wp\/v2\/media\/107821"}],"wp:attachment":[{"href":"https:\/\/www.europesays.com\/it\/wp-json\/wp\/v2\/media?parent=107820"}],"wp:term":[{"taxonomy":"category","embeddable":true,"href":"https:\/\/www.europesays.com\/it\/wp-json\/wp\/v2\/categories?post=107820"},{"taxonomy":"post_tag","embeddable":true,"href":"https:\/\/www.europesays.com\/it\/wp-json\/wp\/v2\/tags?post=107820"}],"curies":[{"name":"wp","href":"https:\/\/api.w.org\/{rel}","templated":true}]}}