{"id":108034,"date":"2025-09-14T14:40:14","date_gmt":"2025-09-14T14:40:14","guid":{"rendered":"https:\/\/www.europesays.com\/it\/108034\/"},"modified":"2025-09-14T14:40:14","modified_gmt":"2025-09-14T14:40:14","slug":"la-casa-di-milano-di-uberta-zambeletti","status":"publish","type":"post","link":"https:\/\/www.europesays.com\/it\/108034\/","title":{"rendered":"La casa di Milano di Uberta Zambeletti"},"content":{"rendered":"<p data-journey-content=\"true\" data-node-id=\"1\" class=\"css-i9p093 emevuu60\">Le scatole sono fatte per contenere cose. E fino a prova contraria, finch\u00e9 non se ne conosce il contenuto, l&#8217;effetto sorpresa \u00e8 una certezza. Ma abitare &#8211; lo sappiamo &#8211; pu\u00f2 anche significare meravigliarsi tutti i giorni. Del resto <strong data-node-id=\"1.1\">la casa contiene moltitudini<\/strong>, e troppo spesso ce ne dimentichiamo. <strong data-node-id=\"1.3\">Uberta Zambeletti<\/strong>, Direttore Creativo e Founder di <strong data-node-id=\"1.5\"><a href=\"https:\/\/www.waitandsee.it\/eu\/it\/\" target=\"_blank\" rel=\"nofollow noopener\" data-vars-ga-outbound-link=\"https:\/\/www.waitandsee.it\/eu\/it\/\" data-vars-ga-ux-element=\"Hyperlink\" data-vars-ga-call-to-action=\"Wait and See\" data-node-id=\"1.5.0\" class=\"body-link css-15fjk10 emevuu60\">Wait and See<\/a><\/strong>, conosce molto bene la sua <strong data-node-id=\"1.7\">abitazione nel cuore di <a href=\"https:\/\/www.elledecor.com\/it\/viaggi\/a66047048\/negozio-birkenstock-milano\/\" target=\"_blank\" data-vars-ga-outbound-link=\"https:\/\/www.elledecor.com\/it\/viaggi\/a66047048\/negozio-birkenstock-milano\/\" data-vars-ga-ux-element=\"Hyperlink\" data-vars-ga-call-to-action=\"Milano\" data-node-id=\"1.7.1\" class=\"body-link css-15fjk10 emevuu60\" rel=\"nofollow noopener\">Milano<\/a><\/strong>, con le stanze che diventano scatole, appunto, e fanno da box a numerosissimi oggetti. Le cose della vita, <strong data-node-id=\"1.11\">ricordi<\/strong> da tenere fra le mani (come scarpe di John Galliano per Dior da esporre sul tavolino del salotto), vivono fra quelle pareti insieme a Uberta. Ed \u00e8 cos\u00ec interessante conoscerne la storia. Oltre la soglia dell&#8217;appartamento, veniamo accolti da un racconto personale che non conosce convenzioni e da una gentilezza che arricchisce un momento di condivisione. La casa, un tempo arredata sul gusto iconico degli <a href=\"https:\/\/www.elledecor.com\/it\/design\/a39437169\/arredamento-anni-60\/\" target=\"_blank\" data-vars-ga-outbound-link=\"https:\/\/www.elledecor.com\/it\/design\/a39437169\/arredamento-anni-60\/\" data-vars-ga-ux-element=\"Hyperlink\" data-vars-ga-call-to-action=\"anni Sessanta\" data-node-id=\"1.13\" class=\"body-link css-15fjk10 emevuu60\" rel=\"nofollow noopener\">anni Sessanta<\/a>, \u00e8 stata stravolta da Uberta in persona, restituendo agli ambienti un&#8217;informalit\u00e0 familiare che rendeva giustizia alle sue necessit\u00e0. Ristrutturazione e restyling, condotti t\u00eate-\u00e0-t\u00eate con la madre &#8211; &#8220;bellissimo lavorare con la mamma&#8221;, ci ha raccontato -, sono stati (anche) frutto della collaborazione con l&#8217;architetto <strong data-node-id=\"1.19\">Roberto Gerosa<\/strong>, che oltretutto ha firmato una serie di arredi appositamente per il progetto. Pezzi unici. <\/p>\n<p><img draggable=\"true\" alt=\"la casa a milano di uberta zambeletti\" title=\"La casa a Milano di Uberta Zambeletti\" loading=\"lazy\" width=\"2172\" height=\"3256\" decoding=\"async\" data-nimg=\"1\" style=\"color:transparent;width:100%;height:auto;\"   src=\"https:\/\/www.europesays.com\/it\/wp-content\/uploads\/2025\/09\/039a9149-68c42d312bb1f.jpg\" class=\"css-0 e1g79fud0\"\/><a target=\"_blank\" rel=\"noopener nofollow\" data-theme-key=\"base-link\" href=\"https:\/\/pinterest.com\/pin\/create\/button\/?url=https:\/\/www.elledecor.com\/it\/case\/a66063534\/casa-uberta-zambeletti-milano\/&amp;description=elledecoritalia&amp;media=https:\/\/hips.hearstapps.com\/hmg-prod\/images\/039a9149-68c42d312bb1f.jpg?resize=1600:*\" class=\"pinterest css-on9hn5 e1c1bym14\"><img decoding=\"async\" data-dynamic-svg=\"true\" src=\"https:\/\/www.elledecor.com\/_assets\/design-tokens\/fre\/static\/icons\/social\/pinterest.e8cf655.svg?primary=%2523ffffff\" loading=\"lazy\" data-testid=\"dynamic-svg-base\" height=\"auto\" width=\"auto\" alt=\"pinterest\" class=\"css-4lml0h e1mlxuuw1\"\/><\/a><\/p>\n<p>Visual Hub Audio &amp; Video Hearst Italia, Davide Mandolini<\/p>\n<p><img draggable=\"true\" alt=\"la casa a milano di uberta zambeletti\" title=\"La casa a Milano Uberta Zambeletti\" loading=\"lazy\" width=\"2172\" height=\"3256\" decoding=\"async\" data-nimg=\"1\" style=\"color:transparent;width:100%;height:auto;\"   src=\"https:\/\/www.europesays.com\/it\/wp-content\/uploads\/2025\/09\/039a9052-68c42d801d14a.jpg\" class=\"css-0 e1g79fud0\"\/><a target=\"_blank\" rel=\"noopener nofollow\" data-theme-key=\"base-link\" href=\"https:\/\/pinterest.com\/pin\/create\/button\/?url=https:\/\/www.elledecor.com\/it\/case\/a66063534\/casa-uberta-zambeletti-milano\/&amp;description=elledecoritalia&amp;media=https:\/\/hips.hearstapps.com\/hmg-prod\/images\/039a9052-68c42d801d14a.jpg?resize=1600:*\" class=\"pinterest css-on9hn5 e1c1bym14\"><img decoding=\"async\" data-dynamic-svg=\"true\" src=\"https:\/\/www.elledecor.com\/_assets\/design-tokens\/fre\/static\/icons\/social\/pinterest.e8cf655.svg?primary=%2523ffffff\" loading=\"lazy\" data-testid=\"dynamic-svg-base\" height=\"auto\" width=\"auto\" alt=\"pinterest\" class=\"css-4lml0h e1mlxuuw1\"\/><\/a><\/p>\n<p>Visual Hub Audio &amp; Video Hearst Italia, Davide Mandolini<\/p>\n<p data-journey-content=\"true\" data-node-id=\"4\" class=\"css-i9p093 emevuu60\">Mentre siamo l\u00ec, il <strong data-node-id=\"4.1\">living ampio<\/strong>, all&#8217;ora del tramonto, si lascia accarezzare da un raggio di sole dorato. E gli oggetti che sfiora sembrano impreziosirsi ancora di pi\u00f9. Ma oltre al salotto c&#8217;\u00e8 di pi\u00f9. C&#8217;\u00e8 un dedalo di stanze, da aprire e da chiudere con ventidue porte, che si infilano e si sfilano le une dentro le altre e che custodiscono il significato pi\u00f9 profondo del termine &#8220;privacy&#8221; &#8211; un concetto caro alla proprietaria di casa. Negli ambienti che visitiamo &#8211; privatissimi &#8211; borse, vestiti e scarpe sembrano venire da tutti i luoghi e da altri tempi. Seguono un ordine proprio: rispondono al richiamo del colore, alla disciplina delle categorie, allo scorrere delle stagioni. E tutto questo spiega anche il successo del progetto di Uberta: Wait and See. Il negozio, posizionato nel cuore delle <a href=\"https:\/\/www.elledecor.com\/it\/people\/a34395046\/quartiere-5-vie-milano-storia\/\" target=\"_blank\" data-vars-ga-outbound-link=\"https:\/\/www.elledecor.com\/it\/people\/a34395046\/quartiere-5-vie-milano-storia\/\" data-vars-ga-ux-element=\"Hyperlink\" data-vars-ga-call-to-action=\"5 vie meneghine\" data-node-id=\"4.3\" class=\"body-link css-15fjk10 emevuu60\" rel=\"nofollow noopener\">5 vie meneghine<\/a>, \u00e8 sul punto di mostrare, in occasione del suo <strong data-node-id=\"4.5\">quindicesimo compleanno<\/strong>, un volto nuovo: uno spazio rinnovato grazie al lavoro messo a segno con gli architetti di <strong data-node-id=\"4.7\">Micro Studio<\/strong>. Con l&#8217;inaugurazione alle porte, i clienti sono gi\u00e0 pronti a (ri)trovare l&#8217;aria di casa in un indirizzo dall&#8217;immagine aggiornata: con una passeggiata fatta di resina e di moquette, incorniciata da un reticolato di librerie metalliche, rosse. Intanto, con questa intervista da guardare d&#8217;un fiato, le porte di <strong data-node-id=\"4.9\">casa Zambeletti<\/strong> rimangono aperte per dirci, ancora, che l&#8217;abitare contemporaneo pu\u00f2 nutrirsi di cose. Spesso, ricordi. <\/p>\n<p><img draggable=\"true\" alt=\"la casa a milano di uberta zambeletti\" title=\"La casa a Milano di Uberta Zambeletti\" loading=\"lazy\" width=\"2172\" height=\"3257\" decoding=\"async\" data-nimg=\"1\" style=\"color:transparent;width:100%;height:auto;\"   src=\"https:\/\/www.europesays.com\/it\/wp-content\/uploads\/2025\/09\/039a9199-68c42e0d3de02.jpg\" class=\"css-0 e1g79fud0\"\/><a target=\"_blank\" rel=\"noopener nofollow\" data-theme-key=\"base-link\" href=\"https:\/\/pinterest.com\/pin\/create\/button\/?url=https:\/\/www.elledecor.com\/it\/case\/a66063534\/casa-uberta-zambeletti-milano\/&amp;description=elledecoritalia&amp;media=https:\/\/hips.hearstapps.com\/hmg-prod\/images\/039a9199-68c42e0d3de02.jpg?resize=1600:*\" class=\"pinterest css-on9hn5 e1c1bym14\"><img decoding=\"async\" data-dynamic-svg=\"true\" src=\"https:\/\/www.elledecor.com\/_assets\/design-tokens\/fre\/static\/icons\/social\/pinterest.e8cf655.svg?primary=%2523ffffff\" loading=\"lazy\" data-testid=\"dynamic-svg-base\" height=\"auto\" width=\"auto\" alt=\"pinterest\" class=\"css-4lml0h e1mlxuuw1\"\/><\/a><\/p>\n<p>Visual Hub Audio &amp; Video Hearst Italia, Davide Mandolini<\/p>\n<p><img draggable=\"true\" alt=\"la casa a milano di uberta zambeletti\" title=\"La casa a Milano di Uberta Zambeletti\" loading=\"lazy\" width=\"2172\" height=\"1449\" decoding=\"async\" data-nimg=\"1\" style=\"color:transparent;width:100%;height:auto;\"   src=\"https:\/\/www.europesays.com\/it\/wp-content\/uploads\/2025\/09\/039a9097-modifica-68c42e5ca4852.jpg\" class=\"css-0 e1g79fud0\"\/><a target=\"_blank\" rel=\"noopener nofollow\" data-theme-key=\"base-link\" href=\"https:\/\/pinterest.com\/pin\/create\/button\/?url=https:\/\/www.elledecor.com\/it\/case\/a66063534\/casa-uberta-zambeletti-milano\/&amp;description=elledecoritalia&amp;media=https:\/\/hips.hearstapps.com\/hmg-prod\/images\/039a9097-modifica-68c42e5ca4852.jpg?resize=1600:*\" class=\"pinterest css-on9hn5 e1c1bym14\"><img decoding=\"async\" data-dynamic-svg=\"true\" src=\"https:\/\/www.elledecor.com\/_assets\/design-tokens\/fre\/static\/icons\/social\/pinterest.e8cf655.svg?primary=%2523ffffff\" loading=\"lazy\" data-testid=\"dynamic-svg-base\" height=\"auto\" width=\"auto\" alt=\"pinterest\" class=\"css-4lml0h e1mlxuuw1\"\/><\/a><\/p>\n<p>Visual Hub Audio &amp; Video Hearst Italia, Davide Mandolini<\/p>\n<p><img draggable=\"true\" alt=\"la casa a milano di uberta zambeletti\" title=\"La casa a Milano di Uberta Zambeletti\" loading=\"lazy\" width=\"2172\" height=\"3256\" decoding=\"async\" data-nimg=\"1\" style=\"color:transparent;width:100%;height:auto;\"   src=\"https:\/\/www.europesays.com\/it\/wp-content\/uploads\/2025\/09\/039a9064-modifica-68c42dc44fc74.jpg\" class=\"css-0 e1g79fud0\"\/><a target=\"_blank\" rel=\"noopener nofollow\" data-theme-key=\"base-link\" href=\"https:\/\/pinterest.com\/pin\/create\/button\/?url=https:\/\/www.elledecor.com\/it\/case\/a66063534\/casa-uberta-zambeletti-milano\/&amp;description=elledecoritalia&amp;media=https:\/\/hips.hearstapps.com\/hmg-prod\/images\/039a9064-modifica-68c42dc44fc74.jpg?resize=1600:*\" class=\"pinterest css-on9hn5 e1c1bym14\"><img decoding=\"async\" data-dynamic-svg=\"true\" src=\"https:\/\/www.elledecor.com\/_assets\/design-tokens\/fre\/static\/icons\/social\/pinterest.e8cf655.svg?primary=%2523ffffff\" loading=\"lazy\" data-testid=\"dynamic-svg-base\" height=\"auto\" width=\"auto\" alt=\"pinterest\" class=\"css-4lml0h e1mlxuuw1\"\/><\/a><\/p>\n<p>Visual Hub Audio &amp; Video Hearst Italia, Davide Mandolini<\/p>\n<p><img draggable=\"true\" alt=\"la casa a milano di uberta zambeletti\" title=\"La casa a Milano di Uberta Zambeletti\" loading=\"lazy\" width=\"2172\" height=\"3256\" decoding=\"async\" data-nimg=\"1\" style=\"color:transparent;width:100%;height:auto;\"   src=\"https:\/\/www.europesays.com\/it\/wp-content\/uploads\/2025\/09\/039a9053-modifica-68c42e86772f3.jpg\" class=\"css-0 e1g79fud0\"\/><a target=\"_blank\" rel=\"noopener nofollow\" data-theme-key=\"base-link\" href=\"https:\/\/pinterest.com\/pin\/create\/button\/?url=https:\/\/www.elledecor.com\/it\/case\/a66063534\/casa-uberta-zambeletti-milano\/&amp;description=elledecoritalia&amp;media=https:\/\/hips.hearstapps.com\/hmg-prod\/images\/039a9053-modifica-68c42e86772f3.jpg?resize=1600:*\" class=\"pinterest css-on9hn5 e1c1bym14\"><img decoding=\"async\" data-dynamic-svg=\"true\" src=\"https:\/\/www.elledecor.com\/_assets\/design-tokens\/fre\/static\/icons\/social\/pinterest.e8cf655.svg?primary=%2523ffffff\" loading=\"lazy\" data-testid=\"dynamic-svg-base\" height=\"auto\" width=\"auto\" alt=\"pinterest\" class=\"css-4lml0h e1mlxuuw1\"\/><\/a><\/p>\n<p>Visual Hub Audio &amp; Video Hearst Italia, Davide Mandolini<\/p>\n<p><img src=\"https:\/\/www.europesays.com\/it\/wp-content\/uploads\/2025\/09\/e84fffd4-6caa-4927-b6a7-ab5791add78d_1694417339.file\" alt=\"Headshot of Alessia Musillo\" title=\"Headshot of Alessia Musillo\" width=\"100%\" height=\"100%\" decoding=\"async\" loading=\"lazy\" class=\"css-o0wq4v ev8dhu53\"\/><\/p>\n<p>Alessia Musillo \u00e8 Head of Content di Elledecor.it e Marie Claire Maison Italia digital. Laureata all\u2019Universit\u00e0 Statale di Milano con una tesi custodita presso la Fondazione Treccani di Milano, ha studiato anche Modern Languages presso la University of Strathclyde a Glasgow (UK) e Semiotics presso la University of Tartu (Estonia). Dopo aver collaborato con diverse testate giornalistiche, oggi trasforma l\u2019attualit\u00e0 in racconti scrivendo di citt\u00e0, design e cultura pop per il sito web di Elle Decor Italia. Potete seguirla su Instagram (@alessia__musillo) o leggendo Elledecor.it. I suoi articoli sono viaggi sulle tracce dell\u2019abitare contemporaneo. Il suo mezzo? La parola. \u00a0\u00a0\u00a0\u00a0\u00a0<\/p>\n","protected":false},"excerpt":{"rendered":"Le scatole sono fatte per contenere cose. E fino a prova contraria, finch\u00e9 non se ne conosce il&hellip;\n","protected":false},"author":3,"featured_media":108035,"comment_status":"","ping_status":"","sticky":false,"template":"","format":"standard","meta":{"footnotes":""},"categories":[1446],"tags":[1615,1613,1614,1611,1610,727,1612,203,204,1537,90,89,28,75689],"class_list":{"0":"post-108034","1":"post","2":"type-post","3":"status-publish","4":"format-standard","5":"has-post-thumbnail","7":"category-arte-e-design","8":"tag-arte","9":"tag-arte-e-design","10":"tag-arteedesign","11":"tag-arts","12":"tag-arts-and-design","13":"tag-case","14":"tag-design","15":"tag-entertainment","16":"tag-intrattenimento","17":"tag-it","18":"tag-italia","19":"tag-italy","20":"tag-milano","21":"tag-uberta-zambeletti"},"share_on_mastodon":{"url":"","error":""},"_links":{"self":[{"href":"https:\/\/www.europesays.com\/it\/wp-json\/wp\/v2\/posts\/108034","targetHints":{"allow":["GET"]}}],"collection":[{"href":"https:\/\/www.europesays.com\/it\/wp-json\/wp\/v2\/posts"}],"about":[{"href":"https:\/\/www.europesays.com\/it\/wp-json\/wp\/v2\/types\/post"}],"author":[{"embeddable":true,"href":"https:\/\/www.europesays.com\/it\/wp-json\/wp\/v2\/users\/3"}],"replies":[{"embeddable":true,"href":"https:\/\/www.europesays.com\/it\/wp-json\/wp\/v2\/comments?post=108034"}],"version-history":[{"count":0,"href":"https:\/\/www.europesays.com\/it\/wp-json\/wp\/v2\/posts\/108034\/revisions"}],"wp:featuredmedia":[{"embeddable":true,"href":"https:\/\/www.europesays.com\/it\/wp-json\/wp\/v2\/media\/108035"}],"wp:attachment":[{"href":"https:\/\/www.europesays.com\/it\/wp-json\/wp\/v2\/media?parent=108034"}],"wp:term":[{"taxonomy":"category","embeddable":true,"href":"https:\/\/www.europesays.com\/it\/wp-json\/wp\/v2\/categories?post=108034"},{"taxonomy":"post_tag","embeddable":true,"href":"https:\/\/www.europesays.com\/it\/wp-json\/wp\/v2\/tags?post=108034"}],"curies":[{"name":"wp","href":"https:\/\/api.w.org\/{rel}","templated":true}]}}