{"id":108196,"date":"2025-09-14T16:22:09","date_gmt":"2025-09-14T16:22:09","guid":{"rendered":"https:\/\/www.europesays.com\/it\/108196\/"},"modified":"2025-09-14T16:22:09","modified_gmt":"2025-09-14T16:22:09","slug":"montignoso-assolo-del-francese-pedersoli-al-buffoni-dopo-una-fuga-di-25-km","status":"publish","type":"post","link":"https:\/\/www.europesays.com\/it\/108196\/","title":{"rendered":"MONTIGNOSO. ASSOLO DEL FRANCESE PEDERSOLI AL &#8220;BUFFONI&#8221; DOPO UNA FUGA DI 25 KM"},"content":{"rendered":"<p>            <a class=\"category\" href=\"https:\/\/www.tuttobiciweb.it\/articles\/category\/JUNIORES\" itemprop=\"about\" rel=\"nofollow noopener\" target=\"_blank\">JUNIORES<\/a> | 14\/09\/2025 | 17:41<\/p>\n<p>Impresa di Nolan Pedersoli nella 56sima edizione del Trofeo Buffoni internazionale juniores che si \u00e8 svolto a Montignoso in provincia di Massa. Il francese, che compir\u00e0 17 anni il prossimo 25 settembre, si \u00e8 involato a 25 km dall&#8217;arrivo e non \u00e8 stato pi\u00f9 ripresto. L&#8217;atleta del team Academy R\u00e9gion Sud p\/b Giant ha preceduto di 13&#8243; Thomas Bernardi del Team F.lli Giorgi e Michele Pascarella del Team Franco Ballerini Lucchini Energy.\n            <\/p>\n<p><\/p>\n<p>Copyright &amp;copy TBW<\/p>\n","protected":false},"excerpt":{"rendered":"JUNIORES | 14\/09\/2025 | 17:41 Impresa di Nolan Pedersoli nella 56sima edizione del Trofeo Buffoni internazionale juniores che&hellip;\n","protected":false},"author":3,"featured_media":108197,"comment_status":"","ping_status":"","sticky":false,"template":"","format":"standard","meta":{"footnotes":"","_share_on_mastodon":"0"},"categories":[1456],"tags":[1824,1825,1537,90,89,7720,75778,245,244,75777],"class_list":["post-108196","post","type-post","status-publish","format-standard","has-post-thumbnail","category-ciclismo","tag-ciclismo","tag-cycling","tag-it","tag-italia","tag-italy","tag-juniores","tag-nolan-pedersoli","tag-sport","tag-sports","tag-trofeo-buffoni"],"share_on_mastodon":{"url":"","error":""},"_links":{"self":[{"href":"https:\/\/www.europesays.com\/it\/wp-json\/wp\/v2\/posts\/108196","targetHints":{"allow":["GET"]}}],"collection":[{"href":"https:\/\/www.europesays.com\/it\/wp-json\/wp\/v2\/posts"}],"about":[{"href":"https:\/\/www.europesays.com\/it\/wp-json\/wp\/v2\/types\/post"}],"author":[{"embeddable":true,"href":"https:\/\/www.europesays.com\/it\/wp-json\/wp\/v2\/users\/3"}],"replies":[{"embeddable":true,"href":"https:\/\/www.europesays.com\/it\/wp-json\/wp\/v2\/comments?post=108196"}],"version-history":[{"count":0,"href":"https:\/\/www.europesays.com\/it\/wp-json\/wp\/v2\/posts\/108196\/revisions"}],"wp:featuredmedia":[{"embeddable":true,"href":"https:\/\/www.europesays.com\/it\/wp-json\/wp\/v2\/media\/108197"}],"wp:attachment":[{"href":"https:\/\/www.europesays.com\/it\/wp-json\/wp\/v2\/media?parent=108196"}],"wp:term":[{"taxonomy":"category","embeddable":true,"href":"https:\/\/www.europesays.com\/it\/wp-json\/wp\/v2\/categories?post=108196"},{"taxonomy":"post_tag","embeddable":true,"href":"https:\/\/www.europesays.com\/it\/wp-json\/wp\/v2\/tags?post=108196"}],"curies":[{"name":"wp","href":"https:\/\/api.w.org\/{rel}","templated":true}]}}