{"id":1082,"date":"2025-07-22T17:24:10","date_gmt":"2025-07-22T17:24:10","guid":{"rendered":"https:\/\/www.europesays.com\/it\/1082\/"},"modified":"2025-07-22T17:24:10","modified_gmt":"2025-07-22T17:24:10","slug":"jovanotti-ai-lidi-direzione-no-borders-music-festival","status":"publish","type":"post","link":"https:\/\/www.europesays.com\/it\/1082\/","title":{"rendered":"Jovanotti ai Lidi direzione No Borders Music Festival"},"content":{"rendered":"<p>Lidi di Comacchio. Da Cortona al Friuli passando per il Delta del Po. Questa mattina i lidi di Comacchio sono stati attraversati in bicicletta da Lorenzo Cherubini, in arte Jovanotti, diretto con alcuni amici al concerto del No Borders Music Festival nel quale si esibir\u00e0 il 26 luglio a Tarvisio.<\/p>\n<p><img fetchpriority=\"high\" decoding=\"async\" aria-describedby=\"caption-attachment-1144096\" class=\"size-medium wp-image-1144096\" src=\"https:\/\/www.europesays.com\/it\/wp-content\/uploads\/2025\/07\/WhatsApp-Image-2025-07-22-at-17.24.40-381x400.jpeg\" alt=\"\" width=\"381\" height=\"400\"\/><\/p>\n<p id=\"caption-attachment-1144096\" class=\"wp-caption-text\">Da Instagram Lorenzojova<\/p>\n<p>Jovanotti ha scelto di arrivare sul palco come gli spettatori, il concerto \u00e8 infatti riservato ai ciclisti (sold out con 5mila prenotazioni) che possono arrivare sul posto scegliendo itinerari pi\u00f9 semplici o pi\u00f9 difficili proposti dall\u2019organizzazione.<\/p>\n<p>Proprio questa mattina (22 luglio) il rapido passaggio attraverso i Lidi e il passaggio da Estensi a Porto Garibaldi prendendo il traghetto sul Porto canale, \u201cun tragitto brevissimo, pensavo una navigazione oceanica. Siamo gi\u00e0 arrivati, grazie capitano\u201d. Il tragitto \u00e8 documentato sui social del cantate accompagnato in questo tragitto da alcuni amici tra cui l\u2019ex ciclista Paolo Bettini che vinse l\u2019oro alle Olimpiadi di Atene del 2004.<\/p>\n<p>Poco dopo la sosta al Lido di Pomposa, \u201csimo tornati all\u2019et\u00e0 dei dinosauri, guarda che bello\u201d dice in una storia su Instagram mentre ammira una delle sculture in legno di Enrico Menegatti.<\/p>\n<p>A salutare il passaggio del cantante anche il presidente della Regione Michele de Pascale: \u201cUn visitatore d\u2019eccezione \u00e8 passato dalla nostra terra. Lorenzo Jovanotti Cherubini, in viaggio verso il No Borders Music Festival, ha attraversato l\u2019Emilia-Romagna passando per Bagno di Romagna, Santa Sofia, Galeata, Predappio, Castrocaro Terme, Ravenna e i Lidi Ferraresi. Un itinerario tra mare e montagna, borghi storici e salite leggendarie del ciclismo\u201d.<\/p>\n<p>\t\t\t\tGrazie per aver letto questo articolo&#8230;<\/p>\n<p>Da 20 anni\u00a0<a class=\"vglnk\" href=\"https:\/\/www.estense.com\/\" rel=\"nofollow noopener\" target=\"_blank\">Estense.com<\/a>\u00a0offre una informazione indipendente ai suoi lettori e non ha mai accettato fondi pubblici per non pesare nemmeno un centesimo sulle spalle della collettivit\u00e0. Il lavoro che svolgiamo ha un costo economico non indifferente e la pubblicit\u00e0 dei privati non sempre \u00e8 sufficiente.<br \/>Per questo chiediamo a chi quotidianamente ci legge e, speriamo, ci apprezza di darci un piccolo contributo in base alle proprie possibilit\u00e0. Anche un piccolo sostegno, moltiplicato per le decine di migliaia di ferraresi che ci leggono ogni giorno, pu\u00f2 diventare fondamentale.<\/p>\n<p>\u00a0<\/p>\n<p><strong>OPPURE <\/strong>se preferisci non usare PayPal ma un normale bonifico bancario (anche periodico) puoi intestarlo a:<\/p>\n<p><strong>Scoop Media Edit<br \/><\/strong>IBAN:\u00a0<strong>IT06D0538713004000000035119 <\/strong>(Banca BPER)<br \/>Causale:\u00a0<strong>Donazione per\u00a0<a class=\"vglnk\" href=\"https:\/\/www.estense.com\/\" rel=\"nofollow noopener\" target=\"_blank\">Estense.com<\/a><\/strong><\/p>\n","protected":false},"excerpt":{"rendered":"Lidi di Comacchio. Da Cortona al Friuli passando per il Delta del Po. Questa mattina i lidi di&hellip;\n","protected":false},"author":3,"featured_media":1083,"comment_status":"","ping_status":"","sticky":false,"template":"","format":"standard","meta":{"footnotes":"","_share_on_mastodon":"0"},"categories":[1443],"tags":[2659,203,204,1537,90,89,1538,1539],"class_list":["post-1082","post","type-post","status-publish","format-standard","has-post-thumbnail","category-musica","tag-comacchio","tag-entertainment","tag-intrattenimento","tag-it","tag-italia","tag-italy","tag-music","tag-musica"],"share_on_mastodon":{"url":"","error":""},"_links":{"self":[{"href":"https:\/\/www.europesays.com\/it\/wp-json\/wp\/v2\/posts\/1082","targetHints":{"allow":["GET"]}}],"collection":[{"href":"https:\/\/www.europesays.com\/it\/wp-json\/wp\/v2\/posts"}],"about":[{"href":"https:\/\/www.europesays.com\/it\/wp-json\/wp\/v2\/types\/post"}],"author":[{"embeddable":true,"href":"https:\/\/www.europesays.com\/it\/wp-json\/wp\/v2\/users\/3"}],"replies":[{"embeddable":true,"href":"https:\/\/www.europesays.com\/it\/wp-json\/wp\/v2\/comments?post=1082"}],"version-history":[{"count":0,"href":"https:\/\/www.europesays.com\/it\/wp-json\/wp\/v2\/posts\/1082\/revisions"}],"wp:featuredmedia":[{"embeddable":true,"href":"https:\/\/www.europesays.com\/it\/wp-json\/wp\/v2\/media\/1083"}],"wp:attachment":[{"href":"https:\/\/www.europesays.com\/it\/wp-json\/wp\/v2\/media?parent=1082"}],"wp:term":[{"taxonomy":"category","embeddable":true,"href":"https:\/\/www.europesays.com\/it\/wp-json\/wp\/v2\/categories?post=1082"},{"taxonomy":"post_tag","embeddable":true,"href":"https:\/\/www.europesays.com\/it\/wp-json\/wp\/v2\/tags?post=1082"}],"curies":[{"name":"wp","href":"https:\/\/api.w.org\/{rel}","templated":true}]}}