{"id":108814,"date":"2025-09-15T00:10:39","date_gmt":"2025-09-15T00:10:39","guid":{"rendered":"https:\/\/www.europesays.com\/it\/108814\/"},"modified":"2025-09-15T00:10:39","modified_gmt":"2025-09-15T00:10:39","slug":"nel-paese-dove-i-maiali-volano-i-lupi-galleggiano-per-noi-autistici","status":"publish","type":"post","link":"https:\/\/www.europesays.com\/it\/108814\/","title":{"rendered":"Nel paese dove i maiali volano i lupi galleggiano. \u2013 Per Noi Autistici"},"content":{"rendered":"<p>Tra pochi giorni uscir\u00e0 in libreria il primo libro di Tommy. E\u2019 un libro di favole tutto illustrato con i suoi disegni, anzi forse \u00e8 una favola unica da cui si diramano tante storie. Non so esattamente come definirlo anche se l\u2019ho scritto io. <\/p>\n<p><img fetchpriority=\"high\" decoding=\"async\" width=\"1024\" height=\"673\" src=\"https:\/\/www.europesays.com\/it\/wp-content\/uploads\/2025\/09\/Schermata-2025-03-10-alle-17.46.18-1024x673.png\" alt=\"\" class=\"wp-image-31281\"  \/><\/p>\n<p>Gi\u00e0 il titolo: \u201cNel paese dove i maiali volano i lupi galleggiano\u201d dovrebbe far balenare l\u2019idea di \u201cun\u2019opera divergente\u201d, la procedura singolar e \u00e8 che si tratta di un\u2019opera in cui la scrittura segue l\u2019illustrazione e non viceversa, come accade di consueto. <\/p>\n<p>Il libro nasce a luglio 2024 in uno di quei momenti magici in cui Tommy e io stacchiamo completamente gli ormeggi dal mondo e ci chiudiamo in campagna. Siamo da qualche anno ospiti nel casale di una cara amica, la mamma di Federico che passa l\u2019inverno nell\u2019 atelier dei Cervelli Ribelli. E\u2019 un posto fatato in mezzo alla campagna umbra, dove io sono nato e da cui sono poi fuggito. In un\u2019antica casa di pietra e tufo la giornata era scandita da ritmi sempre uguali: sveglia, pittura, bagno, pranzo, riposino e poi lavoro al libro.<\/p>\n<p class=\"has-text-align-center\"><strong>I PERSONAGGI NATI IN UN\u2019ESTATE<\/strong><\/p>\n<p>La maggior parte dei personaggi di questo libro saltellavano dal tablet alla tela o viceversa. Tommy creava in libert\u00e0, come sempre fa, fermando su qualsiasi supporto i suoi pensieri che \u201ccome pupazzi ballerini saltellano su sedie e tavolini\u201d. Io guardavo quei pensieri e cercavo di metterli in fila scoprendone un filo conduttore, che non seguiva regole razionali, ma i meandri della mia mente ingolfata da ricordi, angosce, speranze, illusioni. Cos\u00ec \u00e8 cresciuto un racconto, Tommy e io, fianco a fianco, con il sui ipad collegato al mio computer che si succhiava personaggi, li disponeva su uno sfondo e si lasciava suggerire il nesso che poteva legarli tra loro. Quando mi mancava qualcosa Tommy me lo forniva: \u201cTommy mi servono degli alberi, dammi dei fiori, disegna il pavone visto da dietro, fammi il gatto che balla!\u201d Cos\u00ec \u00e8 venuto fuori un libro.<\/p>\n<p>Non saprei dire se quel libro sia solo un racconto per bambini, o se anche gli adulti ci vedranno qualcosa di loro stessi. Ci ho seminato tante chiavi di lettura nascoste e penso che ci siano possibilit\u00e0 di interpretazione stratificate. I grovigli di due menti balzane scatenano universi paralleli pi\u00f9 di quanto sia possibile immaginare. almeno cos\u00ec mi piace credere.<\/p>\n<p>La prima recensione l\u2019ho avuta da una cara amica: Silvia Jacovitti, figlio dell\u2019immenso poeta su cui ho costruito la mia fanciullezza, vissuta di attese del gioved\u00ec per avere l\u2019inserto de \u201cIl Giorno\u201d che leggeva un mio zio, dove c\u2019erano le storie di Cocco Bill. Questo mi ha scritto Silvia poco fa:<\/p>\n<p><strong> \u201cA parte il fatto che questo libro parla anche di me\u2026..e quindi penso<br \/>Di molti\u2026\u2026.Credimi. \u00c8 bellissimo<br \/>C\u2019\u00e8 tanta poesia, ma anche ironia, e poi qualcosa in pi\u00f9 che non ha un nome, ma forse non tutte le emozioni che vengono dal cuore hanno una parola che le definisce. Dovremmo inventare parole nuove. E questo \u00e8 la cosa pi\u00f9 bella che mi \u00e8 arrivata. \u00c8 delicato questo libro. Ma ti arriva potente<br \/>Con una forza incredibile. Si pu\u00f2 essere cos\u00ec delicati e forti allo stesso tempi? Si. Per fortuna. Si.<br \/>Adesso sono piena di colori e di disegni ribelli. Bellissimiiiiiiiiiiiiiii\u2026.. Grazie Gianluca, Grazie Tommy<br \/>Questa condivisione mi ha scosso l\u2019anima- Grazie. Vi voglio tanto bene!<\/strong><\/p>\n<p>Non potevamo chiedere di pi\u00f9, non ci serve altro. Ora possiamo anche riposarci e prepararci ad andare in giro a presentarlo. Chi volesse<a href=\"https:\/\/www.amazon.it\/paese-dove-maiali-volano-galleggiano\/dp\/8891843091\" rel=\"nofollow noopener\" target=\"_blank\"> lo trova qui gi\u00e0 adesso<\/a>. Gli altri in libreria dal 18 marzo.<\/p>\n","protected":false},"excerpt":{"rendered":"Tra pochi giorni uscir\u00e0 in libreria il primo libro di Tommy. E\u2019 un libro di favole tutto illustrato&hellip;\n","protected":false},"author":3,"featured_media":108815,"comment_status":"","ping_status":"","sticky":false,"template":"","format":"standard","meta":{"footnotes":""},"categories":[1445],"tags":[1608,203,204,1537,90,89,1609],"class_list":{"0":"post-108814","1":"post","2":"type-post","3":"status-publish","4":"format-standard","5":"has-post-thumbnail","7":"category-libri","8":"tag-books","9":"tag-entertainment","10":"tag-intrattenimento","11":"tag-it","12":"tag-italia","13":"tag-italy","14":"tag-libri"},"share_on_mastodon":{"url":"","error":""},"_links":{"self":[{"href":"https:\/\/www.europesays.com\/it\/wp-json\/wp\/v2\/posts\/108814","targetHints":{"allow":["GET"]}}],"collection":[{"href":"https:\/\/www.europesays.com\/it\/wp-json\/wp\/v2\/posts"}],"about":[{"href":"https:\/\/www.europesays.com\/it\/wp-json\/wp\/v2\/types\/post"}],"author":[{"embeddable":true,"href":"https:\/\/www.europesays.com\/it\/wp-json\/wp\/v2\/users\/3"}],"replies":[{"embeddable":true,"href":"https:\/\/www.europesays.com\/it\/wp-json\/wp\/v2\/comments?post=108814"}],"version-history":[{"count":0,"href":"https:\/\/www.europesays.com\/it\/wp-json\/wp\/v2\/posts\/108814\/revisions"}],"wp:featuredmedia":[{"embeddable":true,"href":"https:\/\/www.europesays.com\/it\/wp-json\/wp\/v2\/media\/108815"}],"wp:attachment":[{"href":"https:\/\/www.europesays.com\/it\/wp-json\/wp\/v2\/media?parent=108814"}],"wp:term":[{"taxonomy":"category","embeddable":true,"href":"https:\/\/www.europesays.com\/it\/wp-json\/wp\/v2\/categories?post=108814"},{"taxonomy":"post_tag","embeddable":true,"href":"https:\/\/www.europesays.com\/it\/wp-json\/wp\/v2\/tags?post=108814"}],"curies":[{"name":"wp","href":"https:\/\/api.w.org\/{rel}","templated":true}]}}