{"id":108842,"date":"2025-09-15T00:31:19","date_gmt":"2025-09-15T00:31:19","guid":{"rendered":"https:\/\/www.europesays.com\/it\/108842\/"},"modified":"2025-09-15T00:31:19","modified_gmt":"2025-09-15T00:31:19","slug":"yamaha-v4-motogp-cosa-abbiamo-imparato-finora","status":"publish","type":"post","link":"https:\/\/www.europesays.com\/it\/108842\/","title":{"rendered":"Yamaha V4 MotoGP: cosa abbiamo imparato finora"},"content":{"rendered":"<p>La gara sprint di sabato, tuttavia, ha dimostrato quanto lavoro ci sia ancora da fare. Dopo essersi qualificato solo 22\u00b0 al mattino, Fernandez non \u00e8 riuscito a fare di meglio che finire 18\u00b0, a oltre 28 secondi dalla testa della corsa e a circa 10 secondi dalla Yamaha pi\u00f9 vicina. Ha poi ammesso che la V4 \u00e8 estremamente sensibile alle piccole modifiche di assetto, spesso si comporta bene in una sessione e poi si sente completamente fuori uso in quella successiva, il che rende difficile trovare una finestra di prestazioni costanti. Inoltre, ha avuto difficolt\u00e0 a guidare nel traffico, cosa che la Yamaha non aveva potuto testare nelle sessioni private, e ha riferito di forti vibrazioni che rendevano la moto difficile da gestire, un problema che ha colpito anche Quartararo sull&#8217;attuale M1 con motore in linea.<\/p>\n<p>Nonostante ci\u00f2, l&#8217;atmosfera all&#8217;interno della Yamaha \u00e8 rimasta positiva. Lo stesso Quartararo si \u00e8 detto impressionato dalla vicinanza di Fernandez nelle prove, elogiando la velocit\u00e0 della moto e sottolineando che c&#8217;\u00e8 ancora un enorme margine da sbloccare attraverso le regolazioni e lo sviluppo. Anche Andrea Dovizioso, che ha provato la moto privatamente, ne ha parlato bene, affermando che fin dal primo giro ha sentito che la V4 aveva un grande potenziale. Il responsabile del progetto Kazuhiro Masuda ha aggiunto che i progressi della moto sono in linea con le aspettative e ha confermato che sono previsti ulteriori test a Sepang e Valencia nel corso dell&#8217;anno.<\/p>\n<p>\u00c8 importante ricordare che non si tratta semplicemente di un nuovo motore montato su una vecchia moto. Il passaggio dal quattro cilindri in linea al V4 ha costretto la Yamaha a riprogettare l&#8217;intera moto, compresi il telaio, l&#8217;aerodinamica, l&#8217;elettronica e persino il modo in cui il pilota interagisce con essa. Fernandez ha gi\u00e0 testato diversi concetti di carenatura e il team sta preparando ulteriori evoluzioni aerodinamiche per le prossime wildcard. \u00c8 inoltre previsto che la moto torni a correre al Gran Premio della Malesia in ottobre, un&#8217;occasione preziosa per vedere come si comporta in condizioni di caldo e umidit\u00e0 estremi.<\/p>\n<p>Per il momento, il V4 non \u00e8 ancora pi\u00f9 veloce del quattro cilindri in linea sotto ogni aspetto, ma sta gi\u00e0 mostrando i suoi punti di forza dove la vecchia moto era pi\u00f9 debole, e questo \u00e8 gi\u00e0 un segno di ottimismo. La Casa giapponese ha inoltre confermato che Fernandez continuer\u00e0 a essere il suo collaudatore ufficiale almeno fino al 2027, garantendo cos\u00ec la continuit\u00e0 nello sviluppo del progetto e nell&#8217;adattamento alle nuove regole della MotoGP.<\/p>\n<p>Il fine settimana del Gran Premio di San Marino non ha forse fornito risultati che spiccano sulla carta, ma ha rappresentato qualcosa di molto pi\u00f9 importante per la Yamaha: l&#8217;inizio di un nuovo viaggio. La V4 \u00e8 una scommessa coraggiosa, che potrebbe riportare la Yamaha alla vittoria o farle affrontare un lungo processo di ricostruzione, ma i primi segnali indicano che la decisione di cambiare rotta \u00e8 stata quella giusta. Il futuro del programma MotoGP \u00e8 arrivato e sta gi\u00e0 cominciando a farsi vedere.<\/p>\n","protected":false},"excerpt":{"rendered":"La gara sprint di sabato, tuttavia, ha dimostrato quanto lavoro ci sia ancora da fare. Dopo essersi qualificato&hellip;\n","protected":false},"author":3,"featured_media":108843,"comment_status":"","ping_status":"","sticky":false,"template":"","format":"standard","meta":{"footnotes":""},"categories":[1455],"tags":[1537,90,89,1783,1784,245,244],"class_list":{"0":"post-108842","1":"post","2":"type-post","3":"status-publish","4":"format-standard","5":"has-post-thumbnail","7":"category-moto","8":"tag-it","9":"tag-italia","10":"tag-italy","11":"tag-moto","12":"tag-motorcycle","13":"tag-sport","14":"tag-sports"},"share_on_mastodon":{"url":"","error":""},"_links":{"self":[{"href":"https:\/\/www.europesays.com\/it\/wp-json\/wp\/v2\/posts\/108842","targetHints":{"allow":["GET"]}}],"collection":[{"href":"https:\/\/www.europesays.com\/it\/wp-json\/wp\/v2\/posts"}],"about":[{"href":"https:\/\/www.europesays.com\/it\/wp-json\/wp\/v2\/types\/post"}],"author":[{"embeddable":true,"href":"https:\/\/www.europesays.com\/it\/wp-json\/wp\/v2\/users\/3"}],"replies":[{"embeddable":true,"href":"https:\/\/www.europesays.com\/it\/wp-json\/wp\/v2\/comments?post=108842"}],"version-history":[{"count":0,"href":"https:\/\/www.europesays.com\/it\/wp-json\/wp\/v2\/posts\/108842\/revisions"}],"wp:featuredmedia":[{"embeddable":true,"href":"https:\/\/www.europesays.com\/it\/wp-json\/wp\/v2\/media\/108843"}],"wp:attachment":[{"href":"https:\/\/www.europesays.com\/it\/wp-json\/wp\/v2\/media?parent=108842"}],"wp:term":[{"taxonomy":"category","embeddable":true,"href":"https:\/\/www.europesays.com\/it\/wp-json\/wp\/v2\/categories?post=108842"},{"taxonomy":"post_tag","embeddable":true,"href":"https:\/\/www.europesays.com\/it\/wp-json\/wp\/v2\/tags?post=108842"}],"curies":[{"name":"wp","href":"https:\/\/api.w.org\/{rel}","templated":true}]}}