{"id":109445,"date":"2025-09-15T09:08:14","date_gmt":"2025-09-15T09:08:14","guid":{"rendered":"https:\/\/www.europesays.com\/it\/109445\/"},"modified":"2025-09-15T09:08:14","modified_gmt":"2025-09-15T09:08:14","slug":"inter-sommer-paga-per-tutti-con-lajax-si-scalda-martinez","status":"publish","type":"post","link":"https:\/\/www.europesays.com\/it\/109445\/","title":{"rendered":"Inter, Sommer paga per tutti? Con l&#8217;Ajax si scalda Martinez\u00a0"},"content":{"rendered":"<p>Sommer non \u00e8 sicuramente l&#8217;unico responsabile del tracollo di Torino, ennesimo finale horror per i nerazzurri, ma potrebbe pagare il conto per tutti: il go di Adzic, ancora pi\u00f9 di quello di Yildiz, ha lanciato ombre sulla titolarit\u00e0 dell&#8217;ex Bayern. Lasciarlo in panchina sarebbe ulteriore conferma della filosofia di Chivu: <strong>nessuno \u00e8 intoccabile, gioca chi sta meglio.<\/strong> Un messaggio mandato forte e chiaro anche nel derby d&#8217;Italia, quando l&#8217;ex centrale non si \u00e8 fatto problemi a sostituire nello stesso momento gli appannati <strong>Lautaro Martinez e Nicol\u00f2 Barella<\/strong>, due dei totem dello spogliatoio.<\/p>\n","protected":false},"excerpt":{"rendered":"Sommer non \u00e8 sicuramente l&#8217;unico responsabile del tracollo di Torino, ennesimo finale horror per i nerazzurri, ma potrebbe&hellip;\n","protected":false},"author":3,"featured_media":109446,"comment_status":"","ping_status":"","sticky":false,"template":"","format":"standard","meta":{"footnotes":""},"categories":[1452],"tags":[721,1740,1537,90,89,1739,245,244],"class_list":{"0":"post-109445","1":"post","2":"type-post","3":"status-publish","4":"format-standard","5":"has-post-thumbnail","7":"category-calcio","8":"tag-calcio","9":"tag-football","10":"tag-it","11":"tag-italia","12":"tag-italy","13":"tag-soccer","14":"tag-sport","15":"tag-sports"},"share_on_mastodon":{"url":"","error":""},"_links":{"self":[{"href":"https:\/\/www.europesays.com\/it\/wp-json\/wp\/v2\/posts\/109445","targetHints":{"allow":["GET"]}}],"collection":[{"href":"https:\/\/www.europesays.com\/it\/wp-json\/wp\/v2\/posts"}],"about":[{"href":"https:\/\/www.europesays.com\/it\/wp-json\/wp\/v2\/types\/post"}],"author":[{"embeddable":true,"href":"https:\/\/www.europesays.com\/it\/wp-json\/wp\/v2\/users\/3"}],"replies":[{"embeddable":true,"href":"https:\/\/www.europesays.com\/it\/wp-json\/wp\/v2\/comments?post=109445"}],"version-history":[{"count":0,"href":"https:\/\/www.europesays.com\/it\/wp-json\/wp\/v2\/posts\/109445\/revisions"}],"wp:featuredmedia":[{"embeddable":true,"href":"https:\/\/www.europesays.com\/it\/wp-json\/wp\/v2\/media\/109446"}],"wp:attachment":[{"href":"https:\/\/www.europesays.com\/it\/wp-json\/wp\/v2\/media?parent=109445"}],"wp:term":[{"taxonomy":"category","embeddable":true,"href":"https:\/\/www.europesays.com\/it\/wp-json\/wp\/v2\/categories?post=109445"},{"taxonomy":"post_tag","embeddable":true,"href":"https:\/\/www.europesays.com\/it\/wp-json\/wp\/v2\/tags?post=109445"}],"curies":[{"name":"wp","href":"https:\/\/api.w.org\/{rel}","templated":true}]}}