{"id":109509,"date":"2025-09-15T09:52:10","date_gmt":"2025-09-15T09:52:10","guid":{"rendered":"https:\/\/www.europesays.com\/it\/109509\/"},"modified":"2025-09-15T09:52:10","modified_gmt":"2025-09-15T09:52:10","slug":"kirghizistan-il-governo-kirgizo-aumenta-le-pensioni-a-70-euro-al-mese","status":"publish","type":"post","link":"https:\/\/www.europesays.com\/it\/109509\/","title":{"rendered":"KIRGHIZISTAN Il governo kirgizo aumenta le pensioni (a 70 euro al mese)"},"content":{"rendered":"<p>I due milioni di anziani sono meno del 30% della popolazione del Paese.\u00a0Una delle difficolt\u00e0 maggiori che devono affrontare riguarda\u00a0l\u2019assistenza sanitaria, molto precaria a livello pubblico. &#8220;Senza i nostri figli non riusciremmo a sopravvivere&#8221;. E molti oggi rimpiangono i tempi sovietici.<\/p>\n<p>Bishkek (AsiaNews) &#8211; Dal 1\u00b0 ottobre il Fondo Sociale del Kirghizistan aumenter\u00e0 la parte assicurativa delle pensioni del 10%, stabilendo la somma minima che potranno ricevere i pensionati in 7.500 som, poco pi\u00f9 di 70 euro. Il capo del Fondo, Bakhtijar Aliev, ha illustrato a Kaktus.media i meccanismi della riforma, e su che cosa possono davvero contare i pensionati kirghisi.<\/p>\n<p>In Kirghizistan la pensione \u00e8 costituita da tre parti: quella di base, l\u2019assicurativa e la cumulativa. La prima \u00e8 garantita dallo Stato, con il pagamento di 3.170 som, ma per alcuni pu\u00f2 essere anche maggiore, poich\u00e9 le pensioni sono state aumentate a 6.900 som a causa dell&#8217;indicizzazione della parte base della pensione, a partire dal 1\u00b0 ottobre dell&#8217;anno scorso. Ci\u00f2 significa che 3.170 som rimangono l&#8217;importo base &#8220;originale&#8221;, ma in pratica la maggior parte dei pensionati riceve un importo maggiore, in modo che la pensione totale non sia inferiore all&#8217;importo stabilito. Dal 1\u00b0 ottobre, l&#8217;importo sar\u00e0 di 7.500 som.<\/p>\n<p>La quota assicurativa \u00e8 costituita individualmente, e dipende dai contributi versati dal cittadino durante la sua vita lavorativa. Questi fondi si accumulano nel conto personale del pensionato: maggiori sono i contributi versati, maggiore sar\u00e0 la pensione futura. Come spiega Aliev, \u201cla parte basilare \u00e8 la garanzia dello Stato, mentre quella assicurativa \u00e8 il risultato della partecipazione personale del cittadino al sistema di assicurazione sociale\u201d. La quota cumulativa della pensione, a differenza della quota base e di quella assicurativa, si forma attraverso contributi volontari del cittadino e pu\u00f2 essere utilizzata, ad esempio, per estinguere un mutuo; tuttavia, questa quota della pensione pu\u00f2 essere utilizzata una sola volta.<\/p>\n<p>L\u2019aumento previsto del 10% riguarda i cittadini la cui parte assicurativa non supera i 50mila som; la somma minima da aggiungere \u00e8 di 600 som, importante per i meno abbienti, e la massima sar\u00e0 di 5mila som, per \u201caiutare a utilizzare in modo efficace le proprie risorse\u201d, commenta il capo del Fondo pensioni. Per i nuovi pensionati l\u2019intera somma dovuta non potr\u00e0 essere inferiore al livello minimo di sussistenza del pensionato, che corrisponde a 7.100 som.<\/p>\n<p>I pensionati intervistati dai giornalisti di Kaktus.media per\u00f2 non sembrano entusiasti di questi calcoli, e affermano che \u201cla pensione basta solo per i bisogni pi\u00f9 immediati, senza i nostri figli non riusciremmo a sopravvivere\u201d. Una di loro racconta che \u201ccon la pensione riesco a fare la spesa solo una volta, e se mi servono delle medicine gi\u00e0 non mi basta, confido solo su parenti e vicini\u201d. Altri confermano che i soldi bastano per mangiare cibi a buon mercato e pagare i biglietti degli autobus, \u201cil taxi non ce lo possiamo permettere, anche perch\u00e9 si pu\u00f2 chiamare solo con applicazioni difficili da usare\u201d.<\/p>\n<p>Una delle difficolt\u00e0 maggiori riguarda in effetti l\u2019assistenza sanitaria, molto precaria a livello pubblico, e per cui servono soldi in pi\u00f9 da distribuire a medici e infermieri. \u201cSe non avessi il sostegno dei miei familiari non potrei sopravvivere\u201d, afferma l\u2019anziana Ajmada, \u201cquando avevo bisogno di andare in ospedale non mi era rimasto niente in tasca; mi hanno rimandato a casa finch\u00e9 mio figlio non \u00e8 riuscito a mandare qualche soldo dalla Russia, dove era andato a lavorare\u201d.<\/p>\n<p>Il Kirghizistan conta poco pi\u00f9 di 7 milioni di abitanti, gli anziani sopra i 60 anni sono meno del 30% di una popolazione piuttosto giovane e in cerca di sviluppo economico e sociale, ma i due milioni di anziani oggi rimpiangono i tempi sovietici, quando tutti avevano di meno, ma almeno non si rischiava di rimanere senza niente.<\/p>\n","protected":false},"excerpt":{"rendered":"I due milioni di anziani sono meno del 30% della popolazione del Paese.\u00a0Una delle difficolt\u00e0 maggiori che devono&hellip;\n","protected":false},"author":3,"featured_media":109510,"comment_status":"","ping_status":"","sticky":false,"template":"","format":"standard","meta":{"footnotes":""},"categories":[1481],"tags":[1536,2065,2066,52889,239,2063,2064,1537,90,89,40621,7711,240,3003],"class_list":{"0":"post-109509","1":"post","2":"type-post","3":"status-publish","4":"format-standard","5":"has-post-thumbnail","7":"category-assistenza-sanitaria","8":"tag-anziani","9":"tag-assistenza-sanitaria","10":"tag-assistenzasanitaria","11":"tag-bishkek","12":"tag-health","13":"tag-health-care","14":"tag-healthcare","15":"tag-it","16":"tag-italia","17":"tag-italy","18":"tag-kirghizistan","19":"tag-pensioni","20":"tag-salute","21":"tag-welfare"},"share_on_mastodon":{"url":"","error":""},"_links":{"self":[{"href":"https:\/\/www.europesays.com\/it\/wp-json\/wp\/v2\/posts\/109509","targetHints":{"allow":["GET"]}}],"collection":[{"href":"https:\/\/www.europesays.com\/it\/wp-json\/wp\/v2\/posts"}],"about":[{"href":"https:\/\/www.europesays.com\/it\/wp-json\/wp\/v2\/types\/post"}],"author":[{"embeddable":true,"href":"https:\/\/www.europesays.com\/it\/wp-json\/wp\/v2\/users\/3"}],"replies":[{"embeddable":true,"href":"https:\/\/www.europesays.com\/it\/wp-json\/wp\/v2\/comments?post=109509"}],"version-history":[{"count":0,"href":"https:\/\/www.europesays.com\/it\/wp-json\/wp\/v2\/posts\/109509\/revisions"}],"wp:featuredmedia":[{"embeddable":true,"href":"https:\/\/www.europesays.com\/it\/wp-json\/wp\/v2\/media\/109510"}],"wp:attachment":[{"href":"https:\/\/www.europesays.com\/it\/wp-json\/wp\/v2\/media?parent=109509"}],"wp:term":[{"taxonomy":"category","embeddable":true,"href":"https:\/\/www.europesays.com\/it\/wp-json\/wp\/v2\/categories?post=109509"},{"taxonomy":"post_tag","embeddable":true,"href":"https:\/\/www.europesays.com\/it\/wp-json\/wp\/v2\/tags?post=109509"}],"curies":[{"name":"wp","href":"https:\/\/api.w.org\/{rel}","templated":true}]}}