{"id":109881,"date":"2025-09-15T13:40:14","date_gmt":"2025-09-15T13:40:14","guid":{"rendered":"https:\/\/www.europesays.com\/it\/109881\/"},"modified":"2025-09-15T13:40:14","modified_gmt":"2025-09-15T13:40:14","slug":"lappartamento-depoca-a-berlino-di-melisa-dobric-e-florian-dobric-gerl-celebra-il-loro-spirito-creativo","status":"publish","type":"post","link":"https:\/\/www.europesays.com\/it\/109881\/","title":{"rendered":"L\u2019appartamento d\u2019epoca a Berlino di Melisa Dobri\u0107 e Florian Dobri\u0107-Gerl celebra il loro spirito creativo"},"content":{"rendered":"<p><strong>Questo appartamento d\u2019epoca a Berlino riflette lo stile di vita dinamico e creativo di Melisa Dobri\u0107 e Florian Dobri\u0107-Gerl.<\/strong><\/p>\n<p>\u00abTutto \u00e8 iniziato qui, sul divano\u00bb. Con queste parole <strong>Florian Dobri\u0107-Gerl<\/strong> racconta l\u2019origine di Zwei Dreissiger, il celebre podcast tedesco che da oltre sei anni conduce insieme alla moglie <strong>Melisa Dobri\u0107<\/strong>. Un progetto nato quasi per gioco, ma che in poco tempo \u00e8 diventato una voce riconosciuta della loro generazione, tra riflessioni sulla quotidianit\u00e0, dinamiche di coppia e attualit\u00e0, raccontate sempre con una vena ironica e personale. Per i due, il <a href=\"https:\/\/www.ad-italia.it\/gallery\/tendenze-divano-2025-prodotti-poltrone-novita\/\" rel=\"nofollow noopener\" target=\"_blank\">divano<\/a> non \u00e8 quindi un semplice arredo, ma il punto di partenza di una storia condivisa, che li ha accompagnati nelle sfide e nelle emozioni degli ultimi anni.<\/p>\n<p>Ritratto di Melisa Dobric\u0301 &amp; Florian Dobric\u0301-Gerl<\/p>\n<p>Courtesy Westwing<\/p>\n<p>Non a caso, per una puntata speciale hanno scelto di tornare alle origini, registrando proprio l\u00ec, sul divano color crema LENNON della collezione <a href=\"https:\/\/www.ad-italia.it\/article\/harry-nuriev-westwing-parigi-collaborazione\/\" rel=\"nofollow noopener\" target=\"_blank\">Westwing.<\/a> Un pezzo dal design essenziale che crea un contrasto con la parete attrezzata rossa, animata da libri, accessori e piccoli oggetti che raccontano la loro quotidianit\u00e0, e stampe dalle cromie vivaci. \u00abQui abbiamo riso, qui abbiamo pianto&#8230; Registrare di nuovo a casa nostra ci sembra la cosa giusta da fare\u00bb, confessa Melisa. La coppia vive con il loro figlio in un <a href=\"https:\/\/www.ad-italia.it\/article\/casa-depoca-milano-colori-pastello-arredi-anni-cinquanta\/\" rel=\"nofollow noopener\" target=\"_blank\">appartamento d\u2019epoca<\/a> a <a href=\"https:\/\/www.ad-italia.it\/article\/appartamento-berlino-originale-anni-novanta-yasin-mujdeci-laura-linauskaite\/\" rel=\"nofollow noopener\" target=\"_blank\">Berlino<\/a>, dove arredi dal carattere deciso e accessori colorati creano un\u2019atmosfera dinamica e accogliente. \u00c8 qui, tra queste mura, che Florian e Melisa trovano lo spazio per condividere storie, riflessioni e momenti che parlano di loro e della loro generazione. A <a href=\"https:\/\/www.ad-italia.it\/article\/la-fondatrice-di-westwing-delia-lachance-casa-portogallo\/\" rel=\"nofollow noopener\" target=\"_blank\">Westwing<\/a> (e a noi di AD) hanno aperto le porte della loro casa, condividendo qualche aneddoto personale.<\/p>\n","protected":false},"excerpt":{"rendered":"Questo appartamento d\u2019epoca a Berlino riflette lo stile di vita dinamico e creativo di Melisa Dobri\u0107 e Florian&hellip;\n","protected":false},"author":3,"featured_media":109882,"comment_status":"","ping_status":"","sticky":false,"template":"","format":"standard","meta":{"footnotes":""},"categories":[1446],"tags":[1615,1613,1614,1611,1610,727,1612,203,204,1537,90,89,6135,6124],"class_list":{"0":"post-109881","1":"post","2":"type-post","3":"status-publish","4":"format-standard","5":"has-post-thumbnail","7":"category-arte-e-design","8":"tag-arte","9":"tag-arte-e-design","10":"tag-arteedesign","11":"tag-arts","12":"tag-arts-and-design","13":"tag-case","14":"tag-design","15":"tag-entertainment","16":"tag-intrattenimento","17":"tag-it","18":"tag-italia","19":"tag-italy","20":"tag-textbelowcenterfullbleed","21":"tag-web"},"share_on_mastodon":{"url":"","error":""},"_links":{"self":[{"href":"https:\/\/www.europesays.com\/it\/wp-json\/wp\/v2\/posts\/109881","targetHints":{"allow":["GET"]}}],"collection":[{"href":"https:\/\/www.europesays.com\/it\/wp-json\/wp\/v2\/posts"}],"about":[{"href":"https:\/\/www.europesays.com\/it\/wp-json\/wp\/v2\/types\/post"}],"author":[{"embeddable":true,"href":"https:\/\/www.europesays.com\/it\/wp-json\/wp\/v2\/users\/3"}],"replies":[{"embeddable":true,"href":"https:\/\/www.europesays.com\/it\/wp-json\/wp\/v2\/comments?post=109881"}],"version-history":[{"count":0,"href":"https:\/\/www.europesays.com\/it\/wp-json\/wp\/v2\/posts\/109881\/revisions"}],"wp:featuredmedia":[{"embeddable":true,"href":"https:\/\/www.europesays.com\/it\/wp-json\/wp\/v2\/media\/109882"}],"wp:attachment":[{"href":"https:\/\/www.europesays.com\/it\/wp-json\/wp\/v2\/media?parent=109881"}],"wp:term":[{"taxonomy":"category","embeddable":true,"href":"https:\/\/www.europesays.com\/it\/wp-json\/wp\/v2\/categories?post=109881"},{"taxonomy":"post_tag","embeddable":true,"href":"https:\/\/www.europesays.com\/it\/wp-json\/wp\/v2\/tags?post=109881"}],"curies":[{"name":"wp","href":"https:\/\/api.w.org\/{rel}","templated":true}]}}