{"id":110042,"date":"2025-09-15T15:11:09","date_gmt":"2025-09-15T15:11:09","guid":{"rendered":"https:\/\/www.europesays.com\/it\/110042\/"},"modified":"2025-09-15T15:11:09","modified_gmt":"2025-09-15T15:11:09","slug":"dazi-e-tiktok-nuovo-round-di-negoziati-usa-cina-senza-intesa-stop-al-social-dal-17-settembre-la-repubblica","status":"publish","type":"post","link":"https:\/\/www.europesays.com\/it\/110042\/","title":{"rendered":"Dazi e TikTok, nuovo round di negoziati Usa-Cina: \u201cSenza intesa stop al social dal 17 settembre\u201d &#8211; la Repubblica"},"content":{"rendered":"<ol>\n<li><a href=\"https:\/\/news.google.com\/rss\/articles\/CBMipwFBVV95cUxOOFZjcFVOQUV0SVRCZi1KdUN5NFBlNDRJUFhNNWZXNVFxRnBPSWIwZXdaYzZTVnVWaXB2Rm9IOURNVFIzY2FqR1hKakFaWGJpY1RLYzJvU1VGWlFSZGo2RlpuQmhrY0trUVpMU2wySUxpUW1lSXltMm9HdTF5NzYwY2YyV0xablV1aG9VbTdQYlloVHZKOTBKTmVGYkhTMXBnbzBqMUhadw?oc=5\" target=\"_blank\" rel=\"nofollow noopener\">Dazi e TikTok, nuovo round di negoziati Usa-Cina: \u201cSenza intesa stop al social dal 17 settembre\u201d<\/a>&nbsp;&nbsp;la Repubblica<\/li>\n<li><a href=\"https:\/\/news.google.com\/rss\/articles\/CBMiqAJBVV95cUxNS2kxSGpIV3c1RE5aVkNHM2NISUdHUVFOX0lEWWxfeFlEVlgwM3BIcmJ6M2hSZ3pxZEE5NGhjVS1nSTlaUkR3TEdYdWN2NnZ3el9kV25EalNZZDdBc2VoMENKU0NJRy1vVnB2aUhQUmpWTUhEQXdvOUFVaXFxRFUwRmtpUEJ3NWpGSHg0YjMwbGo1R3NTNFg5UWRoV3NIR21uVmMyUTllSFdON0JYUmQ5ckdCU1BpRU4wQzRtVDhicDhEcHJFeVFEbml6bkhjQ1Zjb05UbWFIeGFjUFVYaGJOWkJIdUZOcG5HeVhNa08zSGk5NlRhMGdSZ2phMVJvR1U0aER0UTlzZFh5cHNWaUhHTERvSzNvSmd1VEc0N2pKRnRjcy1xaGVNMdIBrgJBVV95cUxQNEpObWJwUUFaQ2hQTmdUTEVDVS0zRHdVZDk3a3RNSGh4TkUtdzhqdGl6NVpTWlM1V0dKQVZTZ1N5a3NTNHhlQmpMbHB5c2ZKaDlua0VGam4yemtSZDIxemw3cXBaM1o4QzVqN3I0amNIbUtacl9wczhWRDN0Z0x5eERGNUgwNmpvMmQ5bkpOVGI4VklFVTZRNGluc2xhbEtNZE5zTlJhV1Z2WFp6ZTFFNjhzWk8xdmw3RExlMUFBMnIyQlM0c0JWQnRweU91LTJXNjh5LUNBM2FOMXhLcm1PSnRDUXg1UTcxaElWWXVRVnBvdmRXYVlmcU1CTFY4bHhONjkzRlZ1a0JXbW1qVXd0RnhhUmdhTzVQV0l4RHZaVUd5Uk5vVVc2c1hrdDBidw?oc=5\" target=\"_blank\" rel=\"nofollow noopener\">TikTok, Trump annuncia di avere raggiunto un accordo per salvare l&#8217;app: \u00abI nostri giovani saranno molto felici\u00bb<\/a>&nbsp;&nbsp;Corriere della Sera<\/li>\n<li><a href=\"https:\/\/news.google.com\/rss\/articles\/CBMiwAFBVV95cUxQcnRhWkprX2pELWVPUjNJVUxqbkhTUmdLQkxwRlpMb0pNUWJvbEdxREdPcXNDakdDSlY3Uk5IN0FnbkNacHFCY0RkbUZwS29IT2VPRm5XUS02VldCTUwxVXhyMzg1WUJ4dElTeUYydDVKV3hMYkFIdS0ydDlnOGttVThDX3ZwWExxb3dxajdFZmJpSkEwUmw2Zkd4Zm00eGNhZUxFdE5aM201Z01pRV9TNHBoR1BtMWVYVDBYV1c1b2o?oc=5\" target=\"_blank\" rel=\"nofollow noopener\">Trump: c\u2019\u00e8 accordo con la Cina su TikTok. Bessent: la divisione Usa sar\u00e0 americana<\/a>&nbsp;&nbsp;Il Sole 24 ORE<\/li>\n<li><a href=\"https:\/\/news.google.com\/rss\/articles\/CBMikgFBVV95cUxNZU1UelpPNGliSkYySmFEeGJaT2J3VjJfYjRqT1d0eWlTUTZYNEJWblI5VjR6TU5YZmdRN0x5Q0ZhMUxfZk5LUkdOVUF2VnVHWXJZMFhNZFNUa2NnSGI4THVKZE01RGVKbERESm9DNU42UnRYdzl6Um92MmpPT1dxRlcyRVJyVmhuZmhWVEIzaTBZZ9IBaEFVX3lxTE1USXg1dndmMkRhM2ozZ0xMOHptQkhFYm1yYXJYMGd2NEJCcjQ0dDlSSDBGTElrcXNiMW92QjdwbF9vaS1sN092RXM0VWsxem1ScXNGT0lrRDYwMkQ4NXNTRmtvRTVqNEN6?oc=5\" target=\"_blank\" rel=\"nofollow noopener\">TikTok, c&#8217;\u00e8 un accordo-quadro tra gli Usa e la Cina: la propriet\u00e0 sar\u00e0 americana<\/a>&nbsp;&nbsp;Tgcom24<\/li>\n<li><a href=\"https:\/\/news.google.com\/rss\/articles\/CBMi4gFBVV95cUxPSDFESEdyZWdvM2hQWVotdUdUSFEzM3ZjcHVFbktGVVJuUktKVjhrT3hzMVAya2FtWjhqTlpISWVCN19rMy1kMWViQnVtby13cVNaSFZUT09jVk9vb3FLeW1Jb2psZGRLS2JJWTU4OVI1LTdRSkR0OEc5T1E5V3J6akg5a3hPc294Ykx4V2JiekZTRU94c1ZfNEtVZDJSaWF4N2tDWE1RSTNadTQxMzlTbUhrM0RRbFBLZjh4aWh3LUE1WXpxcGZtT0k4ZnNOM3FqTWtsWGZ0cER0VXlRemticmpn?oc=5\" target=\"_blank\" rel=\"nofollow noopener\">Bessent, nell&#8217;accordo la propriet\u00e0 TikTok sar\u00e0 americana<\/a>&nbsp;&nbsp;ANSA<\/li>\n<\/ol>\n","protected":false},"excerpt":{"rendered":"Dazi e TikTok, nuovo round di negoziati Usa-Cina: \u201cSenza intesa stop al social dal 17 settembre\u201d&nbsp;&nbsp;la Repubblica TikTok,&hellip;\n","protected":false},"author":3,"featured_media":110043,"comment_status":"","ping_status":"","sticky":false,"template":"","format":"standard","meta":{"footnotes":""},"categories":[160],"tags":[14,164,165,166,7,15,11,167,12,168,161,162,163],"class_list":{"0":"post-110042","1":"post","2":"type-post","3":"status-publish","4":"format-standard","5":"has-post-thumbnail","7":"category-mondo","8":"tag-cronaca","9":"tag-dal-mondo","10":"tag-dalmondo","11":"tag-mondo","12":"tag-news","13":"tag-notizie","14":"tag-ultime-notizie","15":"tag-ultime-notizie-di-mondo","16":"tag-ultimenotizie","17":"tag-ultimenotiziedimondo","18":"tag-world","19":"tag-world-news","20":"tag-worldnews"},"share_on_mastodon":{"url":"","error":""},"_links":{"self":[{"href":"https:\/\/www.europesays.com\/it\/wp-json\/wp\/v2\/posts\/110042","targetHints":{"allow":["GET"]}}],"collection":[{"href":"https:\/\/www.europesays.com\/it\/wp-json\/wp\/v2\/posts"}],"about":[{"href":"https:\/\/www.europesays.com\/it\/wp-json\/wp\/v2\/types\/post"}],"author":[{"embeddable":true,"href":"https:\/\/www.europesays.com\/it\/wp-json\/wp\/v2\/users\/3"}],"replies":[{"embeddable":true,"href":"https:\/\/www.europesays.com\/it\/wp-json\/wp\/v2\/comments?post=110042"}],"version-history":[{"count":0,"href":"https:\/\/www.europesays.com\/it\/wp-json\/wp\/v2\/posts\/110042\/revisions"}],"wp:featuredmedia":[{"embeddable":true,"href":"https:\/\/www.europesays.com\/it\/wp-json\/wp\/v2\/media\/110043"}],"wp:attachment":[{"href":"https:\/\/www.europesays.com\/it\/wp-json\/wp\/v2\/media?parent=110042"}],"wp:term":[{"taxonomy":"category","embeddable":true,"href":"https:\/\/www.europesays.com\/it\/wp-json\/wp\/v2\/categories?post=110042"},{"taxonomy":"post_tag","embeddable":true,"href":"https:\/\/www.europesays.com\/it\/wp-json\/wp\/v2\/tags?post=110042"}],"curies":[{"name":"wp","href":"https:\/\/api.w.org\/{rel}","templated":true}]}}