{"id":110078,"date":"2025-09-15T15:33:18","date_gmt":"2025-09-15T15:33:18","guid":{"rendered":"https:\/\/www.europesays.com\/it\/110078\/"},"modified":"2025-09-15T15:33:18","modified_gmt":"2025-09-15T15:33:18","slug":"niculescu-se-perde-conte-colpa-della-rosa-perde-chivu-colpa-sua","status":"publish","type":"post","link":"https:\/\/www.europesays.com\/it\/110078\/","title":{"rendered":"Niculescu: &#8220;Se perde Conte colpa della rosa, perde Chivu colpa sua&#8230;&#8221;"},"content":{"rendered":"<p>Nel suo editoriale per Gazeta Sporturilor, Andrei <strong>Niculescu<\/strong> ha analizzato il difficile inizio di campionato dell&#8217;Inter di Cristian Chivu. &#8220;Per Chivu \u00e8 stato il primo vero esame in Serie A e, purtroppo, l\u2019ha fallito. L\u2019ha fallito nei dettagli, ma, sfortunatamente, ci\u00f2 che conta e rimane nelle statistiche \u00e8 il risultato. La storia della partita verr\u00e0 dimenticata, cos\u00ec come verr\u00e0 dimenticato il fatto che l\u2019Inter abbia pareggiato due volte e sia andata in vantaggio una volta, dimostrando comunque carattere. O che fosse avanti 3-2 quando si entrava appena nell\u2019ultimo quarto d\u2019ora&#8221;.<\/p>\n<p>&#8220;L\u2019inizio di campionato dell\u2019Inter non \u00e8 troppo brillante. Ci sono gi\u00e0 6 punti di distacco dal Napoli, che appare molto solido, e dalla Juve, che sembra stare meglio rispetto alla scorsa stagione, nonostante le incertezze che hanno gravato su Igor Tudor. D\u2019accordo, i campionati non si vincono a settembre, ma a volte si perdono in questo periodo, perch\u00e9 i punti persi possono rivelarsi decisivi. E se la sconfitta con la Juve rientra tra quelle che possono accadere, date le circostanze, l\u2019incidente con l\u2019Udinese, a \u201cSan Siro\u201d, appartiene alla categoria \u201ccos\u00ec no!\u201d.<\/p>\n<p>&#8220;L\u2019Inter non ha perso questa partita a Torino perch\u00e9 ha giocato peggio della Juventus, ma perch\u00e9 ha giocato in modo meno intelligente in momenti chiave. Chivu si trova in una situazione ingrata. E non lo dico solo perch\u00e9, essendo romeno, mi sento vicino a lui e mi piacerebbe che riuscisse ad affermarsi in un calcio piuttosto difficile. Se oggi all\u2019Inter ci fosse stato Conte e la squadra avesse iniziato il campionato nello stesso modo, si sarebbe detto che la colpa era della rosa invecchiata, priva di motivazioni e ancora condizionata dallo stato d\u2019animo alterato da ci\u00f2 che era accaduto a fine stagione scorsa. Essendo Chivu l\u2019allenatore, si parla invece della sua mancanza di esperienza nel gestire uno spogliatoio diventato molto pi\u00f9 esigente rispetto a qualche anno fa&#8221;.<\/p>\n<p class=\"is-copyright\">\u00a9 RIPRODUZIONE RISERVATA<\/p>\n","protected":false},"excerpt":{"rendered":"Nel suo editoriale per Gazeta Sporturilor, Andrei Niculescu ha analizzato il difficile inizio di campionato dell&#8217;Inter di Cristian&hellip;\n","protected":false},"author":3,"featured_media":110079,"comment_status":"","ping_status":"","sticky":false,"template":"","format":"standard","meta":{"footnotes":""},"categories":[176],"tags":[1960,14570,76805,76806,721,1856,23273,2839,483,2905,76807,2790,6927,76808,76809,4754,7091,4876,2606,47892,2267,1976,6990,1302,47069,76804,350,1537,90,89,565,558,4003,15770,248,76810,1290,1292,5569,4519,245,244,577],"class_list":{"0":"post-110078","1":"post","2":"type-post","3":"status-publish","4":"format-standard","5":"has-post-thumbnail","7":"category-sport","8":"tag-allenatore","9":"tag-analizzato","10":"tag-analizzato-difficile","11":"tag-analizzato-difficile-inizio","12":"tag-calcio","13":"tag-campionato","14":"tag-campionato-inter","15":"tag-chivu","16":"tag-cio","17":"tag-colpa","18":"tag-colpa-rosa","19":"tag-conte","20":"tag-difficile","21":"tag-difficile-inizio","22":"tag-difficile-inizio-campionato","23":"tag-domande","24":"tag-entrato","25":"tag-esperienza","26":"tag-facile","27":"tag-fallito","28":"tag-giocato","29":"tag-gol","30":"tag-iniziato","31":"tag-inizio","32":"tag-inizio-campionato","33":"tag-inizio-campionato-inter","34":"tag-inter","35":"tag-it","36":"tag-italia","37":"tag-italy","38":"tag-juve","39":"tag-juventus","40":"tag-momenti","41":"tag-motta","42":"tag-napoli","43":"tag-niculescu","44":"tag-partita","45":"tag-punti","46":"tag-rosa","47":"tag-scorsa","48":"tag-sport","49":"tag-sports","50":"tag-stagione"},"share_on_mastodon":{"url":"","error":""},"_links":{"self":[{"href":"https:\/\/www.europesays.com\/it\/wp-json\/wp\/v2\/posts\/110078","targetHints":{"allow":["GET"]}}],"collection":[{"href":"https:\/\/www.europesays.com\/it\/wp-json\/wp\/v2\/posts"}],"about":[{"href":"https:\/\/www.europesays.com\/it\/wp-json\/wp\/v2\/types\/post"}],"author":[{"embeddable":true,"href":"https:\/\/www.europesays.com\/it\/wp-json\/wp\/v2\/users\/3"}],"replies":[{"embeddable":true,"href":"https:\/\/www.europesays.com\/it\/wp-json\/wp\/v2\/comments?post=110078"}],"version-history":[{"count":0,"href":"https:\/\/www.europesays.com\/it\/wp-json\/wp\/v2\/posts\/110078\/revisions"}],"wp:featuredmedia":[{"embeddable":true,"href":"https:\/\/www.europesays.com\/it\/wp-json\/wp\/v2\/media\/110079"}],"wp:attachment":[{"href":"https:\/\/www.europesays.com\/it\/wp-json\/wp\/v2\/media?parent=110078"}],"wp:term":[{"taxonomy":"category","embeddable":true,"href":"https:\/\/www.europesays.com\/it\/wp-json\/wp\/v2\/categories?post=110078"},{"taxonomy":"post_tag","embeddable":true,"href":"https:\/\/www.europesays.com\/it\/wp-json\/wp\/v2\/tags?post=110078"}],"curies":[{"name":"wp","href":"https:\/\/api.w.org\/{rel}","templated":true}]}}