{"id":110114,"date":"2025-09-15T15:56:25","date_gmt":"2025-09-15T15:56:25","guid":{"rendered":"https:\/\/www.europesays.com\/it\/110114\/"},"modified":"2025-09-15T15:56:25","modified_gmt":"2025-09-15T15:56:25","slug":"wanda-marasco-vince-la-63-edizione-del-premio-campiello","status":"publish","type":"post","link":"https:\/\/www.europesays.com\/it\/110114\/","title":{"rendered":"WANDA MARASCO VINCE LA 63^ EDIZIONE DEL PREMIO CAMPIELLO"},"content":{"rendered":"<p>La scrittrice si \u00e8 aggiudicata il premio con il libro \u201cDi spalle a questo mondo\u201d (Neri Pozza), che ha ottenuto 86 voti sui 282 inviati dalla Giuria dei Trecento Lettori Anonimi.<\/p>\n<p><strong>Wanda Marasco<\/strong>, con il romanzo Di spalle a questo mondo\u00a0(Neri Pozza), <strong>vince<\/strong> la <strong>63^ edizione<\/strong> del <strong>Premio Campiello<\/strong>, concorso di narrativa italiana contemporanea organizzato dalla Fondazione Il Campiello \u2013 Confindustria Veneto. Il <strong>libro vincitore<\/strong>, annunciato questa sera dal palco del Gran Teatro La Fenice, ha ottenuto<strong> 86 voti<\/strong> sui 282 inviati dalla Giuria dei Trecento Lettori Anonimi.<\/p>\n<p>Al secondo posto si \u00e8 classificato <strong>Fabio Stassi<\/strong> con \u201cBebelplatz\u201d (Sellerio) con 83 voti, <strong>Monica Pareschi<\/strong> con \u201cInverness\u201d (Polidoro) con 58 voti, <strong>Alberto Prunetti<\/strong> con \u201cTroncamacchioni\u201d (Giangiacomo Feltrinelli) con 36 voti e <strong>Marco Belpoliti<\/strong> con \u201cNord Nord\u201d (Giulio Einaudi editore) con 19 voti.\u00a0<\/p>\n<p><strong>Wanda Marasco <\/strong>ha dichiarato: \u201cHo molta gioia per questo premio, \u00e8 come se mettessi un chiodo duro e morbido alla mia storia. Dedico questa vittoria a tutto ci\u00f2 che nella vita e in letteratura mi ha consegnato amore e conoscenza.\u201d<\/p>\n<p>La <strong>finale<\/strong>, condotta da <strong>Giorgia Cardinaletti con la partecipazione di Luca Barbarossa e la Social Band<\/strong>, si \u00e8 aperta con i saluti del Presidente della Fondazione Il Campiello e di Confindustria Veneto <strong>Raffaele Boscaini<\/strong>.<\/p>\n<p><strong>Raffaele Boscaini<\/strong>, Presidente della Fondazione Il Campiello e Confindustria Veneto: \u00abIl Premio Campiello \u00e8 nato dalla visione degli industriali del Veneto come forma di restituzione al Paese e alle future generazioni: restituire cultura, valore e identit\u00e0. La cultura \u00e8 ci\u00f2 che ci forma, ci rende pi\u00f9 consapevoli e liberi, ma \u00e8 anche un gesto collettivo che ci unisce come comunit\u00e0 e ci racconta al mondo. In 63 edizioni, il Campiello ha dimostrato di essere un premio che guarda lontano, fondato su radici solide ma in costante evoluzione, capace di aprirsi al nuovo e ai giovani interpretando i cambiamenti della societ\u00e0. Sostenere la cultura oggi significa investire nel futuro del Paese, perch\u00e9 \u00e8 un vero e proprio motore di crescita civile, sociale ed economica, parte integrante di quel Made in Italy che ci rende riconoscibili ovunque. Un ringraziamento sentito va a tutti i nostri partner, il cui sostegno \u00e8 fondamentale per continuare a credere nella cultura come strumento di crescita\u00bb.<\/p>\n<p>La <strong>Giuria dei Trecento Lettori Anonimi<\/strong> della 63^ edizione del Premio Campiello era cos\u00ec composta: 10 casalinghe, 45 imprenditori, 146 lavoratori dipendenti, 44 liberi professionisti e rappresentanti istituzionali, 27 pensionati, 28 studenti.<\/p>\n<p>Durante la <strong>cerimonia <\/strong>sono stati premiati anche i vincitori degli altri riconoscimenti previsti dalla Fondazione Il Campiello: il vincitore della 30^ edizione del <strong>Campiello Giovani<\/strong>, <strong>Giacomo Bonato<\/strong> con il racconto \u201cVerso Oriente\u201d, l\u2019<strong>Opera Prima<\/strong>, assegnata ad <strong>Antonio Galetta<\/strong> con \u201cPiet\u00e0\u201d (Giulio Einaudi editore), il <strong>Campiello Natura \u2013 Premio Venice Gardens Foundation<\/strong>, vinto da <strong>Lauro Marchetti<\/strong> con il libro \u201cMemorie di Ninfa\u201d (Allemandi Editore), il <strong>Premio Fondazione Il Campiello \u2013 riconoscimento alla carriera<\/strong> assegnato a <strong>Laura Pariani<\/strong> e infine le vincitrici delle due categorie in gara nella quarta edizione del <strong>Campiello<\/strong> <strong>Junior, Ilaria Mattioni e Chiara Carminati<\/strong>.<\/p>\n<p>Ha assistito alla <strong>serata<\/strong> un <strong>parterre<\/strong> di circa <strong>1000 invitati<\/strong> tra ospiti istituzionali, rappresentanti del mondo imprenditoriale, della cultura e delle case editrici.<\/p>\n<p><a\/><a>Tra gli ospiti: <strong>Luca Zaia<\/strong> (Presidente della Regione Veneto) e <strong>Luigi Brugnaro<\/strong> (Sindaco di Venezia) e <strong>Roberto Ciambetti<\/strong> (Presidente del Consiglio Regionale del Veneto).<\/a><\/p>\n<p><a>Per il mondo dell\u2019editoria: Antonio Sellerio, Elisabetta Sgarbi (Direttrice Nave di Teseo), Mario Andreose (Presidente Nave di Teseo), Walter Barberis (Presidente Einaudi), Enrico Selva Codd\u00e8 (Vicepresidente Mondadori Libri), Lorenzo Garavaldi (Amministratore Delegato De Agostini Libri), Luciano Vescovi (Presidente Neri Pozza), Andrea Pietro Faltracco (Amministratore Delegato Neri Pozza).<\/a><\/p>\n<p>I <strong>premi <\/strong>consegnati agli autori durante la serata sono stati realizzati da <strong>Salviati<\/strong>, che dal 1859 \u00e8 tra le fornaci di eccellenza che operano nel vetro di Murano.<\/p>\n<p>Le calzature indossate dalle hostess sono realizzate dall\u2019azienda\u00a0<strong>Rossimoda<\/strong>. Il materiale di comunicazione \u00e8 stato prodotto da\u00a0<strong>Grafiche Antiga\u00a0<\/strong>grazie alla creativit\u00e0 di<strong>Studio Lanza<\/strong>. L\u2019omaggio dei cinque libri finalisti \u00e8 stato reso possibile grazie alla collaborazione di <strong>UCIMU<\/strong>, le poltrone sul palco sono di <strong>Magis<\/strong> e il <strong>Consorzio di Tutela di Conegliano e Valdobbiadene Prosecco DOCG<\/strong> ha offerto il prosecco per le cerimonie finali. Si ringraziano, inoltre, <strong>ITV MOVIE<\/strong> per la produzione dello spettacolo e <strong>Q10 Media<\/strong> per la consulenza media. Gli allestimenti sono stati curati da <strong>Printmateria S.r.l.<\/strong><\/p>\n<p>La Cerimonia di Premiazione del Campiello \u00e8 stata trasmessa in diretta su Rai5, in streaming dalla piattaforma di Rai Play e sugli account ufficiali Twitter e Instagram, @PremioCampiello, seguendo l\u2019hashtag #PremioCampiello2025.<\/p>\n<p>Il <strong>Premio Campiello<\/strong>, istituito nel 1962 dagli Industriali del Veneto e giunto quest\u2019anno alla sua sessantaduesima edizione, \u00e8 promosso e gestito dalla Fondazione Il Campiello, composta dalle Associazioni Industriali del Veneto e dalla loro Federazione regionale. \u00c8 uno dei pochi casi di successo in Italia di connessione concreta e strategica tra mondo dell\u2019impresa e della cultura, accreditandosi come una delle pi\u00f9 importanti competizioni letterarie italiane.<\/p>\n<p>La sessantatreesima edizione \u00e8 realizzata grazie al sostegno di Intesa Sanpaolo, Umana, ENI, Pirelli, Edison Energia, Feinar Edo, Enel, Consorzio di Tutela Conegliano Valdobbiadene Prosecco DOCG e con la collaborazione di BDO Advisory Service, Grafiche Antiga, Frecciarossa Treno Ufficiale, Printmateria, Salviati, Larin, Community, Rai, CPM Music Institute di Franco Mussida, Teatro Stabile Veneto. Il Premio si avvale del patrocinio del Ministero degli Affari Esteri e della Cooperazione Internazionale, della Regione Veneto, della Venice Gardens Foundation e il sostegno di Unioncamere del Veneto.<\/p>\n","protected":false},"excerpt":{"rendered":"La scrittrice si \u00e8 aggiudicata il premio con il libro \u201cDi spalle a questo mondo\u201d (Neri Pozza), che&hellip;\n","protected":false},"author":3,"featured_media":110115,"comment_status":"","ping_status":"","sticky":false,"template":"","format":"standard","meta":{"footnotes":""},"categories":[1445],"tags":[1608,203,204,1537,90,89,1609],"class_list":{"0":"post-110114","1":"post","2":"type-post","3":"status-publish","4":"format-standard","5":"has-post-thumbnail","7":"category-libri","8":"tag-books","9":"tag-entertainment","10":"tag-intrattenimento","11":"tag-it","12":"tag-italia","13":"tag-italy","14":"tag-libri"},"share_on_mastodon":{"url":"","error":""},"_links":{"self":[{"href":"https:\/\/www.europesays.com\/it\/wp-json\/wp\/v2\/posts\/110114","targetHints":{"allow":["GET"]}}],"collection":[{"href":"https:\/\/www.europesays.com\/it\/wp-json\/wp\/v2\/posts"}],"about":[{"href":"https:\/\/www.europesays.com\/it\/wp-json\/wp\/v2\/types\/post"}],"author":[{"embeddable":true,"href":"https:\/\/www.europesays.com\/it\/wp-json\/wp\/v2\/users\/3"}],"replies":[{"embeddable":true,"href":"https:\/\/www.europesays.com\/it\/wp-json\/wp\/v2\/comments?post=110114"}],"version-history":[{"count":0,"href":"https:\/\/www.europesays.com\/it\/wp-json\/wp\/v2\/posts\/110114\/revisions"}],"wp:featuredmedia":[{"embeddable":true,"href":"https:\/\/www.europesays.com\/it\/wp-json\/wp\/v2\/media\/110115"}],"wp:attachment":[{"href":"https:\/\/www.europesays.com\/it\/wp-json\/wp\/v2\/media?parent=110114"}],"wp:term":[{"taxonomy":"category","embeddable":true,"href":"https:\/\/www.europesays.com\/it\/wp-json\/wp\/v2\/categories?post=110114"},{"taxonomy":"post_tag","embeddable":true,"href":"https:\/\/www.europesays.com\/it\/wp-json\/wp\/v2\/tags?post=110114"}],"curies":[{"name":"wp","href":"https:\/\/api.w.org\/{rel}","templated":true}]}}