{"id":110309,"date":"2025-09-15T17:55:12","date_gmt":"2025-09-15T17:55:12","guid":{"rendered":"https:\/\/www.europesays.com\/it\/110309\/"},"modified":"2025-09-15T17:55:12","modified_gmt":"2025-09-15T17:55:12","slug":"reggio-emilia-colpito-con-il-taser-muore-in-ospedale-era-stato-fermato-dalla-polizia","status":"publish","type":"post","link":"https:\/\/www.europesays.com\/it\/110309\/","title":{"rendered":"Reggio Emilia, colpito con il taser muore in ospedale: era stato fermato dalla polizia"},"content":{"rendered":"<p>    di<br \/>\n    Adriano Arati<\/p>\n<p class=\"summary-art is-line-h-12\">Claudio Citro, 41 anni, \u00e8 morto dopo essere stato colpito con il taser: avrebbe dato in escandescenze  e gli agenti sarebbero intervenuti usando la pistola elettrica<\/p>\n<p class=\"chapter-paragraph\">Morto in ospedale poche ore dopo essere stato <b>colpito da un taser <\/b>nel tentativo di trattenerlo.<b>\u00a0<\/b>Claudio Citro, 41 anni,\u00a0residente a Reggio Emilia e originario di Salerno, \u00e8 spirato nella mattinata di luned\u00ec 15 settembre all\u2019ospedale Santa Maria Nuova di Reggio Emilia, <b>dove era stato ricoverato verso le 6 al termine di una<\/b> <a href=\"https:\/\/corrieredellaltoadige.corriere.it\/notizie\/cronaca\/25_agosto_22\/morto-dopo-essere-stato-colpito-dal-taser-indagine-archiviata-decesso-causato-dalla-droga-ricorso-alla-corte-europea-dei-diritti-8755962d-cee6-489d-87b2-32256f0bfxlk.shtml\" rel=\"nofollow noopener\" target=\"_blank\">colluttazione con alcuni agenti della Polizia di Stato.<\/a>\u00a0L&#8217;uomo aveva diversi precedenti ed era stato coinvolto negli anni<br \/>scorsi in un&#8217;operazione su fatti di usura ed estorsione.<\/p>\n<p>    Reggio Emilia, colpito dal taser muore in ospedale<\/p>\n<p class=\"chapter-paragraph\">La pattuglia \u00e8 intervenuta alle 5.30 a Massenzatico, <b>una frazione di Reggio Emilia <\/b>a alcuni chilometri dal capoluogo, dove<b> il 41enne camminava agitatissimo, in stato di escandescenza,<\/b> vicino al forno di via Beethoven, la lunga strada che taglia in due l\u2019abitato del paesino. I poliziotti, dopo averlo intercettato, hanno cercato di calmarlo, l\u2019uomo avrebbe reagito con violenza e uno degli agenti avrebbe quindi <b>tirato fuori il taser,<\/b> la pistola a impulsi elettrici, in dotazione, per cercare di frenarlo.\u00a0    &#13;<br \/>\n&#13;<br \/>\n&#13;<br \/>\n&#13;<br \/>\n&#13;<br \/>\n&#13;<br \/>\n&#13;<br \/>\n&#13;<br \/>\n&#13;<br \/>\n&#13;<br \/>\n&#13;<br \/>\n&#13;<br \/>\n&#13;<br \/>\n&#13;<br \/>\n&#13;<br \/>\n&#13;<br \/>\n&#13;<br \/>\n&#13;<br \/>\n&#13;<br \/>\n&#13;<br \/>\n&#13;<br \/>\n&#13;<br \/>\n&#13;<br \/>\n&#13;<br \/>\n&#13;<br \/>\n&#13;<br \/>\n&#13;<br \/>\n&#13;<br \/>\n&#13;<br \/>\n&#13;<br \/>\n&#13;<br \/>\n&#13;<br \/>\n&#13;<br \/>\n&#13;<br \/>\n&#13;<br \/>\n&#13;<br \/>\n&#13;<br \/>\n&#13;<br \/>\n&#13;<br \/>\n&#13;<br \/>\n&#13;<br \/>\n&#13;<br \/>\n&#13;<br \/>\n&#13;<br \/>\n&#13;<br \/>\n&#13;<br \/>\n&#13;<br \/>\n&#13;<br \/>\n&#13;<br \/>\n&#13;<br \/>\n&#13;<br \/>\n&#13;<br \/>\n&#13;\n<\/p>\n<p>    L&#8217;intervento della polizia: il malore dopo l&#8217;uso della pistola elettrica<\/p>\n<p class=\"chapter-paragraph\">Una volta colpito dal taser, <b>l\u2019uomo si \u00e8 sentito male ed \u00e8 crollato al suolo<\/b>. Gli agenti hanno richiesto subito il soccorso medico, a Massenzatico \u00e8 arrivata<b> l\u2019automedica del 118<\/b> assieme ad un\u2019ambulanza. I sanitari hanno cercato di rianimare il 41enne, le cui funzioni vitali erano al minimo, e hanno provveduto al <b>ricovero d\u2019urgenza al pronto soccorso <\/b>dell\u2019ospedale cittadino reggiano. L\u2019uomo \u00e8 morto nella struttura sanitaria pochissimo tempo dopo il ricovero.<\/p>\n<p>    Le indagini della Procura<\/p>\n<p class=\"chapter-paragraph\">\u00c8 impossibile a ora capire cosa sia accaduto, se vi fossero problemi pregressi, se <b>il taser<\/b> abbia provocato la crisi fatale o altri dettagli. La <b>Procura della Repubblica di Reggio Emilia<\/b> ha aperto un fascicolo, come da prassi, e per il momento n\u00e9 la magistratura n\u00e9 i principali dirigenti della questura si sono espressi. Ogni ulteriore informazione, \u00e8 stato fatto sapere, sar\u00e0<b> fornita direttamente dalla magistratura<\/b> nei tempi e nei modi ritenuti opportuni.<\/p>\n<p class=\"chapter-paragraph\">La Procura di Reggio Emilia sta verificando i tempi e le modalit\u00e0 dell&#8217;intervento della pattuglia che \u00e8 venuta a contatto con il 41enne. <b>Una dinamica che sarebbe stata abbastanza complessa, <\/b>in diverse fasi, e si stanno facendo sopralluoghi. Saranno probabilmente disposti esami per verificare se l&#8217;uomo avesse assunto alcol o stupefacenti.<\/p>\n<p>    Il sindacato di polizia Siulp: vicini al collega<\/p>\n<p class=\"chapter-paragraph\">Sulla vicenda interviene il Siulp che esprime \u00abil proprio sostegno e la propria vicinanza al collega che \u00e8 stato coinvolto nel recente intervento di polizia che ha tragicamente portato alla morte di un giovane. Siamo fiduciosi che l&#8217;azione sia stata condotta in<b> pieno rispetto delle procedure e della formazione ricevuta\u00bb.<\/b> Il sindacato ribadisce il proprio sostegno all&#8217;utilizzo del taser come strumento operativo: \u00abSe impiegato correttamente, rappresenta un&#8217;alternativa valida rispetto all&#8217;uso dell&#8217;arma da fuoco in determinate circostanze\u00bb. \u00abConfidiamo nel lavoro della magistratura per fare piena luce sull&#8217;accaduto e siamo certi che la verit\u00e0 emerger\u00e0\u00bb, conclude il sindacato reggiano. <b>Anche da parte del Sim Carabinieri c&#8217;\u00e8 vicinanza al poliziotto coinvolto: <\/b>\u00abIl taser non \u00e8 uno strumento che uccide le persone, anche nel recente caso di Olbia \u00e8 stato dimostrato in sede di autopsia. Auspichiamo che non ci sia il classico atto dovuto e si aspetti prima gli esiti medico legali, per poter fare le giuste valutazioni\u00bb. Usmia Carabinieri esprime \u00abvicinanza agli operatori intervenuti e cordoglio per il decesso dell&#8217;uomo coinvolto. In queste ore sono in corso gli accertamenti coordinati dalla Procura e i rilievi della Polizia Scientifica: \u00e8 dovere di tutti attendere gli esiti ufficiali prima di formulare giudizi\u00bb, dice il segretario generale Alfonso Montalbano.\u00a0<\/p>\n<p>    Avs e Pi\u00f9 Europa: sospendere l&#8217;uso del taser<\/p>\n<p class=\"chapter-paragraph\">Sul fronte politico a farsi sentire chiedendo di fermare subito l&#8217;uso del taser sono invece Avs e Pi\u00f9 Europa. \u00abAncora una vittima del taser, cosa altro deve accadere affinch\u00e9 questo strumento sia sospeso alle forze dell&#8217;ordine che lo hanno in dotazione? Avevamo gi\u00e0 chiesto a Piantedosi un intervento di tutela, <b>torniamo ad insistere, <\/b>e non dica il ministro dell&#8217;Interno che non esistono problemi, perch\u00e9 significherebbe che le morti non sono un problema\u00bb, sottolinea Filiberto Zaratti, capogruppo di Avs nella commissione Affari costituzionali della Camera.\u00a0\u00abUn&#8217;altra scossa di taser, un&#8217;altra \u00abimprescindibile morte durante un&#8217;operazione di polizia?. Dopo i tre casi di questa estate, stavolta succede a Reggio Emilia. Pochi giorni fa, il ministro Piantedosi rispondendo a una mia interrogazione al Question Time, aveva ribadito che si tratta di uno strumento appunto imprescindibile. Probabilmente imprescindibile per morire, perch\u00e9 se tre casi fanno un indizio, il quarto \u00e8 la prova che<b> il taser dovrebbe essere sospes<\/b>o a tutte le forze dell&#8217;ordine che lo hanno in dotazione\u00bb, dichiara il segretario di Pi\u00f9 Europa Riccardo Magi.\u00a0<\/p>\n<p>    Lega: taser strumento utile, sinistra criminalizza<\/p>\n<p class=\"chapter-paragraph\">A Pi\u00f9 Europa e ad Avs replica la vice segretaria della Lega Silvia Sardone.\u00a0\u00abLa sinistra continua a strumentalizzare delle tragedie per fare propaganda criminalizzando il taser, come nell&#8217;ultimo caso di Reggio\u00a0Emilia. Da Avs a Pi\u00f9 Europa chiedono la rimozione di uno<b>\u00a0strumento importantissimo e ritenuto essenziale da uomini e\u00a0donne in divisa. <\/b>Queste persone forse dimenticano che avevano gridato allo scandalo anche nel caso del 57enne morto ad Olbia,\u00a0non per colpa del taser come affermato inizialmente ma per un\u00a0infarto presumibilmente legato all&#8217;assunzione di sostanze\u00a0stupefacenti. La conclusione \u00e8 sempre e solo una: l&#8217;opposizione\u00a0vuole solo alimentare un clima inaccettabile di sfiducia verso\u00a0le forze dell&#8217;ordine\u00bb, <b>scrive in una nota Sardone.\u00a0<\/b><\/p>\n<p class=\"is-mr-t-20 is-mr-b-20\"><b><br \/>\n                    <a href=\"https:\/\/corrieredibologna.corriere.it\/?intcmp=Notizielocali_nd_010623_corriere_ss_bologna\" target=\"_blank\" rel=\"nofollow noopener\">Vai a tutte le notizie di Bologna<\/a><br \/>\n            <\/b><\/p>\n<p class=\"chapter-paragraph\"><b><a href=\"https:\/\/www.corriere.it\/newsletter\/?theme=38&amp;intcmp=NL-artic_nd_050624_corriere_ss_bologna\" target=\"_blank\" rel=\"nofollow noopener\">Iscriviti alla newsletter del Corriere di Bologna<\/a><\/b><\/p>\n<p class=\"is-last-update\" datetime=\"2025-09-15T19:43:39+02:00\">15 settembre 2025 ( modifica il 15 settembre 2025 | 19:43)<\/p>\n<p class=\"is-copyright\">\n            \u00a9 RIPRODUZIONE RISERVATA\n        <\/p>\n","protected":false},"excerpt":{"rendered":"di Adriano Arati Claudio Citro, 41 anni, \u00e8 morto dopo essere stato colpito con il taser: avrebbe dato&hellip;\n","protected":false},"author":3,"featured_media":110310,"comment_status":"","ping_status":"","sticky":false,"template":"","format":"standard","meta":{"footnotes":""},"categories":[6],"tags":[500,3534,2537,23660,76941,3905,1045,1330,76945,4123,76946,17518,16187,433,76940,76947,14,76942,27010,7109,76948,76949,66512,34189,3085,769,2688,76950,8,76943,327,76951,39843,1537,90,89,109,56,76952,452,964,300,13293,76953,1354,7,15,82,9,83,10,8685,811,6183,76954,812,39344,29773,10301,531,282,7124,22326,903,6566,44930,76944,13,11,80,84,12,81,85,2129,47756],"class_list":{"0":"post-110309","1":"post","2":"type-post","3":"status-publish","4":"format-standard","5":"has-post-thumbnail","7":"category-ultime-notizie","8":"tag-accaduto","9":"tag-agenti","10":"tag-altra","11":"tag-avs","12":"tag-avs-europa","13":"tag-carabinieri","14":"tag-casi","15":"tag-cercato","16":"tag-citro","17":"tag-claudio","18":"tag-claudio-citro","19":"tag-coinvolto","20":"tag-collega","21":"tag-colpito","22":"tag-colpito-taser","23":"tag-colpito-taser-muore","24":"tag-cronaca","25":"tag-dotazione","26":"tag-elettrica","27":"tag-emilia","28":"tag-emilia-colpito","29":"tag-emilia-colpito-taser","30":"tag-esiti","31":"tag-esprime","32":"tag-europa","33":"tag-forze","34":"tag-forze-ordine","35":"tag-forze-ordine-dotazione","36":"tag-headlines","37":"tag-imprescindibile","38":"tag-intervento","39":"tag-intervento-polizia","40":"tag-intervenuti","41":"tag-it","42":"tag-italia","43":"tag-italy","44":"tag-lega","45":"tag-magistratura","46":"tag-massenzatico","47":"tag-medico","48":"tag-morte","49":"tag-morto","50":"tag-muore","51":"tag-muore-ospedale","52":"tag-ne","53":"tag-news","54":"tag-notizie","55":"tag-notizie-di-cronaca","56":"tag-notizie-principali","57":"tag-notiziedicronaca","58":"tag-notizieprincipali","59":"tag-olbia","60":"tag-operazione","61":"tag-ordine","62":"tag-ordine-dotazione","63":"tag-ospedale","64":"tag-pattuglia","65":"tag-piantedosi","66":"tag-pistola","67":"tag-polizia","68":"tag-procura","69":"tag-reggio","70":"tag-reggio-emilia","71":"tag-sindacato","72":"tag-strumento","73":"tag-taser","74":"tag-taser-strumento","75":"tag-titoli","76":"tag-ultime-notizie","77":"tag-ultime-notizie-di-cronaca","78":"tag-ultime-notizie-e-news-di-oggi","79":"tag-ultimenotizie","80":"tag-ultimenotiziedicronaca","81":"tag-ultimenotizieenewsdioggi","82":"tag-uso","83":"tag-vicinanza"},"share_on_mastodon":{"url":"","error":""},"_links":{"self":[{"href":"https:\/\/www.europesays.com\/it\/wp-json\/wp\/v2\/posts\/110309","targetHints":{"allow":["GET"]}}],"collection":[{"href":"https:\/\/www.europesays.com\/it\/wp-json\/wp\/v2\/posts"}],"about":[{"href":"https:\/\/www.europesays.com\/it\/wp-json\/wp\/v2\/types\/post"}],"author":[{"embeddable":true,"href":"https:\/\/www.europesays.com\/it\/wp-json\/wp\/v2\/users\/3"}],"replies":[{"embeddable":true,"href":"https:\/\/www.europesays.com\/it\/wp-json\/wp\/v2\/comments?post=110309"}],"version-history":[{"count":0,"href":"https:\/\/www.europesays.com\/it\/wp-json\/wp\/v2\/posts\/110309\/revisions"}],"wp:featuredmedia":[{"embeddable":true,"href":"https:\/\/www.europesays.com\/it\/wp-json\/wp\/v2\/media\/110310"}],"wp:attachment":[{"href":"https:\/\/www.europesays.com\/it\/wp-json\/wp\/v2\/media?parent=110309"}],"wp:term":[{"taxonomy":"category","embeddable":true,"href":"https:\/\/www.europesays.com\/it\/wp-json\/wp\/v2\/categories?post=110309"},{"taxonomy":"post_tag","embeddable":true,"href":"https:\/\/www.europesays.com\/it\/wp-json\/wp\/v2\/tags?post=110309"}],"curies":[{"name":"wp","href":"https:\/\/api.w.org\/{rel}","templated":true}]}}