{"id":111021,"date":"2025-09-16T02:41:12","date_gmt":"2025-09-16T02:41:12","guid":{"rendered":"https:\/\/www.europesays.com\/it\/111021\/"},"modified":"2025-09-16T02:41:12","modified_gmt":"2025-09-16T02:41:12","slug":"fcin1908-inter-si-studiano-gia-portieri-per-la-prossima-stagione-ecco-chi-ce-tra-i-preferiti","status":"publish","type":"post","link":"https:\/\/www.europesays.com\/it\/111021\/","title":{"rendered":"FCIN1908 \/ Inter, si studiano gi\u00e0 portieri per la prossima stagione: ecco chi c\u2019\u00e8 tra i preferiti"},"content":{"rendered":"<p>L&#8217;Inter sta valutando diversi profili per la porta in vista della prossima stagione: il contratto di Sommer scade a giugno 2026<\/p>\n<p>Yann <a href=\"https:\/\/www.fcinter1908.it\/ultimora\/pistocchi-sommer-critiche-senza-rispetto\/\" rel=\"nofollow noopener\" target=\"_blank\">Sommer<\/a> \u00e8 finito nel mirino della critica per la prestazione non sufficiente contro la Juventus. Il portiere svizzero \u00e8 stato protagonista in negativo e il suo errore grave sul tentativo di Adzic ha permesso alla Juventus di completare la rimonta e di vincere il derby d&#8217;Italia.<\/p>\n<p><a href=\"https:\/\/www.fcinter1908.it\/ultimora\/pistocchi-sommer-critiche-senza-rispetto\/\" rel=\"nofollow noopener\" target=\"_blank\">Sommer<\/a> ha un contratto in\u00a0 scadenza nel 2026 e non sembrano esserci segnali per un rinnovo, tanto che la sua parentesi all&#8217;Inter potrebbe e dovrebbe chiudersi a giugno 2026.<\/p>\n<p>Secondo quanto appurato da Fcinter1908.it, l&#8217;Inter sta gi\u00e0 monitorando alcuni portieri per la prossima stagione, in attesa poi di capire se Chivu dar\u00e0 pi\u00f9 chance a Josep Martinez, prelevato un anno fa dal Genoa e praticamente mai impiegato da Inzaghi.<\/p>\n<p class=\"is-copyright\">\u00a9 RIPRODUZIONE RISERVATA<\/p>\n","protected":false},"excerpt":{"rendered":"L&#8217;Inter sta valutando diversi profili per la porta in vista della prossima stagione: il contratto di Sommer scade&hellip;\n","protected":false},"author":3,"featured_media":1530,"comment_status":"","ping_status":"","sticky":false,"template":"","format":"standard","meta":{"footnotes":""},"categories":[1452],"tags":[721,6693,1740,1148,350,1537,90,89,558,8159,35591,1739,33586,245,244,577],"class_list":{"0":"post-111021","1":"post","2":"type-post","3":"status-publish","4":"format-standard","5":"has-post-thumbnail","7":"category-calcio","8":"tag-calcio","9":"tag-contratto","10":"tag-football","11":"tag-giugno","12":"tag-inter","13":"tag-it","14":"tag-italia","15":"tag-italy","16":"tag-juventus","17":"tag-prossima","18":"tag-prossima-stagione","19":"tag-soccer","20":"tag-sommer","21":"tag-sport","22":"tag-sports","23":"tag-stagione"},"share_on_mastodon":{"url":"","error":""},"_links":{"self":[{"href":"https:\/\/www.europesays.com\/it\/wp-json\/wp\/v2\/posts\/111021","targetHints":{"allow":["GET"]}}],"collection":[{"href":"https:\/\/www.europesays.com\/it\/wp-json\/wp\/v2\/posts"}],"about":[{"href":"https:\/\/www.europesays.com\/it\/wp-json\/wp\/v2\/types\/post"}],"author":[{"embeddable":true,"href":"https:\/\/www.europesays.com\/it\/wp-json\/wp\/v2\/users\/3"}],"replies":[{"embeddable":true,"href":"https:\/\/www.europesays.com\/it\/wp-json\/wp\/v2\/comments?post=111021"}],"version-history":[{"count":0,"href":"https:\/\/www.europesays.com\/it\/wp-json\/wp\/v2\/posts\/111021\/revisions"}],"wp:featuredmedia":[{"embeddable":true,"href":"https:\/\/www.europesays.com\/it\/wp-json\/wp\/v2\/media\/1530"}],"wp:attachment":[{"href":"https:\/\/www.europesays.com\/it\/wp-json\/wp\/v2\/media?parent=111021"}],"wp:term":[{"taxonomy":"category","embeddable":true,"href":"https:\/\/www.europesays.com\/it\/wp-json\/wp\/v2\/categories?post=111021"},{"taxonomy":"post_tag","embeddable":true,"href":"https:\/\/www.europesays.com\/it\/wp-json\/wp\/v2\/tags?post=111021"}],"curies":[{"name":"wp","href":"https:\/\/api.w.org\/{rel}","templated":true}]}}