{"id":111262,"date":"2025-09-16T06:04:08","date_gmt":"2025-09-16T06:04:08","guid":{"rendered":"https:\/\/www.europesays.com\/it\/111262\/"},"modified":"2025-09-16T06:04:08","modified_gmt":"2025-09-16T06:04:08","slug":"il-ping-pong-di-valerio-3-lestate-hard-di-lucia-4-rosario-incoronato-7-denise-e-i-punti-sulle-i-65-amore-cercasi-0","status":"publish","type":"post","link":"https:\/\/www.europesays.com\/it\/111262\/","title":{"rendered":"il ping pong di Valerio (3), l&#8217;estate hard di Lucia (4), Rosario incoronato (7), Denise e i punti sulle i (6,5), amore cercasi (0)"},"content":{"rendered":"<p>Tre coppie, tre storie diverse, zero relazioni sopravvissuti a <a href=\"https:\/\/www.ilmessaggero.it\/t\/temptation-island\" rel=\"nofollow noopener\" target=\"_blank\">Temptation Island<\/a>. La prima puntata dello speciale &#8220;E poi&#8230;e poi&#8230;&#8221; si \u00e8 chiusa, mentre la prossima andr\u00e0 in onda luned\u00ec 22 settembre. Se vi fossero mancati i protagonisti dell&#8217;ultima stagione del reality, abbiamo scoperto attraverso i loro racconti cosa c&#8217;\u00e8 di vero nel gossip che circolava sul loro conto. Hanno incontrato <a href=\"https:\/\/www.ilmessaggero.it\/t\/filippo-bisciglia\" rel=\"nofollow noopener\" target=\"_blank\">Filippo Bisciglia<\/a> Valerio, Sarah e la tentatrice Ary, Denise e Marco, Lucia e Rosario. Vediamo cosa \u00e8 successo.<\/p>\n<p><a class=\"link_item\" data-linked_from=\"null\" href=\"https:\/\/www.ilmessaggero.it\/schede\/temptation_island_rosario_uomini_e_donne_lucia_valerio_ary_sarah_marco_denise_cosa_e_successo_alle_coppie_e_poi_e_poi_ultime_notizie-9069581.html\" rel=\"nofollow noopener\" target=\"_blank\"> Rivedi quello che \u00e8 successo<\/a><\/p>\n","protected":false},"excerpt":{"rendered":"Tre coppie, tre storie diverse, zero relazioni sopravvissuti a Temptation Island. La prima puntata dello speciale &#8220;E poi&#8230;e&hellip;\n","protected":false},"author":3,"featured_media":111263,"comment_status":"","ping_status":"","sticky":false,"template":"","format":"standard","meta":{"footnotes":""},"categories":[6],"tags":[10451,14,21492,5849,8,1537,90,89,19880,4047,7,15,82,9,83,10,19882,6674,1673,5850,77326,13,11,80,84,12,81,85,9240,8214],"class_list":{"0":"post-111262","1":"post","2":"type-post","3":"status-publish","4":"format-standard","5":"has-post-thumbnail","7":"category-ultime-notizie","8":"tag-ary","9":"tag-cronaca","10":"tag-denise","11":"tag-filippo-bisciglia","12":"tag-headlines","13":"tag-it","14":"tag-italia","15":"tag-italy","16":"tag-lucia","17":"tag-marco","18":"tag-news","19":"tag-notizie","20":"tag-notizie-di-cronaca","21":"tag-notizie-principali","22":"tag-notiziedicronaca","23":"tag-notizieprincipali","24":"tag-rosario","25":"tag-sarah","26":"tag-temptation-island","27":"tag-temptation-island-2025","28":"tag-temptation-island-e-poi-e-poi","29":"tag-titoli","30":"tag-ultime-notizie","31":"tag-ultime-notizie-di-cronaca","32":"tag-ultime-notizie-e-news-di-oggi","33":"tag-ultimenotizie","34":"tag-ultimenotiziedicronaca","35":"tag-ultimenotizieenewsdioggi","36":"tag-uomini-e-donne","37":"tag-valerio"},"share_on_mastodon":{"url":"","error":""},"_links":{"self":[{"href":"https:\/\/www.europesays.com\/it\/wp-json\/wp\/v2\/posts\/111262","targetHints":{"allow":["GET"]}}],"collection":[{"href":"https:\/\/www.europesays.com\/it\/wp-json\/wp\/v2\/posts"}],"about":[{"href":"https:\/\/www.europesays.com\/it\/wp-json\/wp\/v2\/types\/post"}],"author":[{"embeddable":true,"href":"https:\/\/www.europesays.com\/it\/wp-json\/wp\/v2\/users\/3"}],"replies":[{"embeddable":true,"href":"https:\/\/www.europesays.com\/it\/wp-json\/wp\/v2\/comments?post=111262"}],"version-history":[{"count":0,"href":"https:\/\/www.europesays.com\/it\/wp-json\/wp\/v2\/posts\/111262\/revisions"}],"wp:featuredmedia":[{"embeddable":true,"href":"https:\/\/www.europesays.com\/it\/wp-json\/wp\/v2\/media\/111263"}],"wp:attachment":[{"href":"https:\/\/www.europesays.com\/it\/wp-json\/wp\/v2\/media?parent=111262"}],"wp:term":[{"taxonomy":"category","embeddable":true,"href":"https:\/\/www.europesays.com\/it\/wp-json\/wp\/v2\/categories?post=111262"},{"taxonomy":"post_tag","embeddable":true,"href":"https:\/\/www.europesays.com\/it\/wp-json\/wp\/v2\/tags?post=111262"}],"curies":[{"name":"wp","href":"https:\/\/api.w.org\/{rel}","templated":true}]}}