{"id":111274,"date":"2025-09-16T06:12:13","date_gmt":"2025-09-16T06:12:13","guid":{"rendered":"https:\/\/www.europesays.com\/it\/111274\/"},"modified":"2025-09-16T06:12:13","modified_gmt":"2025-09-16T06:12:13","slug":"coppa-davis-grande-rimonta-della-spagna-sulla-danimarca-e-finals-raggiunte","status":"publish","type":"post","link":"https:\/\/www.europesays.com\/it\/111274\/","title":{"rendered":"Coppa Davis: grande rimonta della Spagna sulla Danimarca e Finals raggiunte"},"content":{"rendered":"<p>                                Privi del numero uno al mondo, gli spagnoli guidati da Carreno Busta compiono l&#8217;impresa. Miracolo Belgio in Australia<\/p>\n<p>\n                                                    Luigi Ansaloni\n                            <\/p>\n<p>                    14 settembre &#8211; 21:37  &#8211; MILANO<\/p>\n<p class=\"paragraph\" spellcheck=\"true\">Ci sar\u00e0 anche la Spagna a Bologna, nella Final 8 della Coppa Davis, e dunque una sfida tra Jannik Sinner e Carlos Alcaraz anche per portarsi a casa l\u2019Insalatiera \u00e8 possibile. Per gli iberici \u00e8 stato tutto fuorch\u00e9 semplice contro la Danimarca, con gli scandinavi avanti per 2-0 fino a questa mattina e con Holger Rune che ha sprecato un match point in un incontro infuocato contro Pedro Martinez, conclusosi con la mancata stretta di mano all\u2019arbitro del danese e con uno scontro con il pubblico di Marbella.  Dunque, alla fine, sono Belgio, Repubblica Ceca e Spagna le ultime tre squadre che si sono assicurate un posto a Bologna, insieme all\u2019Italia detentrice del titolo, Argentina, Austria, Francia e Germania. Il sorteggio per la Final 8 di Coppa Davis si terr\u00e0 in piazza Maggiore, nel capoluogo emiliano, mercoled\u00ec 17 settembre alle 12 e  sar\u00e0 trasmesso in diretta streaming su Daviscup.com. Certo, non sono mancate le sorprese, visto che super potenze come Australia e Stati Uniti sono state eliminate, ed entrambe in casa.<\/p>\n<p>    impresa belgio\u2014 \u00a0<\/p>\n<p class=\"paragraph is-inline\" spellcheck=\"true\">Raphael Collignon \u00e8 stato l&#8217;eroe del Belgio, che ha resistito alla rimonta australiana sconfiggendo Aleksandar Vukic per 6-7(5) 6-2 6-3. Nel doppio Rinky Hijikata e Jordan Thompson hanno sconfitto Sander Gille e Joran Vliegen per 6-7(7) 6-3 6-4, prima che Alex de Minaur battesse Zizou Bergs per 6-2 7-5, riportando l&#8217;Australia a una sola vittoria dalla sua prima rimonta per 0-2 dal 2015, ma Collignon ha consegnato la storica qualificazione al Belgio.     La Repubblica Ceca era in parit\u00e0 sull&#8217;1-1 con gli Stati Uniti. Austin Krajicek e Rajeev Ram hanno sconfitto Tomas Machac e Jakub Mensik per 7-6(6) 5-7 6-4, portando gli Usa in vantaggio per 2-1, ma Jiri Lehecka ha battuto a sorpresa Taylor Fritz per 6-4 3-6 6-4 e Mensik ha superato Frances Tiafoe per 6-1 6-4, portando la loro nazione alla vittoria per 3-2.<\/p>\n<p>    spagna con il brivido\u2014 \u00a0<\/p>\n<p class=\"paragraph is-inline\" spellcheck=\"true\">In Spagna \u00e8 successo di tutto. La squadra di David Ferrer ha sconfitto la Danimarca per 3-2 a Marbella, completando la sua prima rimonta vincente da uno svantaggio di 0-2 in Coppa Davis. Pedro Martinez e Jaume Munar hanno sconfitto August Holmgren e Johannes Ingildsen per 1-6 6-3 6-2, prima che Martinez battesse Holger Rune per 6-1 4-6 7-6(3), salvando un match point, con il danese in preda non solo al nervosismo ma anche con problemi fisici. \u201cIl pubblico di Barcellona \u00e8 stato pi\u00f9 rispettoso \u2013 ha detto il 22enne a fine partita -. Non ho stretto la mano all\u2019arbitro perch\u00e9 non ha fatto un buon lavoro\u201d.\u00a0 A regalare Bologna alle furie rosse \u00e8 stato Pablo Carreno Busta, che ha chiuso la partita superando Elmer Moeller per 6-2 6-3.     Questo risultato significa che la Spagna \u00e8 stata l&#8217;unica nazionale di casa ad aver vinto il suo incontro del secondo turno di qualificazione tra i sette disputati questa settimana.<\/p>\n<p class=\"is-copyright\">\u00a9 RIPRODUZIONE RISERVATA<\/p>\n","protected":false},"excerpt":{"rendered":"Privi del numero uno al mondo, gli spagnoli guidati da Carreno Busta compiono l&#8217;impresa. Miracolo Belgio in Australia&hellip;\n","protected":false},"author":3,"featured_media":111275,"comment_status":"","ping_status":"","sticky":false,"template":"","format":"standard","meta":{"footnotes":""},"categories":[1457],"tags":[1265,13146,3631,77328,291,77329,77330,586,32060,77331,77332,3668,77333,4297,24184,2236,18320,9849,73881,77334,77335,19863,19653,3264,399,1537,90,89,962,77336,31835,35788,16310,61656,6059,245,244,1273],"class_list":{"0":"post-111274","1":"post","2":"type-post","3":"status-publish","4":"format-standard","5":"has-post-thumbnail","7":"category-tennis","8":"tag-alcaraz","9":"tag-arbitro","10":"tag-australia","11":"tag-battesse","12":"tag-belgio","13":"tag-belgio-repubblica","14":"tag-belgio-repubblica-ceca","15":"tag-bologna","16":"tag-busta","17":"tag-carreno","18":"tag-carreno-busta","19":"tag-ceca","20":"tag-collignon","21":"tag-coppa","22":"tag-coppa-davis","23":"tag-danese","24":"tag-danimarca","25":"tag-davis","26":"tag-final","27":"tag-final-coppa","28":"tag-final-coppa-davis","29":"tag-holger","30":"tag-holger-rune","31":"tag-impresa","32":"tag-incontro","33":"tag-it","34":"tag-italia","35":"tag-italy","36":"tag-mano","37":"tag-mano-arbitro","38":"tag-marbella","39":"tag-martinez","40":"tag-rimonta","41":"tag-sconfitto","42":"tag-spagna","43":"tag-sport","44":"tag-sports","45":"tag-tennis"},"share_on_mastodon":{"url":"","error":""},"_links":{"self":[{"href":"https:\/\/www.europesays.com\/it\/wp-json\/wp\/v2\/posts\/111274","targetHints":{"allow":["GET"]}}],"collection":[{"href":"https:\/\/www.europesays.com\/it\/wp-json\/wp\/v2\/posts"}],"about":[{"href":"https:\/\/www.europesays.com\/it\/wp-json\/wp\/v2\/types\/post"}],"author":[{"embeddable":true,"href":"https:\/\/www.europesays.com\/it\/wp-json\/wp\/v2\/users\/3"}],"replies":[{"embeddable":true,"href":"https:\/\/www.europesays.com\/it\/wp-json\/wp\/v2\/comments?post=111274"}],"version-history":[{"count":0,"href":"https:\/\/www.europesays.com\/it\/wp-json\/wp\/v2\/posts\/111274\/revisions"}],"wp:featuredmedia":[{"embeddable":true,"href":"https:\/\/www.europesays.com\/it\/wp-json\/wp\/v2\/media\/111275"}],"wp:attachment":[{"href":"https:\/\/www.europesays.com\/it\/wp-json\/wp\/v2\/media?parent=111274"}],"wp:term":[{"taxonomy":"category","embeddable":true,"href":"https:\/\/www.europesays.com\/it\/wp-json\/wp\/v2\/categories?post=111274"},{"taxonomy":"post_tag","embeddable":true,"href":"https:\/\/www.europesays.com\/it\/wp-json\/wp\/v2\/tags?post=111274"}],"curies":[{"name":"wp","href":"https:\/\/api.w.org\/{rel}","templated":true}]}}