{"id":111525,"date":"2025-09-16T09:11:15","date_gmt":"2025-09-16T09:11:15","guid":{"rendered":"https:\/\/www.europesays.com\/it\/111525\/"},"modified":"2025-09-16T09:11:15","modified_gmt":"2025-09-16T09:11:15","slug":"dagli-accordi-di-abramo-al-gelo-arabo-a-doha-la-linea-rossa-violata-da-netanyahu","status":"publish","type":"post","link":"https:\/\/www.europesays.com\/it\/111525\/","title":{"rendered":"Dagli Accordi di Abramo al gelo arabo a Doha: la linea rossa violata da Netanyahu"},"content":{"rendered":"<p>    di<br \/>\n    Federico Rampini<\/p>\n<p class=\"summary-art is-line-h-12\">Pi\u00f9 di Gaza, nel passo indietro nelle relazioni con Israele pesa il raid in Qatar, ma non ci sono state ritorsioni concrete e l&#8217;idea di una Nato araba non ha fatto passi avanti<\/p>\n<p class=\"chapter-paragraph\">Pi\u00f9 di Gaza pesa il Qatar. <b>Nel mondo arabo Israele perde ulteriori consensi<\/b> e accentua il suo isolamento. La tragedia umanitaria del popolo palestinese per\u00f2 non \u00e8 cos\u00ec determinante, nelle ultime condanne dei Paesi arabi verso le azioni di Benjamin Netanyahu.\u00a0<\/p>\n<p class=\"chapter-paragraph\"><b>A provocare un vertice di emergenza tra gli Stati membri della Lega araba<\/b> e dell\u2019Organizzazione della Cooperazione Islamica \u00e8 stato<a href=\"https:\/\/www.corriere.it\/esteri\/25_settembre_09\/israele-attacca-anche-il-qatar-i-vertici-di-hamas-nel-mirino-d0dd9e82-be7a-4334-878d-8292d6ba3xlk.shtml\" title=\"Israele attacca anche il Qatar: giallo sulla sorte dei vertici di Hamas nel mirino. Doha: violato il diritto internazionale, atto codardo\" rel=\"nofollow noopener\" target=\"_blank\"> il raid israeliano su Doha,<\/a> in cui sono morti alcuni esponenti di Hamas residenti in Qatar (ma non i massimi leader politici). <b>\u00c8 come se quell\u2019attacco a uno Stato sovrano del Golfo abbia violato una \u00ablinea rossa\u00bb<\/b>, spingendo i Paesi dell\u2019area a superare antiche fratture e diffidenze reciproche.\u00a0    &#13;<br \/>\n&#13;<br \/>\n&#13;<br \/>\n&#13;<br \/>\n&#13;<br \/>\n&#13;<br \/>\n&#13;<br \/>\n&#13;<br \/>\n&#13;<br \/>\n&#13;<br \/>\n&#13;<br \/>\n&#13;<br \/>\n&#13;<br \/>\n&#13;<br \/>\n&#13;<br \/>\n&#13;<br \/>\n&#13;<br \/>\n&#13;<br \/>\n&#13;<br \/>\n&#13;<br \/>\n&#13;<br \/>\n&#13;<br \/>\n&#13;<br \/>\n&#13;<br \/>\n&#13;<br \/>\n&#13;<br \/>\n&#13;<br \/>\n&#13;<br \/>\n&#13;<br \/>\n&#13;<br \/>\n&#13;<br \/>\n&#13;<br \/>\n&#13;<br \/>\n&#13;<br \/>\n&#13;<br \/>\n&#13;<br \/>\n&#13;<br \/>\n&#13;<br \/>\n&#13;<br \/>\n&#13;<br \/>\n&#13;<br \/>\n&#13;<br \/>\n&#13;<br \/>\n&#13;<br \/>\n&#13;<br \/>\n&#13;<br \/>\n&#13;<br \/>\n&#13;<br \/>\n&#13;<br \/>\n&#13;<br \/>\n&#13;<br \/>\n&#13;<br \/>\n&#13;\n<\/p>\n<p class=\"chapter-paragraph\">Dal summit convocato con urgenza nella stessa Doha i qatarini hanno <b>incassato una vasta solidariet\u00e0<\/b>, insieme con dure condanne nei confronti di Netanyahu. <b>\u00c8 perfino tornata ad affacciarsi un\u2019antica idea: la creazione di una sorta di Nato araba,<\/b> per organizzare la difesa comune degli Stati membri.\u00a0<\/p>\n<p class=\"chapter-paragraph\">Un balzo all\u2019indietro verso logiche di schieramento che ricordano le guerre arabo-israeliane del 1967 o del 1973. Se nei tempi recenti un\u2019alleanza militare fra nazioni sunnite sarebbe stata diretta soprattutto alla difesa contro l\u2019Iran, adesso<b> a resuscitare il progetto \u00e8 il comportamento di Israele<\/b> da nuovo egemone del Medio Oriente, la percezione che la sua superiorit\u00e0 bellica lo stia trasformando in un pericolo.\u00a0<\/p>\n<p class=\"chapter-paragraph\">La<b> logica di una Nato araba<\/b> \u00e8 anche quella di <b>sostituire l\u2019America<\/b>, visto che Washington non ha risparmiato dall\u2019attacco israeliano un Paese amico e alleato, il Qatar, dove esiste la pi\u00f9 grossa base militare Usa del Golfo.\u00a0<\/p>\n<p class=\"chapter-paragraph\"><b>In termini geopolitici il danno \u00e8 serio.<\/b> Le azioni di Netanyahu, oltre a valergli un evidente isolamento in Europa, portano indietro le lancette del tempo in Medio Oriente: dove negli ultimi anni una svolta storica si era verificata con gli <a href=\"https:\/\/www.corriere.it\/esteri\/20_settembre_15\/accordi-abramo-un-intesa-destinata-durare-cambiare-medio-oriente-9fb0e298-f78c-11ea-93fd-0a842553a1d8.shtml\" title=\"https:\/\/www.corriere.it\/esteri\/20_settembre_15\/accordi-abramo-un-intesa-destinata-durare-cambiare-medio-oriente-9fb0e298-f78c-11ea-93fd-0a842553a1d8.shtml\" rel=\"nofollow noopener\" target=\"_blank\">Accordi di Abramo (2020)<\/a>. Il retroterra di quegli Accordi, che rimangono il <b>principale successo di politica estera della prima amministrazione Trump<\/b>, era stata la nuova strategia dell\u2019Arabia Saudita.\u00a0<\/p>\n<p class=\"chapter-paragraph\"><b>Il principe Mohammed bin Salman (MbS) aveva imposto a Riad una nuova visione del mondo:<\/b> Israele non era pi\u00f9 un nemico bens\u00ec un modello economico e tecnologico da emulare. I sauditi avevano favorito la normalizzazione con Tel Aviv da parte di Bahrain, Emirati, Marocco e Sudan. Era il preludio al colpo grosso, il formale riconoscimento fra il Regno saudita e Israele. <b>La strage perpetrata da Hamas il 7 ottobre 2023 con il sostegno dell\u2019Iran aveva fra i suoi obiettivi di sabotare l\u2019abbraccio fra Israele e il Regno custode dei luoghi sacri dell\u2019Islam.<\/b> In parte le azioni di Netanyahu hanno <b>attuato le previsioni di Teheran e di Hamas<\/b>. Da anni non si sentivano da parte di leader sunniti moderato-conservatori delle parole cos\u00ec dure nei confronti di Tel Aviv. Il vertice di Doha per\u00f2 non ha soddisfatto tutte le aspettative dei padroni di casa. La condanna dell\u2019attacco israeliano contro il Qatar non \u00e8 stata seguita da ritorsioni concrete.\u00a0<\/p>\n<p class=\"chapter-paragraph\"><b>Non \u00e8 stata messa all\u2019ordine del giorno la revoca degli Accordi di Abramo.<\/b> In quanto <a href=\"https:\/\/www.corriere.it\/il-punto\/prima-ora\/25_settembre_16\/l-assalto-finale-a-gaza.shtml\" rel=\"nofollow noopener\" target=\"_blank\">a Gaza, continuano dal mondo arabo gli appelli alla comunit\u00e0 internazionale perch\u00e9 fermi l\u2019esercito israeliano<\/a>. Per\u00f2 rimane agli atti la <b>storica presa di posizione da parte della stessa Lega araba<\/b>, che ha posto come condizione per ogni soluzione alla tragedia palestinese l\u2019uscita di scena di Hamas. In quanto all\u2019idea di una Nato araba, non ha fatto un solo passo concreto in avanti. Pesa il fatto che a riproporla sia stato l\u2019Egitto, Paese in bancarotta, con una leadership screditata, tenuta in vita dai finanziamenti sauditi. <b>Lo stesso Qatar paga una reputazione non proprio immacolata<\/b>: i suoi immediati vicini lo sottoposero per anni a un embargo e a una guerra diplomatica che rischi\u00f2 di diventare militare, per castigarlo dei suoi rapporti con l\u2019Iran.\u00a0<\/p>\n<p class=\"chapter-paragraph\"><b>\u00c8 vero che la presenza dei leader politici di Hamas a Doha fu voluta da Obama e Netanyahu, <\/b>per evitare che si trasferissero a Teheran. Ma il trasformismo qatarino ha lasciato in eredit\u00e0 una dose di diffidenza. L\u2019intero mondo arabo \u00e8 ancora a met\u00e0 del guado, in una transizione delicata e dagli esiti incerti. <b>Lo sdegno per Gaza \u00e8 ai massimi,<\/b> il riavvicinamento con Tel Aviv ha subito dei colpi tremendi.\u00a0<\/p>\n<p class=\"chapter-paragraph\">Al tempo stesso <b>alcuni regimi sono incerti sul da farsi<\/b>, di fronte alla smisurata superiorit\u00e0 israeliana nei rapporti di forze militari. Poich\u00e9 emerge un nuovo egemone regionale, e visto che l\u2019Iran continua ad essere percepito come un pericolo esistenziale, qualcuno pu\u00f2 essere tentato di trovare compromessi e un modus vivendi con il numero uno militare dell\u2019area. <b>Manca all\u2019appello<\/b> la cosa di cui forse c\u2019\u00e8 pi\u00f9 bisogno, <b>una coalizione araba disponibile a \u00aboccupare\u00bb Gaza per salvarla e ricostruirla<\/b>.<\/p>\n<p class=\"is-last-update\" datetime=\"2025-09-15T22:15:46+02:00\">16 settembre 2025<\/p>\n<p class=\"is-copyright\">\n            \u00a9 RIPRODUZIONE RISERVATA\n        <\/p>\n","protected":false},"excerpt":{"rendered":"di Federico Rampini Pi\u00f9 di Gaza, nel passo indietro nelle relazioni con Israele pesa il raid in Qatar,&hellip;\n","protected":false},"author":3,"featured_media":111526,"comment_status":"","ping_status":"","sticky":false,"template":"","format":"standard","meta":{"footnotes":""},"categories":[160],"tags":[1468,1471,34166,34164,18164,841,765,1025,872,873,77550,17388,26764,4539,14,164,165,767,8669,25350,77551,73,1149,75,128,77552,77553,53178,52,764,46635,72,760,381,77554,109,38337,4781,77555,77556,6410,7673,4558,794,166,2737,77549,890,7,15,273,10139,74011,8637,904,905,11,167,12,168,161,162,163],"class_list":{"0":"post-111525","1":"post","2":"type-post","3":"status-publish","4":"format-standard","5":"has-post-thumbnail","7":"category-mondo","8":"tag-abramo","9":"tag-accordi","10":"tag-accordi-abramo","11":"tag-araba","12":"tag-arabo","13":"tag-area","14":"tag-attacco","15":"tag-attacco-israeliano","16":"tag-aviv","17":"tag-azioni","18":"tag-azioni-netanyahu","19":"tag-concrete","20":"tag-condanne","21":"tag-confronti","22":"tag-cronaca","23":"tag-dal-mondo","24":"tag-dalmondo","25":"tag-difesa","26":"tag-doha","27":"tag-dure","28":"tag-egemone","29":"tag-gaza","30":"tag-golfo","31":"tag-hamas","32":"tag-idea","33":"tag-idea-nato","34":"tag-idea-nato-araba","35":"tag-incerti","36":"tag-indietro","37":"tag-iran","38":"tag-isolamento","39":"tag-israele","40":"tag-israeliano","41":"tag-leader","42":"tag-leader-politici","43":"tag-lega","44":"tag-lega-araba","45":"tag-linea","46":"tag-linea-rossa","47":"tag-massimi","48":"tag-medio","49":"tag-medio-oriente","50":"tag-membri","51":"tag-militare","52":"tag-mondo","53":"tag-nato","54":"tag-nato-araba","55":"tag-netanyahu","56":"tag-news","57":"tag-notizie","58":"tag-nuova","59":"tag-oriente","60":"tag-pesa","61":"tag-qatar","62":"tag-tel","63":"tag-tel-aviv","64":"tag-ultime-notizie","65":"tag-ultime-notizie-di-mondo","66":"tag-ultimenotizie","67":"tag-ultimenotiziedimondo","68":"tag-world","69":"tag-world-news","70":"tag-worldnews"},"share_on_mastodon":{"url":"","error":""},"_links":{"self":[{"href":"https:\/\/www.europesays.com\/it\/wp-json\/wp\/v2\/posts\/111525","targetHints":{"allow":["GET"]}}],"collection":[{"href":"https:\/\/www.europesays.com\/it\/wp-json\/wp\/v2\/posts"}],"about":[{"href":"https:\/\/www.europesays.com\/it\/wp-json\/wp\/v2\/types\/post"}],"author":[{"embeddable":true,"href":"https:\/\/www.europesays.com\/it\/wp-json\/wp\/v2\/users\/3"}],"replies":[{"embeddable":true,"href":"https:\/\/www.europesays.com\/it\/wp-json\/wp\/v2\/comments?post=111525"}],"version-history":[{"count":0,"href":"https:\/\/www.europesays.com\/it\/wp-json\/wp\/v2\/posts\/111525\/revisions"}],"wp:featuredmedia":[{"embeddable":true,"href":"https:\/\/www.europesays.com\/it\/wp-json\/wp\/v2\/media\/111526"}],"wp:attachment":[{"href":"https:\/\/www.europesays.com\/it\/wp-json\/wp\/v2\/media?parent=111525"}],"wp:term":[{"taxonomy":"category","embeddable":true,"href":"https:\/\/www.europesays.com\/it\/wp-json\/wp\/v2\/categories?post=111525"},{"taxonomy":"post_tag","embeddable":true,"href":"https:\/\/www.europesays.com\/it\/wp-json\/wp\/v2\/tags?post=111525"}],"curies":[{"name":"wp","href":"https:\/\/api.w.org\/{rel}","templated":true}]}}