{"id":111921,"date":"2025-09-16T13:25:09","date_gmt":"2025-09-16T13:25:09","guid":{"rendered":"https:\/\/www.europesays.com\/it\/111921\/"},"modified":"2025-09-16T13:25:09","modified_gmt":"2025-09-16T13:25:09","slug":"gp-vallonia-2025-il-pave-della-citadelle-de-namur-decide-la-corsa-ballerini-e-trentin-ci-provano","status":"publish","type":"post","link":"https:\/\/www.europesays.com\/it\/111921\/","title":{"rendered":"GP Vallonia 2025, il pav\u00e8 della Citadelle de Namur decide la corsa. Ballerini e Trentin ci provano"},"content":{"rendered":"<p>Con anche la Vuelta andata in archivio, la stagione del ciclismo entra sempre di pi\u00f9 nella sua fase finale. Di appuntamenti importanti ce ne sono ancora, come Mondiale, Europeo e Giro di Lombardia, ma sono anche tante le corse di un giorno in programma queste settimane ed alcune decisamente di alto livello. <strong>Tra queste c\u2019\u00e8 sicuramente il GP di Vallonia<\/strong>, arrivato alla sua sessantacinquesima edizione, che sar\u00e0 in programma domani.<\/p>\n<p>Questa edizione della corsa belga propone una piccola novit\u00e0, <strong>visto che la partenza non sar\u00e0 pi\u00f9 a Blegny, ma a Dison.<\/strong> Per il resto il tracciato resta fedele alla tradizione, anche se il percorso \u00e8 stato ridotto a 187 chilometri, quindici in meno a quello dell\u2019anno scorso. Fin dalle prime battute i corridori si troveranno subito ad affrontare due salite, la C\u00f4te de Trasenster e la C\u00f4te de Werbomont, prima di entrare in una fase centrale caratterizzata da diversi saliscendi.<\/p>\n<p>La corsa si decide nella seconda parte. Ai meno 34 chilometri dal traguardo ecco la C\u00f4te d\u2019Ermeton, dove qualcuno potrebbe anche tentare un attacco da lontano. Successivamente ci sar\u00e0 la salita di Tienne aux Pierres, che verr\u00e0 affrontata da un versante inedito. Mancheranno undici chilometri, con i ciclisti <strong>che si dirigeranno verso lo spettacolare strappo in pav\u00e9 della Citadelle de Namur<\/strong>, dove molto probabilmente si decider\u00e0 la corsa.<\/p>\n<p>Nella passata edizione proprio sullo strappo in pav\u00e9<strong> lo spagnolo Roger Adri\u00e0<\/strong> ha fatto la differenza, andando a prendersi la vittoria (la seconda consecutiva per la Spagna) davanti al connazionale Alex Aranburu. Entrambi saranno in gara quest\u2019anno e possono sperare di essere nuovamente protagonisti. <strong>Fari puntati, per\u00f2, soprattutto sul belga Arnaud De Lie,<\/strong> in ottima forma in queste ultime settimane, ma attenzione anche al francese Emilien Jeanni\u00e8re e all\u2019eritreo Biniam Girmay. La UAE, dominatrice della stagione, dovrebbe puntare soprattutto sul belga Tim Wellens, ma attenzione anche al portoghese Antonio Morgado.<\/p>\n<p>Ci sono un po\u2019 di corridori italiani presenti al via della corsa belga, anche se in pochissimi sembrano poter lottare per la vittoria finale. Chi pu\u00f2 farsi trovare pronto nelle decisive battute finali sono<strong> Davide Ballerini e Matteo Trentin<\/strong>, entrambi dotati di un buon spunto e che possono reggere sullo strappo finale in pav\u00e9, giocandosi a quel punto il successo in una volata che comunque sar\u00e0 ristretta.<\/p>\n","protected":false},"excerpt":{"rendered":"Con anche la Vuelta andata in archivio, la stagione del ciclismo entra sempre di pi\u00f9 nella sua fase&hellip;\n","protected":false},"author":3,"featured_media":111922,"comment_status":"","ping_status":"","sticky":false,"template":"","format":"standard","meta":{"footnotes":""},"categories":[1456],"tags":[1824,1825,77731,1537,90,89,245,244],"class_list":{"0":"post-111921","1":"post","2":"type-post","3":"status-publish","4":"format-standard","5":"has-post-thumbnail","7":"category-ciclismo","8":"tag-ciclismo","9":"tag-cycling","10":"tag-gp-vallonia-2025","11":"tag-it","12":"tag-italia","13":"tag-italy","14":"tag-sport","15":"tag-sports"},"share_on_mastodon":{"url":"","error":""},"_links":{"self":[{"href":"https:\/\/www.europesays.com\/it\/wp-json\/wp\/v2\/posts\/111921","targetHints":{"allow":["GET"]}}],"collection":[{"href":"https:\/\/www.europesays.com\/it\/wp-json\/wp\/v2\/posts"}],"about":[{"href":"https:\/\/www.europesays.com\/it\/wp-json\/wp\/v2\/types\/post"}],"author":[{"embeddable":true,"href":"https:\/\/www.europesays.com\/it\/wp-json\/wp\/v2\/users\/3"}],"replies":[{"embeddable":true,"href":"https:\/\/www.europesays.com\/it\/wp-json\/wp\/v2\/comments?post=111921"}],"version-history":[{"count":0,"href":"https:\/\/www.europesays.com\/it\/wp-json\/wp\/v2\/posts\/111921\/revisions"}],"wp:featuredmedia":[{"embeddable":true,"href":"https:\/\/www.europesays.com\/it\/wp-json\/wp\/v2\/media\/111922"}],"wp:attachment":[{"href":"https:\/\/www.europesays.com\/it\/wp-json\/wp\/v2\/media?parent=111921"}],"wp:term":[{"taxonomy":"category","embeddable":true,"href":"https:\/\/www.europesays.com\/it\/wp-json\/wp\/v2\/categories?post=111921"},{"taxonomy":"post_tag","embeddable":true,"href":"https:\/\/www.europesays.com\/it\/wp-json\/wp\/v2\/tags?post=111921"}],"curies":[{"name":"wp","href":"https:\/\/api.w.org\/{rel}","templated":true}]}}