{"id":111974,"date":"2025-09-16T14:00:10","date_gmt":"2025-09-16T14:00:10","guid":{"rendered":"https:\/\/www.europesays.com\/it\/111974\/"},"modified":"2025-09-16T14:00:10","modified_gmt":"2025-09-16T14:00:10","slug":"ballando-con-le-stelle-ecco-chi-sostituira-simone-di-pasquale-lannuncio-ufficiale-video","status":"publish","type":"post","link":"https:\/\/www.europesays.com\/it\/111974\/","title":{"rendered":"Ballando con le Stelle, ecco chi sostituir\u00e0 Simone Di Pasquale: l&#8217;annuncio ufficiale (VIDEO)"},"content":{"rendered":"<p>La pagina Instagram ufficiale di Ballando con le Stelle svela con un video chi \u00e8 il sostituto di Simone Di Pasquale come Tribuno del Popolo. Ecco di chi si tratta!<\/p>\n<p><strong>Ballando con le Stelle<\/strong> \u00e8 pronto a tornare con una nuova edizione: da sabato 27 settembre su <strong>Rai 1<\/strong> torner\u00e0 in onda l&#8217;amatissimo dancing show condotto da <strong>Milly Carlucci<\/strong>, che quest&#8217;anno ha puntato su un <strong>cast<\/strong> di concorrenti che promette scintille e che vanta noi come quello di <strong>Barbara D&#8217;Urso<\/strong>, <strong>Nancy Brilli <\/strong>e <strong>Paolo Belli<\/strong>, quest&#8217;ultimo per la prima volta nel ruolo di concorrente. Importanti novit\u00e0 anche per quanto riguarda la giuria popolare, che fino allo scorso anno aveva visto anche <strong>Simone Di Pasquale<\/strong> in viste di <strong>Tribuno del Popolo<\/strong>. Dopo diversi rumors, dal profilo ufficiale Instagram del programma \u00e8 arrivato il nome di <strong>chi lo sostituir\u00e0<\/strong>.<\/p>\n<p>Ballando con le Stelle, ecco chi sostituir\u00e0 Simone Di Pasquale nella giuria popolare<\/p>\n<p>Tante <strong>novit\u00e0 <\/strong>per la nuova stagione di <strong>Ballando con le Stelle<\/strong>: oltre alla presenza di <strong>Paolo Belli<\/strong> in un nuovo ruolo, quello di concorrente, e di <strong>Barbara D&#8217;Urso<\/strong>, la nuova edizione del dancing show di <strong>Rai1<\/strong> vedr\u00e0 anche <strong>Simone Di Pasquale<\/strong> tornare nelle vesti di maestro. Nelle precedenti edizioni, infatti, il ballerino professionista aveva abbandonato la pista da ballo per spostarsi ai suoi bordi e sedere insieme a <strong>Rossella Erra<\/strong> e <strong>Sara Di Vaira<\/strong> nella giuria popolare, assumendo il ruolo di <strong>Tribuno del Popolo<\/strong>.<\/p>\n<p>Tuttavia, lo scorso mese, Giuseppe Candela nella sua rubrica su Dagospia aveva rivelato che <strong>Simone di Pasquale sarebbe stato sostituito <\/strong>e avrebbe ripreso il ruolo di maestro di ballo per la nuova edizione. Per diverso tempo, <a href=\"https:\/\/www.comingsoon.it\/vip\/news\/ballando-con-le-stelle-bianca-guaccero-nel-cast-della-nuova-edizione-ecco\/n206817\/\" target=\"_blank\" title=\"si era vociferato che a prendere il suo posto sarebbe stata Bianca Guaccero, reduce dalla vittoria della precedente stagione\" rel=\"nofollow noopener\">si era vociferato che a prendere il suo posto sarebbe stata <strong>Bianca Guaccero<\/strong>, reduce dalla vittoria della precedente stagione<\/a> e che cos\u00ec si sarebbe riunita con il compagno Giovanni Pernice anche sul lavoro. Nel suo articolo, Candela aveva anche anticipato che <strong>a sostituire Simone Di Pasquale <\/strong>sarebbe stato un volto gi\u00e0 noto ai fan di <strong>Ballando con le Stelle<\/strong>. Il giornalista ha cos\u00ec citato il nome di <strong>Matteo Addino<\/strong>, che il pubblico ha conosciuto prima a <strong>Ballando on the road <\/strong>e poi a <strong>Sognando&#8230;Ballando con le Stelle<\/strong>, mentre <strong>Di Pasquale <\/strong>avrebbe ballato con la Signora Coriandoli:<\/p>\n<blockquote><p>&#8220;Sar\u00e0 Matteo Addino a sostituire Simone Di Pasquale tra i tribuni del popolo. Gi\u00e0 visto a Ballando on the road e Sognando Ballando, affiancher\u00e0 Rossella Erra e Sara Di Vaira. Di Pasquale baller\u00e0 con la Signora Coriandoli\u201d<\/p><\/blockquote>\n<p>Ballando con le Stelle, arriva l&#8217;annuncio ufficiale: ecco chi \u00e8 il sostituto di Simone De Pasquale<\/p>\n<p>I rumors diffusi da Giuseppe Candela sono stati confermati poco fa con un <strong>annuncio ufficiale <\/strong>sul profilo Instagram di <strong>Ballando con le Stelle<\/strong>. In un simpatico filmato diffuso sui social del dancing show, infatti, <strong>Matteo Addino <\/strong>si \u00e8 presentato al pubblico mentre cercava l&#8217;outfit perfetto per partecipare al programma: &#8220;Non so cosa indossare, non voglio certo che le stelle brillino pi\u00f9 di me&#8221;. La sua ricerca viene interrotta da <strong>Simone Di Pasquale<\/strong> che conferma di aver &#8220;ceduto&#8221; il posto di Tribuno del Popolo a <strong>Matteo Addino<\/strong> e quest&#8217;ultimo si rivolge poi alla telecamera, promettendo ironicamente che &#8220;dietro la sobriet\u00e0 e ironia c&#8217;\u00e8 un coreografo a cui non sfugge nulla&#8221;. E rivolgendosi ai concorrenti li esorta a non &#8220;commettere alcun passo falso&#8221; perch\u00e9 sar\u00e0 un <strong>Tribuno del Popolo <\/strong>che terr\u00e0 gli occhi ben aperti.<\/p>\n<p><strong>Matteo Addino <\/strong>\u00e8 un coreografo e direttore artistico di fama nazionale, che ha lavorato a Mediaset e Rai in trasmissioni come <strong>Amici di Maria De Filippi<\/strong>, ma anche <strong>Viva Rai2!<\/strong>. Addino \u00e8 anche fondatore della Naima Academy, scuola di danza con sede a Genova che ha annoverato tra i suoi allievi Maddalena Svevi, Megan Ria, Tommaso Stanzani e diversi giovani ballerini dello spettacolo. Nel <strong>2024<\/strong> \u00e8 entrato a far parte della giuria di Ballando on the Road, per selezionare talenti della danza da tutta Italia. In seguito ha curato le coreografie de <strong>Il Cantante Mascherato<\/strong>, collaborando proprio con <strong>Simone Di Pasquale<\/strong> e ora ne prende il posto come Tribuno del Popolo per la prossima edizione del dancing show!<\/p>\n<blockquote class=\"instagram-media\" data-instgrm-captioned=\"\" data-instgrm-permalink=\"https:\/\/www.instagram.com\/reel\/DOoDJQMDXte\/?utm_source=ig_embed&amp;utm_campaign=loading\" data-instgrm-version=\"14\" style=\" background:#FFF; border:0; border-radius:3px; box-shadow:0 0 1px 0 rgba(0,0,0,0.5),0 1px 10px 0 rgba(0,0,0,0.15); margin: 1px; max-width:540px; min-width:326px; padding:0; width:99.375%; width:-webkit-calc(100% - 2px); width:calc(100% - 2px);\"\/>\n<p>Scopri le ultime news su <a href=\"https:\/\/www.comingsoon.it\/tv\/ballando-con-le-stelle\/16\/scheda\/\" target=\"_blank\" title=\"Ballando con le Stelle\" rel=\"nofollow noopener\"><strong>Ballando con le Stelle<\/strong><\/a><\/p>\n<p><script async src=\"\/\/www.instagram.com\/embed.js\"><\/script><\/p>\n","protected":false},"excerpt":{"rendered":"La pagina Instagram ufficiale di Ballando con le Stelle svela con un video chi \u00e8 il sostituto di&hellip;\n","protected":false},"author":3,"featured_media":111975,"comment_status":"","ping_status":"","sticky":false,"template":"","format":"standard","meta":{"footnotes":""},"categories":[1444],"tags":[203,204,1537,90,89,253],"class_list":{"0":"post-111974","1":"post","2":"type-post","3":"status-publish","4":"format-standard","5":"has-post-thumbnail","7":"category-tv","8":"tag-entertainment","9":"tag-intrattenimento","10":"tag-it","11":"tag-italia","12":"tag-italy","13":"tag-tv"},"share_on_mastodon":{"url":"","error":""},"_links":{"self":[{"href":"https:\/\/www.europesays.com\/it\/wp-json\/wp\/v2\/posts\/111974","targetHints":{"allow":["GET"]}}],"collection":[{"href":"https:\/\/www.europesays.com\/it\/wp-json\/wp\/v2\/posts"}],"about":[{"href":"https:\/\/www.europesays.com\/it\/wp-json\/wp\/v2\/types\/post"}],"author":[{"embeddable":true,"href":"https:\/\/www.europesays.com\/it\/wp-json\/wp\/v2\/users\/3"}],"replies":[{"embeddable":true,"href":"https:\/\/www.europesays.com\/it\/wp-json\/wp\/v2\/comments?post=111974"}],"version-history":[{"count":0,"href":"https:\/\/www.europesays.com\/it\/wp-json\/wp\/v2\/posts\/111974\/revisions"}],"wp:featuredmedia":[{"embeddable":true,"href":"https:\/\/www.europesays.com\/it\/wp-json\/wp\/v2\/media\/111975"}],"wp:attachment":[{"href":"https:\/\/www.europesays.com\/it\/wp-json\/wp\/v2\/media?parent=111974"}],"wp:term":[{"taxonomy":"category","embeddable":true,"href":"https:\/\/www.europesays.com\/it\/wp-json\/wp\/v2\/categories?post=111974"},{"taxonomy":"post_tag","embeddable":true,"href":"https:\/\/www.europesays.com\/it\/wp-json\/wp\/v2\/tags?post=111974"}],"curies":[{"name":"wp","href":"https:\/\/api.w.org\/{rel}","templated":true}]}}