{"id":111991,"date":"2025-09-16T14:09:10","date_gmt":"2025-09-16T14:09:10","guid":{"rendered":"https:\/\/www.europesays.com\/it\/111991\/"},"modified":"2025-09-16T14:09:10","modified_gmt":"2025-09-16T14:09:10","slug":"tempesta-equinoziale-la-prossima-settimana-ecco-la-data-che-segnera-lo-stop-definitivo-dellestate","status":"publish","type":"post","link":"https:\/\/www.europesays.com\/it\/111991\/","title":{"rendered":"Tempesta Equinoziale la Prossima Settimana, ecco la data che segner\u00e0 lo Stop definitivo dell&#8217;Estate"},"content":{"rendered":"<p>Meteo: Tempesta Equinoziale la Prossima Settimana, ecco la data che segner\u00e0 lo Stop definitivo dell&#8217;Estate<\/p>\n<p class=\"article_author__info\">\n                Articolo del 16\/09\/2025<br \/>\n                ore 15:23<br \/>\n                di <a href=\"https:\/\/www.ilmeteo.it\/portale\/mattia-gussoni\" title=\"Visita il profilo di Mattia Gussoni\" rel=\"nofollow noopener\" target=\"_blank\">Mattia Gussoni<\/a> Meteorologo\n        <\/p>\n<p><img decoding=\"async\" fetchpriority=\"high\" loading=\"eager\" itemprop=\"image\" class=\"news_content_image\" src=\"https:\/\/www.europesays.com\/it\/wp-content\/uploads\/2025\/09\/Tempesta-equinoziale-ok-16926.jpg\" alt=\"\" title=\"E' in arrivo la Tempesta equinoziale che metter\u00e0 fine all'Estate\" width=\"700\" height=\"525\"\/>E&#8217; in arrivo la Tempesta equinoziale che metter\u00e0 fine all&#8217;Estate\n<\/p>\n<p>Arrivano le conferme: ora c&#8217;\u00e8 la <b>data di svolta<\/b> che segner\u00e0 la <b>fine dell&#8217;Estate<\/b> con l&#8217;arrivo di una <b>tempesta equinoziale. <\/b><\/p>\n<p>Va fatta una doverosa premessa: le stagioni non cambiano mai di punto in bianco. Le fasi di transizione spesso sono caratterizzate da repentini passaggi dal freddo al caldo (o viceversa) con un&#8217;alternanza di situazioni che pu\u00f2 anche durare per delle settimane (i classici periodi in cui non si sa bene come vestirsi!). Nel linguaggio meteorologico, questa fase \u00e8 comunemente indicata con il termine \u201cciclone equinoziale\u201d (o \u201c<b>tempesta equinoziale<\/b>\u201d): una definizione che descrive una configurazione complessa e dinamica, tipica dei periodi attorno agli equinozi, durante i quali il contrasto tra le masse d\u2019aria calda subtropicale e quelle pi\u00f9 fredde di origine polare raggiunge la massima intensit\u00e0.<\/p>\n<p>Questi sistemi possono generare<b> precipitazioni intense<\/b> e persistenti, <b>venti tempestosi<\/b> e, lungo le coste, anche mareggiate di una certa rilevanza, soprattutto in presenza di cicloni Mediterranei (le classiche ondate di maltempo che purtroppo possono innescare alluvioni lampo e allagamenti).<\/p>\n<p><b>TEMPESTA EQUINOZIALE: LA DATA CHE SEGNERA&#8217; LO STOP ALL&#8217;ESTATE<\/b><br \/>Il nostro sguardo \u00e8 rivolto all&#8217;inizio dell&#8217;Autunno astronomico (quest&#8217;anno avverr\u00e0<b> <\/b><b>Luned\u00ec 22 Settembre<\/b>, ecco la <b>data <\/b>di svolta da segnare sul calendario): la risalita dell&#8217;alta pressione delle Azzorre verso latitudini molto elevate potrebbe innescare la discesa di fredde correnti polari che dilagherebbero dapprima sull&#8217;Europa centrale, per poi scendere di latitudine.<br \/>La <b>mappa <\/b>qui sotto mette bene in evidenza l&#8217;evoluzione prevista con la <b>tempesta equinoziale<\/b> sospinta da aria fredda in rapida discesa dal Nord Europa; successivamente le correnti riuscirebbero a sfondare sul bacino del Mediterraneo favorendo la formazione di un <b>ciclone<\/b>.<img decoding=\"async\" fetchpriority=\"low\" loading=\"lazy\" itemprop=\"image\" class=\"news_content_image\" src=\"https:\/\/www.europesays.com\/it\/wp-content\/uploads\/2025\/09\/Tempesta-equinoziale-mappa-16926.jpg\" alt=\"\" title=\"Tempesta equinoziale dal 22 Settembre: forte ondata di maltempo sull'Italia\" width=\"700\" height=\"540\"\/>Tempesta equinoziale dal 22 Settembre: forte ondata di maltempo sull&#8217;Italia<b>AVVISO DI FORTE MALTEMPO<br \/><\/b>Se tale proiezione dovesse essere confermata, ci troveremmo di fronte ad una fase molto dinamica, con un <b>drastico calo delle temperature<\/b> che in pochissimo tempo si porterebbero fin sotto le medie climatiche di riferimento, anche di diversi gradi. Attenzione poi alle <b>piogge<\/b>, perch\u00e9 al momento non possiamo escludere la formazione di un <b>ciclone <\/b>sul Mediterraneo, alimentato dalle fredde correnti in arrivo direttamente dal Nord Europa: insomma, potremmo aver a che fare con una<b> fase di forte maltempo <\/b>su molte delle nostre regioni con possibilit\u00e0  di violenti temporali (a causa dei contrasti che potrebbero crearsi) e nubifragi.<br \/>Come anche la cronaca recente ci insegna, queste temibili macchine atmosferiche possono scaricare fino a <b>150\/200 mm di pioggia in pochissime ore<\/b>: tenete presente che questa \u00e8 la quantit\u00e0 d&#8217;acqua che cade solitamente in quasi 2 mesi in molte citt\u00e0 italiane in questo periodo. Questo potrebbe tradursi in un serio rischio alluvionale su alcune zone maggiormente esposte alla tempesta.<br \/>Vi terremo naturalmente aggiornati su questa evoluzione.<\/p>\n","protected":false},"excerpt":{"rendered":"Meteo: Tempesta Equinoziale la Prossima Settimana, ecco la data che segner\u00e0 lo Stop definitivo dell&#8217;Estate Articolo del 16\/09\/2025&hellip;\n","protected":false},"author":3,"featured_media":111992,"comment_status":"","ping_status":"","sticky":false,"template":"","format":"standard","meta":{"footnotes":""},"categories":[79],"tags":[14,93,94,1537,90,89,419,7,15,11,84,91,12,85,92],"class_list":{"0":"post-111991","1":"post","2":"type-post","3":"status-publish","4":"format-standard","5":"has-post-thumbnail","7":"category-italia","8":"tag-cronaca","9":"tag-cronaca-italiana","10":"tag-cronacaitaliana","11":"tag-it","12":"tag-italia","13":"tag-italy","14":"tag-meteo","15":"tag-news","16":"tag-notizie","17":"tag-ultime-notizie","18":"tag-ultime-notizie-e-news-di-oggi","19":"tag-ultime-notizie-italia","20":"tag-ultimenotizie","21":"tag-ultimenotizieenewsdioggi","22":"tag-ultimenotizieitalia"},"share_on_mastodon":{"url":"","error":""},"_links":{"self":[{"href":"https:\/\/www.europesays.com\/it\/wp-json\/wp\/v2\/posts\/111991","targetHints":{"allow":["GET"]}}],"collection":[{"href":"https:\/\/www.europesays.com\/it\/wp-json\/wp\/v2\/posts"}],"about":[{"href":"https:\/\/www.europesays.com\/it\/wp-json\/wp\/v2\/types\/post"}],"author":[{"embeddable":true,"href":"https:\/\/www.europesays.com\/it\/wp-json\/wp\/v2\/users\/3"}],"replies":[{"embeddable":true,"href":"https:\/\/www.europesays.com\/it\/wp-json\/wp\/v2\/comments?post=111991"}],"version-history":[{"count":0,"href":"https:\/\/www.europesays.com\/it\/wp-json\/wp\/v2\/posts\/111991\/revisions"}],"wp:featuredmedia":[{"embeddable":true,"href":"https:\/\/www.europesays.com\/it\/wp-json\/wp\/v2\/media\/111992"}],"wp:attachment":[{"href":"https:\/\/www.europesays.com\/it\/wp-json\/wp\/v2\/media?parent=111991"}],"wp:term":[{"taxonomy":"category","embeddable":true,"href":"https:\/\/www.europesays.com\/it\/wp-json\/wp\/v2\/categories?post=111991"},{"taxonomy":"post_tag","embeddable":true,"href":"https:\/\/www.europesays.com\/it\/wp-json\/wp\/v2\/tags?post=111991"}],"curies":[{"name":"wp","href":"https:\/\/api.w.org\/{rel}","templated":true}]}}