{"id":112025,"date":"2025-09-16T14:31:09","date_gmt":"2025-09-16T14:31:09","guid":{"rendered":"https:\/\/www.europesays.com\/it\/112025\/"},"modified":"2025-09-16T14:31:09","modified_gmt":"2025-09-16T14:31:09","slug":"influenza-2025-2026-quando-arriva-e-come-prevenirla-quando-e-a-chi-e-consigliato-vaccinarsi","status":"publish","type":"post","link":"https:\/\/www.europesays.com\/it\/112025\/","title":{"rendered":"Influenza 2025\/2026: quando arriva e come prevenirla. Quando e a chi \u00e8 consigliato vaccinarsi?"},"content":{"rendered":"<p>    di<br \/>\n    Maria Giovanna Faiella<\/p>\n<p class=\"summary-art is-line-h-12\">Le raccomandazioni nella circolare del ministero della Salute: \u00abPer ridurre morbosit\u00e0, complicanze e mortalit\u00e0 \u00e8 necessario raggiungere coperture vaccinali elevate nei gruppi di popolazione target, in particolare negli anziani con pi\u00f9 di 65 anni e nei soggetti ad alto rischio di tutte le et\u00e0\u00bb<\/p>\n<p class=\"chapter-paragraph\">Con l\u2019avvicinarsi della stagione autunnale, <b>gli sbalzi di temperatura<\/b> e il <b>ritorno in ambienti chiusi e affollati<\/b> &#8211; come aule scolastiche, palestre, uffici, trasporti pubblici &#8211; favoriscono l\u2019esposizione ai <b>virus respiratori<\/b>. E cominciano i primi malanni, come\u00a0<b><a href=\"https:\/\/www.corriere.it\/salute\/dizionario\/raffreddore\/\" rel=\"nofollow noopener\" target=\"_blank\">raffreddore<\/a><\/b>, <a href=\"https:\/\/www.corriere.it\/salute\/dizionario\/tosse\/\" rel=\"nofollow noopener\" target=\"_blank\"> tosse<\/a>, <b><a href=\"https:\/\/www.corriere.it\/salute\/dizionario\/febbre\/\" rel=\"nofollow noopener\" target=\"_blank\"> febbre<\/a><\/b>. Ma \u00e8 gi\u00e0 arrivata l\u2019<a href=\"https:\/\/www.corriere.it\/salute\/dizionario\/influenza\/\" rel=\"nofollow noopener\" target=\"_blank\">influenza<\/a> <b>stagionale <\/b>o si tratta di un <b>comune raffreddore <\/b>o di<b> Covid-19<\/b>? L\u2019influenza si pu\u00f2 <b>prevenire e come<\/b>? A chi \u00e8 raccomandato il <b>vaccino antinfluenzale<\/b> e perch\u00e9? Quando farlo?\u00a0<br \/>Di seguito le risposte a queste e altre domande, in base alle indicazioni date dal ministero della Salute nella Circolare <a href=\"https:\/\/www.trovanorme.salute.gov.it\/norme\/renderNormsanPdf?anno=2025&amp;codLeg=107011&amp;parte=1%20&amp;serie=null\" rel=\"nofollow noopener\" target=\"_blank\">\u00abPrevenzione e controllo dell\u2019influenza: raccomandazioni per la stagione 2025-2026\u00bb<\/a>.<\/p>\n<p>    Quando arriva l&#8217;influenza?\u00a0\u00a0<\/p>\n<p class=\"chapter-paragraph\">Verosimilmente, come gli altri anni, in Italia l\u2019influenza \u00e8 attesa nel periodo che va da fine ottobre agli inizi novembre, ma dipende anche dall\u2019andamento delle temperature.\u00a0<br \/>A indicare\u00a0<b>quando esattamente il<\/b> <b>virus influenzale<\/b> <b>inizia a circolare<\/b> sono i cosiddetti\u00a0\u00ab<b>medici sentinella<\/b>\u00bb (medici e pediatri di famiglia reclutati dalle Regioni ndr) che fanno parte del sistema di sorveglianza coordinato dall\u2019Istituto Superiore di Sanit\u00e0.\u00a0\u00a0<br \/>Va ricordato che<b> l\u2019influenza<\/b> <b>non va confusa col comune <a href=\"https:\/\/www.corriere.it\/salute\/dizionario\/raffreddore\/\" rel=\"nofollow noopener\" target=\"_blank\">raffreddore<\/a> o col Covid-19 o altre sindromi simili.\u00a0<\/b>Sono molti, infatti, i virus che possono provocare <b>sintomi respiratori: <\/b>oltre al virus influenzale e al<b>\u00a0<\/b>Sars-CoV-2 (l\u2019agente patogeno di Covid-19, che ormai non \u00e8 pi\u00f9 stagionale), ci sono, per esempio, il <a href=\"https:\/\/www.corriere.it\/salute\/dizionario\/virus-respiratorio-sinciziale\/\" rel=\"nofollow noopener\" target=\"_blank\">virus respiratorio sinciziale<\/a>, virus parainfluenzali, <a href=\"https:\/\/www.corriere.it\/salute\/dizionario\/rhinovirus\/\" rel=\"nofollow noopener\" target=\"_blank\">rhinovirus<\/a>, <a href=\"https:\/\/www.corriere.it\/salute\/dizionario\/adenovirus\/\" rel=\"nofollow noopener\" target=\"_blank\">adenovirus<\/a>, metapneumovirus (tra le cause pi\u00f9 frequenti di malattie delle vie aeree inferiori nei bambini ndr), ma <b>anche alcuni batteri <\/b>possono colpire le vie respiratorie.    &#13;<br \/>\n&#13;<br \/>\n&#13;<br \/>\n&#13;<br \/>\n&#13;<br \/>\n&#13;<br \/>\n&#13;<br \/>\n&#13;<br \/>\n&#13;<br \/>\n&#13;<br \/>\n&#13;<br \/>\n&#13;<br \/>\n&#13;<br \/>\n&#13;<br \/>\n&#13;<br \/>\n&#13;<br \/>\n&#13;<br \/>\n&#13;<br \/>\n&#13;<br \/>\n&#13;<br \/>\n&#13;<br \/>\n&#13;<br \/>\n&#13;<br \/>\n&#13;<br \/>\n&#13;<br \/>\n&#13;<br \/>\n&#13;<br \/>\n&#13;<br \/>\n&#13;<br \/>\n&#13;<br \/>\n&#13;<br \/>\n&#13;<br \/>\n&#13;<br \/>\n&#13;<br \/>\n&#13;<br \/>\n&#13;<br \/>\n&#13;<br \/>\n&#13;<br \/>\n&#13;<br \/>\n&#13;<br \/>\n&#13;<br \/>\n&#13;<br \/>\n&#13;<br \/>\n&#13;<br \/>\n&#13;<br \/>\n&#13;<br \/>\n&#13;<br \/>\n&#13;<br \/>\n&#13;<br \/>\n&#13;<br \/>\n&#13;<br \/>\n&#13;<br \/>\n&#13;\n<\/p>\n<p>    L&#8217;influenza si pu\u00f2 prevenire?<\/p>\n<p class=\"chapter-paragraph\">L&#8217;influenza \u00e8 una malattia <b>molto contagiosa<\/b> poich\u00e9 si trasmette facilmente attraverso <b>goccioline di muco e di saliva<\/b>, diffuse attraverso<a href=\"https:\/\/www.corriere.it\/salute\/dizionario\/tosse\/\" rel=\"nofollow noopener\" target=\"_blank\"> tosse<\/a> e <a href=\"https:\/\/www.corriere.it\/salute\/dizionario\/starnuto\/\" rel=\"nofollow noopener\" target=\"_blank\">starnuti<\/a>, ma anche semplicemente <b>parlando vicino a un\u2019altra persona<\/b>, o per via indiretta, <b>attraverso il contatto con mani contaminate dalle secrezioni respiratorie<\/b>.<br \/>Per ridurre il rischio di infettarsi sono sempre valide le solite ma essenziali <b\/><b>regole igieniche e buone abitudini\u00a0<\/b>(<b>valide<\/b>, in generale, <b>per prevenire la trasmissione delle infezioni respiratorie<\/b>), quali:<br \/>&#8211; <b>lavarsi regolarmente le mani <\/b>con acqua e sapone (o con soluzioni detergenti a base di alcol), specialmente dopo aver tossito e starnutito, o dopo aver frequentato mezzi di trasporto o luoghi pubblici; \u00a0<br \/>&#8211; osservare una buona igiene respiratoria, quindi <b>coprire bocca e naso quando si starnutisce o tossisce<\/b>, con fazzoletti monouso da smaltire correttamente;\u00a0<br \/>&#8211; <b>areare regolarmente le stanze dove si soggiorna<\/b>;<br \/>&#8211; <b>evitare di toccare occhi, naso o bocca con le mani non lavate<\/b>: i virus possono diffondersi quando una persona tocca una superficie contaminata e poi si tocca occhi, naso o bocca;\u00a0<br \/>&#8211; <b>stare a riposo a casa se si ha l&#8217;influenza<\/b> e, se in famiglia ci sono persone a rischio, <b>evitare contatti o utilizzare la mascherina<\/b>\u00bb.<\/p>\n<p>    L&#8217;influenza pu\u00f2 essere pericolosa?<\/p>\n<p class=\"chapter-paragraph\">L\u2019influenza \u00e8 una<b> malattia respiratoria acuta<\/b> che pu\u00f2 manifestarsi in <b>forme di diversa gravit\u00e0<\/b>.\u00a0<br \/>Secondo le stime del Centro Europeo per il controllo delle Malattie (ECDC), <br \/>come riportato nella Circolare ministeriale del 27 luglio, in Europa ogni anno si verificano <b>dai 4 ai 50 milioni di casi sintomatici di influenza<\/b> <b>e tra i 15mila e 70 mila cittadini europei muoiono di cause associate all&#8217;influenza<\/b>. Il 90% dei decessi si verifica in persone con <b>condizioni cliniche croniche di base.<\/b><br \/>Nel nostro Paese<b>\u00a0l&#8217;influenza e la<\/b> <a href=\"https:\/\/www.corriere.it\/salute\/dizionario\/polmonite\/\" rel=\"nofollow noopener\" target=\"_blank\">polmonite<\/a> ad essa associata sono <b>tra le prime dieci principali cause di morte<\/b>.<\/p>\n<p>    Quanto sar\u00e0\u00a0\u00abaggressiva\u00bb?<\/p>\n<p class=\"chapter-paragraph\">Per prevedere se e quanto l&#8217;influenza sar\u00e0 \u00ab<b>aggressiva<\/b>\u00bb, ogni anno gli esperti fanno riferimento ai dati che provengono dall&#8217;Australia dove l&#8217;inverno sta finendo. Sembra che <b>nell&#8217;emisfero australe<\/b> la<b> stagione influenzale<\/b> sia stata <b>intensa<\/b>, con un aumento dei casi e dei ricoveri in ospedale. Un segnale non positivo per il nostro Paese.<\/p>\n<p>    A chi \u00e8 consigliato vaccinarsi? Le categorie\u00a0\u00abtarget\u00bb<\/p>\n<p class=\"chapter-paragraph\">Come riporta la Circolare del ministero della Salute: \u00abLa vaccinazione \u00e8 la forma pi\u00f9 efficace di prevenzione dell&#8217;influenza e delle sue <b>complicanze<\/b>, che <b>non sono solo respiratorie<\/b> ma possono coinvolgere diversi organi e\/o apparati (per esempio: miocardite, encefalite)\u00bb.<br \/>Secondo le indicazioni ministeriali, la vaccinazione antinfluenzale \u00e8 <b>raccomandata e offerta gratuitamente <\/b>a:<br \/>&#8211; persone<b>\u00a0dai 60 anni in poi<\/b>;\u00a0<br \/><b>&#8211; bambini\u00a0<\/b><b>dai sei mesi ai sei anni<\/b>;\u00a0<br \/><b>&#8211; donne in gravidanza e nel post-partum<\/b>;<br \/><b>&#8211; <\/b>persone con <b>malattie croniche <\/b>che espongono a un maggior rischio di complicanze in caso di influenza, come <a href=\"https:\/\/www.corriere.it\/salute\/dizionario\/tumore\/\" rel=\"nofollow noopener\" target=\"_blank\">tumori<\/a>, <a href=\"https:\/\/www.corriere.it\/salute\/dizionario\/diabete\/\" rel=\"nofollow noopener\" target=\"_blank\">diabete<\/a>, malattie dell\u2019apparato <a href=\"https:\/\/www.corriere.it\/salute\/dizionario\/apparato-circolatorio\/\" rel=\"nofollow noopener\" target=\"_blank\">cardiocircolatorio<\/a> e <a href=\"https:\/\/www.corriere.it\/salute\/dizionario\/apparato-respiratorio\/\" rel=\"nofollow noopener\" target=\"_blank\">respiratorio<\/a> o problemi al sistema immunitario (si veda infografica sotto e l\u2019elenco completo nella circolare ministeriale <a href=\"https:\/\/www.trovanorme.salute.gov.it\/norme\/renderNormsanPdf?anno=2025&amp;codLeg=107011&amp;parte=1%20&amp;serie=null\" rel=\"nofollow noreferrer noopener\" target=\"_blank\">qui<\/a>);\u00a0<br \/>&#8211;\u00a0<b>ricoverati presso strutture di lungodegenza<\/b>,\u00a0<br \/>&#8211; <b>familiari di soggetti ad alto rischio<\/b> di complicanze;<br \/>&#8211; <b>addetti a servizi pubblici di primario interesse collettivo<\/b>, come medici e personale sanitario e socio-assistenziale, forze di polizia e vigili del fuoco,\u00a0donatori di sangue.<br \/>L\u2019<b>elenco non <\/b>\u00e8 <b>esaustivo<\/b> poich\u00e9 i medici, applicando il loro giudizio clinico, possono consigliare ad altri assistiti di vaccinarsi o perch\u00e9 l\u2019influenza rischia di aggravare malattie di base di cui soffrono questi pazienti, o perch\u00e9 potrebbero rischiare gravi malattie derivanti dall\u2019influenza stessa.<\/p>\n<p>    Perch\u00e9 vaccinarsi?<\/p>\n<p class=\"chapter-paragraph\">Perch\u00e9 per determinati<b> gruppi di persone <\/b>\u00e8 importante vaccinarsi? Lo spiega Michele Conversano, presidente del Comitato Tecnico Scientifico di HappyAgeing, Alleanza italiana per l\u2019invecchiamento attivo, nonch\u00e9 direttore del Dipartimento di prevenzione all\u2019Asl di Taranto e docente di Igiene all\u2019Universit\u00e0 di Bari &#8211; sede di Taranto: \u00abL&#8217;influenza <b>non \u00e8 <\/b>una malattia <b>banale per chi \u00e8 pi\u00f9 fragile o pi\u00f9 avanti con l&#8217;et\u00e0<\/b>; per questo, soprattutto per <b>le persone a rischio di malattia grave<\/b> \u00e8 importante vaccinarsi\u00bb.\u00a0<br \/>Si stima che ogni anno nel nostro Paese <b>muoiano in media circa ottomila persone<\/b> <b>a causa dell\u2019influenza e delle sue complicanze<\/b>.\u00a0<\/p>\n<p>    Quando vaccinarsi?<\/p>\n<p class=\"chapter-paragraph\">Il ministero della Salute ha raccomandato di avviare la <b>campagna di vaccinazione antinfluenzale a partire dagli inizi di ottobre<\/b>.\u00a0<br \/>Le Regioni stanno dando disposizioni per la campagna vaccinale in base alle dosi disponibili di vaccini ordinati autonomamente tra i prodotti disponibili in commercio, autorizzati dall&#8217;Agenzia italiana del farmaco (Aifa). Verosimilmente, in ogni Regione, la campagna vaccinale dovrebbe partire a met\u00e0 ottobre (quindi si potranno chiedere informazioni al proprio medico di famiglia).<br \/>Va ricordato che,  <b>perch\u00e9 la protezione vaccinale si attivi<\/b>, occorrono <b>almeno due settimane<\/b>.\u00a0\u00a0<\/p>\n<p>    \u00a011 i vaccini autorizzati dall&#8217;Aifa<\/p>\n<p class=\"chapter-paragraph\">L\u2019<a href=\"https:\/\/www.aifa.gov.it\/-\/influenza-11-i-vaccini-autorizzati-per-la-stagione-2025-2026\" rel=\"nofollow noreferrer noopener\" target=\"_blank\">Agenzia Italiana del Farmaco (Aifa) ha autorizzato 11 vaccini <\/a>per l\u2019immunizzazione contro l\u2019influenza stagionale nella stagione 2025-2026.\u00a0 Come ogni anno, l\u2019autorizzazione riguarda l\u2019aggiornamento dei ceppi virali sulla base delle caratteristiche antigeniche dei ceppi circolanti nell\u2019ultima stagione, secondo le raccomandazioni dell\u2019Organizzazione Mondiale della Sanit\u00e0 (OMS).\u00a0<br \/>Dieci vaccini autorizzati si somministrano per via iniettiva, l&#8217;altro vaccino \u00e8 uno spray nasale indicato per l&#8217;<b>immunizzazione attiva in bambini e adolescenti di et\u00e0 compresa\u00a0tra 2\u00a0anni\u00a0e 18 anni<\/b>.<br \/>L&#8217;Aifa precisa che \u00abnon tutti i vaccini autorizzati sono necessariamente disponibili sul mercato. Le Regioni decidono annualmente, tramite gare per la fornitura, tra i prodotti disponibili in commercio, quelli che verranno utilizzati durante le campagne vaccinali per l\u2019offerta gratuita a carico del Servizio Sanitario Nazionale\u00bb.\u00a0<\/p>\n<p>    L&#8217;anno scorso si \u00e8 vaccinato poco pi\u00f9 di un anziano su due<\/p>\n<p class=\"chapter-paragraph\">Nella stagione influenzale 2024\/2025, secondo i <a href=\"https:\/\/www.salute.gov.it\/new\/it\/tema\/influenza\/dati-coperture-vaccinali-influenza\/\" rel=\"nofollow noopener\" target=\"_blank\">dati del ministero della Salute<\/a>,<b>\u00a0l<\/b>a copertura vaccinale nella popolazione generale \u00e8 lievemente aumentata (<b>19,6<\/b>) rispetto alla stagione precedente (<b>18,9%<\/b>), ma <b>diminuisce ancora nella popolazione anziana<\/b>: si \u00e8 vaccinato, infatti, poco pi\u00f9 di un ultrasessantacinquenne su due (<b>52,5% <\/b>rispetto al 53,3% della stagione 2023-24), a fronte di un <b>obiettivo di copertura \u00abottimale\u00bb del 95% <\/b>e\u00a0\u00ab<b>minimo\u00bb del 75%<\/b> per tutti i gruppi target.<br \/>Come sottolineano gli esperti del ministero, in base a evidenze scientifiche,\u00a0\u00abper <b>ridurre significativamente morbosit\u00e0, complicanze e mortalit\u00e0 per influenza<\/b>, \u00e8 necessario <b>raggiungere coperture vaccinali elevate nei gruppi di popolazione target<\/b>, in particolare negli anziani con pi\u00f9 di 65 anni e nei soggetti ad alto rischio di tutte le et\u00e0\u00bb.\u00a0<\/p>\n<p class=\"chapter-paragraph\">Articolo in aggiornamento&#8230;<\/p>\n<p class=\"is-last-update\" datetime=\"2025-09-16T16:05:45+02:00\">16 settembre 2025<\/p>\n<p class=\"is-copyright\">\n            \u00a9 RIPRODUZIONE RISERVATA\n        <\/p>\n","protected":false},"excerpt":{"rendered":"di Maria Giovanna Faiella Le raccomandazioni nella circolare del ministero della Salute: \u00abPer ridurre morbosit\u00e0, complicanze e mortalit\u00e0&hellip;\n","protected":false},"author":3,"featured_media":112026,"comment_status":"","ping_status":"","sticky":false,"template":"","format":"standard","meta":{"footnotes":""},"categories":[175],"tags":[763,77764,77765,1303,21631,5259,4197,4198,77766,1495,63718,1536,77767,77768,2478,40077,788,2333,21490,39,22095,1045,8936,4218,4930,77769,77770,77771,3707,8505,77772,393,77773,77774,77775,2575,4185,65304,77776,77777,30143,728,5316,14567,77778,3763,22124,77779,77780,5056,2152,1342,1909,2927,77781,4067,77782,239,7944,77757,77677,1537,90,4945,89,370,616,487,1222,851,8656,7495,893,976,3522,4231,374,7904,31482,77758,137,7491,3717,2441,240,12626,77759,77760,77761,577,45501,4213,77762,77756,3976,2187,77763,3378],"class_list":{"0":"post-112025","1":"post","2":"type-post","3":"status-publish","4":"format-standard","5":"has-post-thumbnail","7":"category-salute","8":"tag-agenzia","9":"tag-agenzia-italiana","10":"tag-agenzia-italiana-farmaco","11":"tag-aggiornamento","12":"tag-aggressiva","13":"tag-aifa","14":"tag-alto","15":"tag-alto-rischio","16":"tag-alto-rischio-eta","17":"tag-altre","18":"tag-antinfluenzale","19":"tag-anziani","20":"tag-anziani-soggetti","21":"tag-anziani-soggetti-alto","22":"tag-arriva","23":"tag-autorizzati","24":"tag-bambini","25":"tag-base","26":"tag-bocca","27":"tag-campagna","28":"tag-campagna-vaccinale","29":"tag-casi","30":"tag-cause","31":"tag-ceppi","32":"tag-circolare","33":"tag-circolare-ministeriale","34":"tag-circolare-ministero","35":"tag-circolare-ministero-salute","36":"tag-commercio","37":"tag-complicanze","38":"tag-complicanze-mortalita","39":"tag-comune","40":"tag-comune-raffreddore","41":"tag-consigliato","42":"tag-consigliato-vaccinarsi","43":"tag-controllo","44":"tag-copertura","45":"tag-coperture","46":"tag-coperture-vaccinali","47":"tag-coperture-vaccinali-elevate","48":"tag-croniche","49":"tag-dati","50":"tag-dieci","51":"tag-disponibili","52":"tag-disponibili-commercio","53":"tag-elenco","54":"tag-elevate","55":"tag-elevate-gruppi","56":"tag-elevate-gruppi-popolazione","57":"tag-esperti","58":"tag-eta","59":"tag-evitare","60":"tag-famiglia","61":"tag-farmaco","62":"tag-farmaco-aifa","63":"tag-gruppi","64":"tag-gruppi-popolazione","65":"tag-health","66":"tag-influenza","67":"tag-influenza-malattia","68":"tag-influenzale","69":"tag-it","70":"tag-italia","71":"tag-italiana","72":"tag-italy","73":"tag-malattia","74":"tag-malattie","75":"tag-mani","76":"tag-medici","77":"tag-ministero","78":"tag-ministero-salute","79":"tag-naso","80":"tag-ottobre","81":"tag-popolazione","82":"tag-possono","83":"tag-prevenire","84":"tag-prevenzione","85":"tag-pubblici","86":"tag-raccomandazioni","87":"tag-raffreddore","88":"tag-regioni","89":"tag-respiratorie","90":"tag-ridurre","91":"tag-rischio","92":"tag-salute","93":"tag-soggetti","94":"tag-soggetti-alto","95":"tag-soggetti-alto-rischio","96":"tag-stagionale","97":"tag-stagione","98":"tag-target","99":"tag-vaccinale","100":"tag-vaccinali","101":"tag-vaccinarsi","102":"tag-vaccinazione","103":"tag-vaccini","104":"tag-vaccini-autorizzati","105":"tag-virus"},"share_on_mastodon":{"url":"","error":""},"_links":{"self":[{"href":"https:\/\/www.europesays.com\/it\/wp-json\/wp\/v2\/posts\/112025","targetHints":{"allow":["GET"]}}],"collection":[{"href":"https:\/\/www.europesays.com\/it\/wp-json\/wp\/v2\/posts"}],"about":[{"href":"https:\/\/www.europesays.com\/it\/wp-json\/wp\/v2\/types\/post"}],"author":[{"embeddable":true,"href":"https:\/\/www.europesays.com\/it\/wp-json\/wp\/v2\/users\/3"}],"replies":[{"embeddable":true,"href":"https:\/\/www.europesays.com\/it\/wp-json\/wp\/v2\/comments?post=112025"}],"version-history":[{"count":0,"href":"https:\/\/www.europesays.com\/it\/wp-json\/wp\/v2\/posts\/112025\/revisions"}],"wp:featuredmedia":[{"embeddable":true,"href":"https:\/\/www.europesays.com\/it\/wp-json\/wp\/v2\/media\/112026"}],"wp:attachment":[{"href":"https:\/\/www.europesays.com\/it\/wp-json\/wp\/v2\/media?parent=112025"}],"wp:term":[{"taxonomy":"category","embeddable":true,"href":"https:\/\/www.europesays.com\/it\/wp-json\/wp\/v2\/categories?post=112025"},{"taxonomy":"post_tag","embeddable":true,"href":"https:\/\/www.europesays.com\/it\/wp-json\/wp\/v2\/tags?post=112025"}],"curies":[{"name":"wp","href":"https:\/\/api.w.org\/{rel}","templated":true}]}}