{"id":112311,"date":"2025-09-16T17:25:14","date_gmt":"2025-09-16T17:25:14","guid":{"rendered":"https:\/\/www.europesays.com\/it\/112311\/"},"modified":"2025-09-16T17:25:14","modified_gmt":"2025-09-16T17:25:14","slug":"luiss-green-mobility-carisano-conferma-impegno-sulla-sostenibilita","status":"publish","type":"post","link":"https:\/\/www.europesays.com\/it\/112311\/","title":{"rendered":"Luiss Green Mobility, Carisano &#8220;Conferma impegno sulla sostenibilit\u00e0&#8221;"},"content":{"rendered":"<p> ROMA (ITALPRESS) \u2013 \u201cLuiss dieci anni fa con spirito rivoluzionario aveva gi\u00e0 lanciato questo progetto di mobilit\u00e0 sostenibile. Parte adesso una nuova fase in cui la tecnologia \u00e8 pi\u00f9 avanzata e da continuit\u00e0 nell\u2019impegno di Luiss nei confronti della sostenibilit\u00e0\u201d. Queste le parole di Rita Carisano, DG Luiss, a margine del lancio del nuovo servizio di mobilit\u00e0 elettrica \u2013 Luiss Green Mobility, in collaborazione con Renault, ACEA e A. Quantum. \u201cGi\u00e0 da tempo abbiamo le navette che collegano le nostre sedi. Svolgiamo circa 100 corse al giorno. Abbiamo anche la sostenibilit\u00e0 non solo ambientale ma anche sociale, dando a chi vive nel quartiere appoggio e sicurezza. Gli studenti ci scelgono anche perch\u00e9 sappiamo parlare alle loro sensibilit\u00e0, ai temi della sostenibilit\u00e0 e del digitale, tenendoli vicini al flusso delle innovazioni della nostra societ\u00e0\u201d.<\/p>\n<p>xl5\/tvi\/mca1<\/p>\n<p>\n                \u00a9 Riproduzione riservata\n              <\/p>\n","protected":false},"excerpt":{"rendered":"ROMA (ITALPRESS) \u2013 \u201cLuiss dieci anni fa con spirito rivoluzionario aveva gi\u00e0 lanciato questo progetto di mobilit\u00e0 sostenibile.&hellip;\n","protected":false},"author":3,"featured_media":112312,"comment_status":"","ping_status":"","sticky":false,"template":"","format":"standard","meta":{"footnotes":""},"categories":[1512],"tags":[239,1537,90,89,240,2189,2188,2187],"class_list":{"0":"post-112311","1":"post","2":"type-post","3":"status-publish","4":"format-standard","5":"has-post-thumbnail","7":"category-vaccini","8":"tag-health","9":"tag-it","10":"tag-italia","11":"tag-italy","12":"tag-salute","13":"tag-vaccine","14":"tag-vaccines","15":"tag-vaccini"},"share_on_mastodon":{"url":"","error":""},"_links":{"self":[{"href":"https:\/\/www.europesays.com\/it\/wp-json\/wp\/v2\/posts\/112311","targetHints":{"allow":["GET"]}}],"collection":[{"href":"https:\/\/www.europesays.com\/it\/wp-json\/wp\/v2\/posts"}],"about":[{"href":"https:\/\/www.europesays.com\/it\/wp-json\/wp\/v2\/types\/post"}],"author":[{"embeddable":true,"href":"https:\/\/www.europesays.com\/it\/wp-json\/wp\/v2\/users\/3"}],"replies":[{"embeddable":true,"href":"https:\/\/www.europesays.com\/it\/wp-json\/wp\/v2\/comments?post=112311"}],"version-history":[{"count":0,"href":"https:\/\/www.europesays.com\/it\/wp-json\/wp\/v2\/posts\/112311\/revisions"}],"wp:featuredmedia":[{"embeddable":true,"href":"https:\/\/www.europesays.com\/it\/wp-json\/wp\/v2\/media\/112312"}],"wp:attachment":[{"href":"https:\/\/www.europesays.com\/it\/wp-json\/wp\/v2\/media?parent=112311"}],"wp:term":[{"taxonomy":"category","embeddable":true,"href":"https:\/\/www.europesays.com\/it\/wp-json\/wp\/v2\/categories?post=112311"},{"taxonomy":"post_tag","embeddable":true,"href":"https:\/\/www.europesays.com\/it\/wp-json\/wp\/v2\/tags?post=112311"}],"curies":[{"name":"wp","href":"https:\/\/api.w.org\/{rel}","templated":true}]}}